{"id":58766,"date":"2007-01-06T00:00:00","date_gmt":"2007-01-06T00:00:00","guid":{"rendered":"https:\/\/www.deberes.net\/tesis\/sin-categoria\/la-agilizacion-del-proceso-penal-y-las-garanta%c2%adas-de-defensa-del-imputado-en-la-instruccion-de-los-juicios-rapidos\/"},"modified":"2007-01-06T00:00:00","modified_gmt":"2007-01-06T00:00:00","slug":"la-agilizacion-del-proceso-penal-y-las-garanta%c2%adas-de-defensa-del-imputado-en-la-instruccion-de-los-juicios-rapidos","status":"publish","type":"post","link":"https:\/\/www.deberes.net\/tesis\/ciencias-juridicas-y-derecho\/la-agilizacion-del-proceso-penal-y-las-garanta%c2%adas-de-defensa-del-imputado-en-la-instruccion-de-los-juicios-rapidos\/","title":{"rendered":"La agilizaci\u00f3n del proceso penal y las garant\u00edas de defensa del imputado en la instrucci\u00f3n de los juicios r\u00e1pidos"},"content":{"rendered":"<h2>Tesis doctoral de <strong>  Melero Bosch Lourdes Veronica <\/strong><\/h2>\n<p>La tesis doctoral tiene como objeto central de estudio el problema de la lentitud de la justicia y la necesidad social de alcanzar un proceo penal m\u00e1s eficaz, entendiendo por eficacia la rapidez en la resoluci\u00f3n de los conflictos penales, que necesariamente debe ir unida a la exigencia de un proceso con todas las garant\u00edas. La necesidad de abordar este tema se pone de manifiesto con la creaci\u00f3n del procedimiento para el enjuiciamiento r\u00e1pido de determinados delitos. La tesis se centra en conocer en profundidad este nuevo intento de agilizar la justicia penal espa\u00f1ola y en si ese af\u00e1n agilizador supone un desconocimiento del derecho de defensa del imputado en la fase de investigaci\u00f3n del hecho delictivo.<\/p>\n<p>&nbsp;<\/p>\n<h3>Datos acad\u00e9micos de la tesis doctoral \u00ab<strong>La agilizaci\u00f3n del proceso penal y las garant\u00edas de defensa del imputado en la instrucci\u00f3n de los juicios r\u00e1pidos<\/strong>\u00ab<\/h3>\n<ul>\n<li><strong>T\u00edtulo de la tesis:<\/strong>\u00a0 La agilizaci\u00f3n del proceso penal y las garant\u00edas de defensa del imputado en la instrucci\u00f3n de los juicios r\u00e1pidos <\/li>\n<li><strong>Autor:<\/strong>\u00a0  Melero Bosch Lourdes Veronica <\/li>\n<li><strong>Universidad:<\/strong>\u00a0 La laguna<\/li>\n<li><strong>Fecha de lectura de la tesis:<\/strong>\u00a0 01\/06\/2007<\/li>\n<\/ul>\n<p>&nbsp;<\/p>\n<h3>Direcci\u00f3n y tribunal<\/h3>\n<ul>\n<li><strong>Director de la tesis<\/strong>\n<ul>\n<li>Benito Reveron Palenzuela<\/li>\n<\/ul>\n<\/li>\n<li><strong>Tribunal<\/strong>\n<ul>\n<li>Presidente del tribunal: manuel Moron palomino <\/li>\n<li>Jos\u00e9 Garberi  llobregat (vocal)<\/li>\n<li>vicente Gimeno sendra (vocal)<\/li>\n<li>pablo Morenilla allard (vocal)<\/li>\n<\/ul>\n<\/li>\n<\/ul>\n<p>&nbsp;<\/p>\n","protected":false},"excerpt":{"rendered":"<p>Tesis doctoral de Melero Bosch Lourdes Veronica La tesis doctoral tiene como objeto central de estudio el problema de la [&hellip;]<\/p>\n","protected":false},"author":1,"featured_media":0,"comment_status":"open","ping_status":"open","sticky":false,"template":"","format":"standard","meta":{"site-sidebar-layout":"default","site-content-layout":"","ast-site-content-layout":"","site-content-style":"default","site-sidebar-style":"default","ast-global-header-display":"","ast-banner-title-visibility":"","ast-main-header-display":"","ast-hfb-above-header-display":"","ast-hfb-below-header-display":"","ast-hfb-mobile-header-display":"","site-post-title":"","ast-breadcrumbs-content":"","ast-featured-img":"","footer-sml-layout":"","theme-transparent-header-meta":"","adv-header-id-meta":"","stick-header-meta":"","header-above-stick-meta":"","header-main-stick-meta":"","header-below-stick-meta":"","astra-migrate-meta-layouts":"default","ast-page-background-enabled":"default","ast-page-background-meta":{"desktop":{"background-color":"var(--ast-global-color-4)","background-image":"","background-repeat":"repeat","background-position":"center center","background-size":"auto","background-attachment":"scroll","background-type":"","background-media":"","overlay-type":"","overlay-color":"","overlay-gradient":""},"tablet":{"background-color":"","background-image":"","background-repeat":"repeat","background-position":"center center","background-size":"auto","background-attachment":"scroll","background-type":"","background-media":"","overlay-type":"","overlay-color":"","overlay-gradient":""},"mobile":{"background-color":"","background-image":"","background-repeat":"repeat","background-position":"center center","background-size":"auto","background-attachment":"scroll","background-type":"","background-media":"","overlay-type":"","overlay-color":"","overlay-gradient":""}},"ast-content-background-meta":{"desktop":{"background-color":"var(--ast-global-color-5)","background-image":"","background-repeat":"repeat","background-position":"center center","background-size":"auto","background-attachment":"scroll","background-type":"","background-media":"","overlay-type":"","overlay-color":"","overlay-gradient":""},"tablet":{"background-color":"var(--ast-global-color-5)","background-image":"","background-repeat":"repeat","background-position":"center center","background-size":"auto","background-attachment":"scroll","background-type":"","background-media":"","overlay-type":"","overlay-color":"","overlay-gradient":""},"mobile":{"background-color":"var(--ast-global-color-5)","background-image":"","background-repeat":"repeat","background-position":"center center","background-size":"auto","background-attachment":"scroll","background-type":"","background-media":"","overlay-type":"","overlay-color":"","overlay-gradient":""}},"footnotes":""},"categories":[612,3620,9915,3621],"tags":[26178,22476,13552,129863,48513,9702],"class_list":["post-58766","post","type-post","status-publish","format-standard","hentry","category-ciencias-juridicas-y-derecho","category-derecho-procesal","category-la-laguna","category-organizacion-juridica","tag-benito-reveron-palenzuela","tag-jose-garberi-llobregat","tag-manuel-moron-palomino","tag-melero-bosch-lourdes-veronica","tag-pablo-morenilla-allard","tag-vicente-gimeno-sendra"],"_links":{"self":[{"href":"https:\/\/www.deberes.net\/tesis\/wp-json\/wp\/v2\/posts\/58766","targetHints":{"allow":["GET"]}}],"collection":[{"href":"https:\/\/www.deberes.net\/tesis\/wp-json\/wp\/v2\/posts"}],"about":[{"href":"https:\/\/www.deberes.net\/tesis\/wp-json\/wp\/v2\/types\/post"}],"author":[{"embeddable":true,"href":"https:\/\/www.deberes.net\/tesis\/wp-json\/wp\/v2\/users\/1"}],"replies":[{"embeddable":true,"href":"https:\/\/www.deberes.net\/tesis\/wp-json\/wp\/v2\/comments?post=58766"}],"version-history":[{"count":0,"href":"https:\/\/www.deberes.net\/tesis\/wp-json\/wp\/v2\/posts\/58766\/revisions"}],"wp:attachment":[{"href":"https:\/\/www.deberes.net\/tesis\/wp-json\/wp\/v2\/media?parent=58766"}],"wp:term":[{"taxonomy":"category","embeddable":true,"href":"https:\/\/www.deberes.net\/tesis\/wp-json\/wp\/v2\/categories?post=58766"},{"taxonomy":"post_tag","embeddable":true,"href":"https:\/\/www.deberes.net\/tesis\/wp-json\/wp\/v2\/tags?post=58766"}],"curies":[{"name":"wp","href":"https:\/\/api.w.org\/{rel}","templated":true}]}}