{"id":58782,"date":"2007-01-06T00:00:00","date_gmt":"2007-01-06T00:00:00","guid":{"rendered":"https:\/\/www.deberes.net\/tesis\/sin-categoria\/valoracion-del-dano-psicologico-con-el-16pf-y-el-caq\/"},"modified":"2007-01-06T00:00:00","modified_gmt":"2007-01-06T00:00:00","slug":"valoracion-del-dano-psicologico-con-el-16pf-y-el-caq","status":"publish","type":"post","link":"https:\/\/www.deberes.net\/tesis\/medicina-forense\/valoracion-del-dano-psicologico-con-el-16pf-y-el-caq\/","title":{"rendered":"Valoraci\u00f3n del da\u00f1o psicologico con el 16pf y el caq"},"content":{"rendered":"<h2>Tesis doctoral de <strong> Jaime Gomez Gilabert <\/strong><\/h2>\n<p>La evaluaci\u00f3n del da\u00f1o psicol\u00f3gico en los diferentes baremos utilizados en la valoraci\u00f3n del da\u00f1o con fines indemnizatorios presenta severas limitaciones debido al car\u00e1cter subjetivo de las manifestaciones y la facilidad de manipulaci\u00f3n. La necesidad de disponer de herramientas que corrigan las limitaciones existentes es el principal objetivo de la presente tesis se han utilizado los cuestionarios caq de krug (1980) y el 16 pf de catell, se analizaron 134 varones y 144 mujeres, el paquete estad\u00edstico utilizado fue el ssps. 13, tras los correspondientes an\u00e1lisis factoriales hemos construido nuevos factores que permiten una cuantificaron del da\u00f1o adaptado a los par\u00e1metros existentes en el baremo actual para los accidentes de tr\u00e1fico, pensamos que resulta necesario el introducir herramientas como la que se ha dise\u00f1ado para la valoraci\u00f3n del da\u00f1o psicol\u00f3gico, que aunque se encuentra englobado en los diferentes diagn\u00f3sticos psiqui\u00e1tricos recogidos en los baremos requiere una categorizaci\u00f3n m\u00e1s adecuada que permita responder con la exactitud requerida y evitar los sesgos que una entrevista cl\u00ednica tradicional puede introducir.<\/p>\n<p>&nbsp;<\/p>\n<h3>Datos acad\u00e9micos de la tesis doctoral \u00ab<strong>Valoraci\u00f3n del da\u00f1o psicologico con el 16pf y el caq<\/strong>\u00ab<\/h3>\n<ul>\n<li><strong>T\u00edtulo de la tesis:<\/strong>\u00a0 Valoraci\u00f3n del da\u00f1o psicologico con el 16pf y el caq <\/li>\n<li><strong>Autor:<\/strong>\u00a0 Jaime Gomez Gilabert <\/li>\n<li><strong>Universidad:<\/strong>\u00a0 Murcia<\/li>\n<li><strong>Fecha de lectura de la tesis:<\/strong>\u00a0 01\/06\/2007<\/li>\n<\/ul>\n<p>&nbsp;<\/p>\n<h3>Direcci\u00f3n y tribunal<\/h3>\n<ul>\n<li><strong>Director de la tesis<\/strong>\n<ul>\n<li>Aurelio Luna Maldonado<\/li>\n<\/ul>\n<\/li>\n<li><strong>Tribunal<\/strong>\n<ul>\n<li>Presidente del tribunal: Rafael Hinojal Fonseca <\/li>\n<li>Marina Gisbert Grifo (vocal)<\/li>\n<li>Encarnacion Fernandez Ros (vocal)<\/li>\n<li>Maximiliano Gomez Zapata (vocal)<\/li>\n<\/ul>\n<\/li>\n<\/ul>\n<p>&nbsp;<\/p>\n","protected":false},"excerpt":{"rendered":"<p>Tesis doctoral de Jaime Gomez Gilabert La evaluaci\u00f3n del da\u00f1o psicol\u00f3gico en los diferentes baremos utilizados en la valoraci\u00f3n del [&hellip;]<\/p>\n","protected":false},"author":1,"featured_media":0,"comment_status":"open","ping_status":"open","sticky":false,"template":"","format":"standard","meta":{"site-sidebar-layout":"default","site-content-layout":"","ast-site-content-layout":"","site-content-style":"default","site-sidebar-style":"default","ast-global-header-display":"","ast-banner-title-visibility":"","ast-main-header-display":"","ast-hfb-above-header-display":"","ast-hfb-below-header-display":"","ast-hfb-mobile-header-display":"","site-post-title":"","ast-breadcrumbs-content":"","ast-featured-img":"","footer-sml-layout":"","theme-transparent-header-meta":"","adv-header-id-meta":"","stick-header-meta":"","header-above-stick-meta":"","header-main-stick-meta":"","header-below-stick-meta":"","astra-migrate-meta-layouts":"default","ast-page-background-enabled":"default","ast-page-background-meta":{"desktop":{"background-color":"var(--ast-global-color-4)","background-image":"","background-repeat":"repeat","background-position":"center center","background-size":"auto","background-attachment":"scroll","background-type":"","background-media":"","overlay-type":"","overlay-color":"","overlay-gradient":""},"tablet":{"background-color":"","background-image":"","background-repeat":"repeat","background-position":"center center","background-size":"auto","background-attachment":"scroll","background-type":"","background-media":"","overlay-type":"","overlay-color":"","overlay-gradient":""},"mobile":{"background-color":"","background-image":"","background-repeat":"repeat","background-position":"center center","background-size":"auto","background-attachment":"scroll","background-type":"","background-media":"","overlay-type":"","overlay-color":"","overlay-gradient":""}},"ast-content-background-meta":{"desktop":{"background-color":"var(--ast-global-color-5)","background-image":"","background-repeat":"repeat","background-position":"center center","background-size":"auto","background-attachment":"scroll","background-type":"","background-media":"","overlay-type":"","overlay-color":"","overlay-gradient":""},"tablet":{"background-color":"var(--ast-global-color-5)","background-image":"","background-repeat":"repeat","background-position":"center center","background-size":"auto","background-attachment":"scroll","background-type":"","background-media":"","overlay-type":"","overlay-color":"","overlay-gradient":""},"mobile":{"background-color":"var(--ast-global-color-5)","background-image":"","background-repeat":"repeat","background-position":"center center","background-size":"auto","background-attachment":"scroll","background-type":"","background-media":"","overlay-type":"","overlay-color":"","overlay-gradient":""}},"footnotes":""},"categories":[968,8235,1408],"tags":[3274,129904,129903,11389,50621,8470],"class_list":["post-58782","post","type-post","status-publish","format-standard","hentry","category-medicina-forense","category-murcia","category-psiquiatria","tag-aurelio-luna-maldonado","tag-encarnacion-fernandez-ros","tag-jaime-gomez-gilabert","tag-marina-gisbert-grifo","tag-maximiliano-gomez-zapata","tag-rafael-hinojal-fonseca"],"_links":{"self":[{"href":"https:\/\/www.deberes.net\/tesis\/wp-json\/wp\/v2\/posts\/58782","targetHints":{"allow":["GET"]}}],"collection":[{"href":"https:\/\/www.deberes.net\/tesis\/wp-json\/wp\/v2\/posts"}],"about":[{"href":"https:\/\/www.deberes.net\/tesis\/wp-json\/wp\/v2\/types\/post"}],"author":[{"embeddable":true,"href":"https:\/\/www.deberes.net\/tesis\/wp-json\/wp\/v2\/users\/1"}],"replies":[{"embeddable":true,"href":"https:\/\/www.deberes.net\/tesis\/wp-json\/wp\/v2\/comments?post=58782"}],"version-history":[{"count":0,"href":"https:\/\/www.deberes.net\/tesis\/wp-json\/wp\/v2\/posts\/58782\/revisions"}],"wp:attachment":[{"href":"https:\/\/www.deberes.net\/tesis\/wp-json\/wp\/v2\/media?parent=58782"}],"wp:term":[{"taxonomy":"category","embeddable":true,"href":"https:\/\/www.deberes.net\/tesis\/wp-json\/wp\/v2\/categories?post=58782"},{"taxonomy":"post_tag","embeddable":true,"href":"https:\/\/www.deberes.net\/tesis\/wp-json\/wp\/v2\/tags?post=58782"}],"curies":[{"name":"wp","href":"https:\/\/api.w.org\/{rel}","templated":true}]}}