{"id":58861,"date":"2007-07-06T00:00:00","date_gmt":"2007-07-06T00:00:00","guid":{"rendered":"https:\/\/www.deberes.net\/tesis\/sin-categoria\/modelo-del-consumo-energetico-en-la-comunidad-de-castilla-la-mancha-y-su-implicacion-en-la-contaminacion-de-gases-de-efecto-invernadero-en-el-horizonte-del-ano-2020\/"},"modified":"2007-07-06T00:00:00","modified_gmt":"2007-07-06T00:00:00","slug":"modelo-del-consumo-energetico-en-la-comunidad-de-castilla-la-mancha-y-su-implicacion-en-la-contaminacion-de-gases-de-efecto-invernadero-en-el-horizonte-del-ano-2020","status":"publish","type":"post","link":"https:\/\/www.deberes.net\/tesis\/fuentes-no-convencionales-de-energia\/modelo-del-consumo-energetico-en-la-comunidad-de-castilla-la-mancha-y-su-implicacion-en-la-contaminacion-de-gases-de-efecto-invernadero-en-el-horizonte-del-ano-2020\/","title":{"rendered":"Modelo del consumo energ\u00e9tico en la comunidad de castilla la mancha y su implicaci\u00f3n en la contaminaci\u00f3n de gases de efecto invernadero en el horizonte del a\u00f1o 2020"},"content":{"rendered":"<h2>Tesis doctoral de <strong> Antonio  Enrique Molina Navarro <\/strong><\/h2>\n<p>Se llama cambio clim\u00e1tico a la variaci\u00f3n global del clima de la tierra. Se debe a causas naturales y tambi\u00e9n a la acci\u00f3n del hombre y se producen a muy diversas escalas de tiempo y sobre todos los par\u00e1metros clim\u00e1ticos: temperatura, precipitaciones, nubosidad, etc. El t\u00e9rmino \u00abefecto invernadero\u00bb se refiere a la retenci\u00f3n del calor del sol en la atm\u00f3sfera de la tierra por parte de una capa de gases situada en ella.  Entre estos gases se encuentran el di\u00f3xido de carbono, el \u00f3xido nitroso y el metano, que son liberados por la industria, la agricultura y la combusti\u00f3n de combustibles f\u00f3siles.  La actividad humana, especialmente en los pa\u00edses industrializados, ha conseguido que la concentraci\u00f3n de estos gases haya aumentado un 30% desde el siglo pasado, cuando, sin su intervenci\u00f3n, la naturaleza se encargaba de equilibrar las emisiones. en la actualidad existe un consenso cient\u00edfico, casi generalizado, en torno a la idea de que nuestro modo de producci\u00f3n y consumo energ\u00e9tico est\u00e1 generando una alteraci\u00f3n clim\u00e1tica global, que provocar\u00e1, a su vez, serios impactos tanto sobre la tierra como sobre los sistemas socioecon\u00f3micos. en espa\u00f1a, el proyecto ecce, concluye con varias previsiones sobre los efectos del cambio clim\u00e1tico en nuestro pa\u00eds. por otra parte la modelizaci\u00f3n es uno de los instrumentos a nuestro alcance que proporciona la integraci\u00f3n, en el mayor grado posible, de los conocimientos sobre el sistema clim\u00e1tico y que tiene como objetivo la obtenci\u00f3n de simulaciones de los comportamientos del clima cuando el sistema, en su conjunto o en alguna de sus partes, se ve sometido a variaciones de los forzamientos que lo condicionan. El uso de modelos clim\u00e1ticos, unido al estudio de procesos f\u00edsicos, permite establecer una teor\u00eda del clima y del cambio clim\u00e1tico. Ambos son la herramienta esencial para predecir c\u00f3mo puede ser el clima del futuro seg\u00fan las distintas hip\u00f3tesis de emisi\u00f3n de gases de efecto invernadero (gei), y para j<\/p>\n<p>&nbsp;<\/p>\n<h3>Datos acad\u00e9micos de la tesis doctoral \u00ab<strong>Modelo del consumo energ\u00e9tico en la comunidad de castilla la mancha y su implicaci\u00f3n en la contaminaci\u00f3n de gases de efecto invernadero en el horizonte del a\u00f1o 2020<\/strong>\u00ab<\/h3>\n<ul>\n<li><strong>T\u00edtulo de la tesis:<\/strong>\u00a0 Modelo del consumo energ\u00e9tico en la comunidad de castilla la mancha y su implicaci\u00f3n en la contaminaci\u00f3n de gases de efecto invernadero en el horizonte del a\u00f1o 2020 <\/li>\n<li><strong>Autor:<\/strong>\u00a0 Antonio  Enrique Molina Navarro <\/li>\n<li><strong>Universidad:<\/strong>\u00a0 Rioja<\/li>\n<li><strong>Fecha de lectura de la tesis:<\/strong>\u00a0 07\/06\/2007<\/li>\n<\/ul>\n<p>&nbsp;<\/p>\n<h3>Direcci\u00f3n y tribunal<\/h3>\n<ul>\n<li><strong>Director de la tesis<\/strong>\n<ul>\n<li> L\u00f3pez Gonz\u00e1lez Luis Mar\u00eda<\/li>\n<\/ul>\n<\/li>\n<li><strong>Tribunal<\/strong>\n<ul>\n<li>Presidente del tribunal: joaqu\u00edn Ordieres mer\u00e9 <\/li>\n<li>joaqu\u00edn Zueco jord\u00e1n (vocal)<\/li>\n<li>Jos\u00e9 Luis Miguez tabares (vocal)<\/li>\n<li> Grafulla valdivielso Mar\u00eda del carmen (vocal)<\/li>\n<\/ul>\n<\/li>\n<\/ul>\n<p>&nbsp;<\/p>\n","protected":false},"excerpt":{"rendered":"<p>Tesis doctoral de Antonio Enrique Molina Navarro Se llama cambio clim\u00e1tico a la variaci\u00f3n global del clima de la tierra. [&hellip;]<\/p>\n","protected":false},"author":1,"featured_media":0,"comment_status":"open","ping_status":"open","sticky":false,"template":"","format":"standard","meta":{"site-sidebar-layout":"default","site-content-layout":"","ast-site-content-layout":"","site-content-style":"default","site-sidebar-style":"default","ast-global-header-display":"","ast-banner-title-visibility":"","ast-main-header-display":"","ast-hfb-above-header-display":"","ast-hfb-below-header-display":"","ast-hfb-mobile-header-display":"","site-post-title":"","ast-breadcrumbs-content":"","ast-featured-img":"","footer-sml-layout":"","theme-transparent-header-meta":"","adv-header-id-meta":"","stick-header-meta":"","header-above-stick-meta":"","header-main-stick-meta":"","header-below-stick-meta":"","astra-migrate-meta-layouts":"default","ast-page-background-enabled":"default","ast-page-background-meta":{"desktop":{"background-color":"var(--ast-global-color-4)","background-image":"","background-repeat":"repeat","background-position":"center center","background-size":"auto","background-attachment":"scroll","background-type":"","background-media":"","overlay-type":"","overlay-color":"","overlay-gradient":""},"tablet":{"background-color":"","background-image":"","background-repeat":"repeat","background-position":"center center","background-size":"auto","background-attachment":"scroll","background-type":"","background-media":"","overlay-type":"","overlay-color":"","overlay-gradient":""},"mobile":{"background-color":"","background-image":"","background-repeat":"repeat","background-position":"center center","background-size":"auto","background-attachment":"scroll","background-type":"","background-media":"","overlay-type":"","overlay-color":"","overlay-gradient":""}},"ast-content-background-meta":{"desktop":{"background-color":"var(--ast-global-color-5)","background-image":"","background-repeat":"repeat","background-position":"center center","background-size":"auto","background-attachment":"scroll","background-type":"","background-media":"","overlay-type":"","overlay-color":"","overlay-gradient":""},"tablet":{"background-color":"var(--ast-global-color-5)","background-image":"","background-repeat":"repeat","background-position":"center center","background-size":"auto","background-attachment":"scroll","background-type":"","background-media":"","overlay-type":"","overlay-color":"","overlay-gradient":""},"mobile":{"background-color":"var(--ast-global-color-5)","background-image":"","background-repeat":"repeat","background-position":"center center","background-size":"auto","background-attachment":"scroll","background-type":"","background-media":"","overlay-type":"","overlay-color":"","overlay-gradient":""}},"footnotes":""},"categories":[16122,39473,2205,18890,15533],"tags":[130078,130079,37522,67371,58542,46383],"class_list":["post-58861","post","type-post","status-publish","format-standard","hentry","category-energia-solar","category-fisica-de-la-energia","category-fuentes-no-convencionales-de-energia","category-rioja","category-sector-de-la-energia","tag-antonio-enrique-molina-navarro","tag-grafulla-valdivielso-maria-del-carmen","tag-joaquin-ordieres-mere","tag-joaquin-zueco-jordan","tag-jose-luis-miguez-tabares","tag-lopez-gonzalez-luis-maria"],"_links":{"self":[{"href":"https:\/\/www.deberes.net\/tesis\/wp-json\/wp\/v2\/posts\/58861","targetHints":{"allow":["GET"]}}],"collection":[{"href":"https:\/\/www.deberes.net\/tesis\/wp-json\/wp\/v2\/posts"}],"about":[{"href":"https:\/\/www.deberes.net\/tesis\/wp-json\/wp\/v2\/types\/post"}],"author":[{"embeddable":true,"href":"https:\/\/www.deberes.net\/tesis\/wp-json\/wp\/v2\/users\/1"}],"replies":[{"embeddable":true,"href":"https:\/\/www.deberes.net\/tesis\/wp-json\/wp\/v2\/comments?post=58861"}],"version-history":[{"count":0,"href":"https:\/\/www.deberes.net\/tesis\/wp-json\/wp\/v2\/posts\/58861\/revisions"}],"wp:attachment":[{"href":"https:\/\/www.deberes.net\/tesis\/wp-json\/wp\/v2\/media?parent=58861"}],"wp:term":[{"taxonomy":"category","embeddable":true,"href":"https:\/\/www.deberes.net\/tesis\/wp-json\/wp\/v2\/categories?post=58861"},{"taxonomy":"post_tag","embeddable":true,"href":"https:\/\/www.deberes.net\/tesis\/wp-json\/wp\/v2\/tags?post=58861"}],"curies":[{"name":"wp","href":"https:\/\/api.w.org\/{rel}","templated":true}]}}