{"id":58871,"date":"2007-07-06T00:00:00","date_gmt":"2007-07-06T00:00:00","guid":{"rendered":"https:\/\/www.deberes.net\/tesis\/sin-categoria\/la-carga-de-la-prueba-en-el-proceso-laboral-sobre-derechos-fundamentales\/"},"modified":"2007-07-06T00:00:00","modified_gmt":"2007-07-06T00:00:00","slug":"la-carga-de-la-prueba-en-el-proceso-laboral-sobre-derechos-fundamentales","status":"publish","type":"post","link":"https:\/\/www.deberes.net\/tesis\/sin-categoria\/la-carga-de-la-prueba-en-el-proceso-laboral-sobre-derechos-fundamentales\/","title":{"rendered":"La carga de la prueba en el proceso laboral sobre derechos fundamentales"},"content":{"rendered":"<h2>Tesis doctoral de <strong> Carlos Roberto Barbosa <\/strong><\/h2>\n<p>Con el trabajo de tesis se pretender\u00e1 dar  algunas explicaciones sobre la tutela judicial de los derechos fundamentales, sin consideraciones de mayor profundidad, una vez que el tema elegido  versa sobre derecho procesal. Y, en sucinto resumen, se buscar\u00e1 con la tesis establecer los fundamentos jur\u00eddicos del sistema de prueba, las diversas consideraciones sobre la carga de la prueba, con especial dedicaci\u00f3n al pro\u00c2\u00acceso laboral; y se\u00f1alar las relaciones que se encuentran entre valoraci\u00f3n, m\u00f3dulo de prueba y control juris\u00c2\u00acdiccional, para, en seguida, trazar las l\u00edneas maestras sobre la carga probatoria sobre derechos fundamenta\u00c2\u00acles, con especial menci\u00f3n a las directivas del derecho comunitario.  el tema de este trabajo aw centrar\u00e1 esencialmente en definir, progresivamente, las corrientes doc\u00c2\u00actrinarias sobre la carga de la prueba, con particular referencia a la carga probatoria din\u00e1mica, con lineamen-tos da la doctrina, bien as\u00ed a la verosimilitud preponderante en el derecho alem\u00e1n y la doctrina de \u00abres ipsa loquitur\u00bb y la doctrina \u00abanscheinbeweis\u00bb, tambi\u00e9n del derecho alem\u00e1n, para llegarmos a las modulaciones de la carga de la prueba en procesoso sobre derechos fundamentales, y en el transcurso de ese trabajo intentar se\u00f1a\u00c2\u00aclar los puntos de relevancia que esto encierra para nuestro futuro sistema de justicia social. luego, para el desarrollo de esta labor se trabajar\u00e1 sobre (en ella recae la prueba) o con una hi\u00c2\u00acp\u00f3tesis^ de verdad hist\u00f3rica, y aqu\u00ed nos encontramos con la seguida indagaci\u00f3n: \u00c2\u00bf cual es la finalidad de la redis\u00c2\u00actribuci\u00f3n de la carga de la prueba? esta decisi\u00f3n, tanto debida ao  legislador, como a la jurisprudencia, suele producirse normalmente en tres supuestos cuando es mas f\u00e1cil para una parte que para otra la obtenci\u00f3n y la aportaci\u00f3n de una determina\u00c2\u00acda fuente de prueba, cuando una parte esta mas pr\u00f3xima que otra a la fuente de prueba y en contadas ocasiones cuan do se constata que existe una desigualdad material en la relaci\u00f3n jur\u00eddica que subyace ocasiones cuando se constata que existe una desigualdad material en la relaci\u00f3n jur\u00eddica que subyace.<\/p>\n<p>&nbsp;<\/p>\n<h3>Datos acad\u00e9micos de la tesis doctoral \u00ab<strong>La carga de la prueba en el proceso laboral sobre derechos fundamentales<\/strong>\u00ab<\/h3>\n<ul>\n<li><strong>T\u00edtulo de la tesis:<\/strong>\u00a0 La carga de la prueba en el proceso laboral sobre derechos fundamentales <\/li>\n<li><strong>Autor:<\/strong>\u00a0 Carlos Roberto Barbosa <\/li>\n<li><strong>Universidad:<\/strong>\u00a0 Complutense de Madrid<\/li>\n<li><strong>Fecha de lectura de la tesis:<\/strong>\u00a0 07\/06\/2007<\/li>\n<\/ul>\n<p>&nbsp;<\/p>\n<h3>Direcci\u00f3n y tribunal<\/h3>\n<ul>\n<li><strong>Director de la tesis<\/strong>\n<ul>\n<li>Alfredo Montoya Melgar<\/li>\n<\/ul>\n<\/li>\n<li><strong>Tribunal<\/strong>\n<ul>\n<li>Presidente del tribunal: Francisco P\u00e9rez de los cobos orihuel <\/li>\n<li>ic\u00edar Alzaga ruiz (vocal)<\/li>\n<li>rodrigo Martin jimenez (vocal)<\/li>\n<li>carolina San mart\u00edn   mazzuconni (vocal)<\/li>\n<\/ul>\n<\/li>\n<\/ul>\n<p>&nbsp;<\/p>\n","protected":false},"excerpt":{"rendered":"<p>Tesis doctoral de Carlos Roberto Barbosa Con el trabajo de tesis se pretender\u00e1 dar algunas explicaciones sobre la tutela judicial [&hellip;]<\/p>\n","protected":false},"author":1,"featured_media":0,"comment_status":"open","ping_status":"open","sticky":false,"template":"","format":"standard","meta":{"site-sidebar-layout":"default","site-content-layout":"","ast-site-content-layout":"","site-content-style":"default","site-sidebar-style":"default","ast-global-header-display":"","ast-banner-title-visibility":"","ast-main-header-display":"","ast-hfb-above-header-display":"","ast-hfb-below-header-display":"","ast-hfb-mobile-header-display":"","site-post-title":"","ast-breadcrumbs-content":"","ast-featured-img":"","footer-sml-layout":"","theme-transparent-header-meta":"","adv-header-id-meta":"","stick-header-meta":"","header-above-stick-meta":"","header-main-stick-meta":"","header-below-stick-meta":"","astra-migrate-meta-layouts":"default","ast-page-background-enabled":"default","ast-page-background-meta":{"desktop":{"background-color":"var(--ast-global-color-4)","background-image":"","background-repeat":"repeat","background-position":"center center","background-size":"auto","background-attachment":"scroll","background-type":"","background-media":"","overlay-type":"","overlay-color":"","overlay-gradient":""},"tablet":{"background-color":"","background-image":"","background-repeat":"repeat","background-position":"center center","background-size":"auto","background-attachment":"scroll","background-type":"","background-media":"","overlay-type":"","overlay-color":"","overlay-gradient":""},"mobile":{"background-color":"","background-image":"","background-repeat":"repeat","background-position":"center center","background-size":"auto","background-attachment":"scroll","background-type":"","background-media":"","overlay-type":"","overlay-color":"","overlay-gradient":""}},"ast-content-background-meta":{"desktop":{"background-color":"var(--ast-global-color-5)","background-image":"","background-repeat":"repeat","background-position":"center center","background-size":"auto","background-attachment":"scroll","background-type":"","background-media":"","overlay-type":"","overlay-color":"","overlay-gradient":""},"tablet":{"background-color":"var(--ast-global-color-5)","background-image":"","background-repeat":"repeat","background-position":"center center","background-size":"auto","background-attachment":"scroll","background-type":"","background-media":"","overlay-type":"","overlay-color":"","overlay-gradient":""},"mobile":{"background-color":"var(--ast-global-color-5)","background-image":"","background-repeat":"repeat","background-position":"center center","background-size":"auto","background-attachment":"scroll","background-type":"","background-media":"","overlay-type":"","overlay-color":"","overlay-gradient":""}},"footnotes":""},"categories":[1],"tags":[5169,130101,130103,36384,130102,125622],"class_list":["post-58871","post","type-post","status-publish","format-standard","hentry","category-sin-categoria","tag-alfredo-montoya-melgar","tag-carlos-roberto-barbosa","tag-carolina-san-martin-mazzuconni","tag-francisco-perez-de-los-cobos-orihuel","tag-iciar-alzaga-ruiz","tag-rodrigo-martin-jimenez"],"_links":{"self":[{"href":"https:\/\/www.deberes.net\/tesis\/wp-json\/wp\/v2\/posts\/58871","targetHints":{"allow":["GET"]}}],"collection":[{"href":"https:\/\/www.deberes.net\/tesis\/wp-json\/wp\/v2\/posts"}],"about":[{"href":"https:\/\/www.deberes.net\/tesis\/wp-json\/wp\/v2\/types\/post"}],"author":[{"embeddable":true,"href":"https:\/\/www.deberes.net\/tesis\/wp-json\/wp\/v2\/users\/1"}],"replies":[{"embeddable":true,"href":"https:\/\/www.deberes.net\/tesis\/wp-json\/wp\/v2\/comments?post=58871"}],"version-history":[{"count":0,"href":"https:\/\/www.deberes.net\/tesis\/wp-json\/wp\/v2\/posts\/58871\/revisions"}],"wp:attachment":[{"href":"https:\/\/www.deberes.net\/tesis\/wp-json\/wp\/v2\/media?parent=58871"}],"wp:term":[{"taxonomy":"category","embeddable":true,"href":"https:\/\/www.deberes.net\/tesis\/wp-json\/wp\/v2\/categories?post=58871"},{"taxonomy":"post_tag","embeddable":true,"href":"https:\/\/www.deberes.net\/tesis\/wp-json\/wp\/v2\/tags?post=58871"}],"curies":[{"name":"wp","href":"https:\/\/api.w.org\/{rel}","templated":true}]}}