{"id":58875,"date":"2007-08-06T00:00:00","date_gmt":"2007-08-06T00:00:00","guid":{"rendered":"https:\/\/www.deberes.net\/tesis\/sin-categoria\/sa%c2%adntesi-i-reactivitat-de-derivats-del-triciclo3-3-0-0-37-octa\/"},"modified":"2007-08-06T00:00:00","modified_gmt":"2007-08-06T00:00:00","slug":"sa%c2%adntesi-i-reactivitat-de-derivats-del-triciclo3-3-0-0-37-octa","status":"publish","type":"post","link":"https:\/\/www.deberes.net\/tesis\/quimica-organica\/sa%c2%adntesi-i-reactivitat-de-derivats-del-triciclo3-3-0-0-37-octa\/","title":{"rendered":"S\u00edntesi i reactivitat de derivats del triciclo[3.3.0.0 3,7] oct\u00e1"},"content":{"rendered":"<h2>Tesis doctoral de <strong> Carles Ayats Rius <\/strong><\/h2>\n<p>Los compuestos polic\u00edclicos de elevada simetr\u00eda, a parte de su gran atractivo est\u00e9tico e inter\u00e9s estructural, son sustratos v\u00e1lidos para estudios mecan\u00edsticos o bien como intermedios en la s\u00edntesis de mol\u00e9culas org\u00e1nicas m\u00e1s complejas.     desde hace m\u00e1s de veinte a\u00f1os el grupo de investigaci\u00f3n del prof. Pelayo camps trabaja en el s\u00edntesis y en la reactividad de compuestos polic\u00edclicos. concretamente, en la presente tesis doctoral se ha llevado a cabo la obtenci\u00f3n de derivados bisnoradamant\u00e1nicos polisustituidos en las posiciones cabeza de puente, ensayando la formaci\u00f3n y estudiando la reactividad de intermedios altamente inestables conteniendo el esqueleto de bisnoradamantano.     paralelamente, se ha sintetizado una peque\u00f1a colecci\u00f3n de derivados bisnoradamant\u00e1nicos enantiopuros di- y tetrasustituidos en las posiciones cabeza de puente utilizando un auxiliar quiral desarrollado en nuestro grupo de investigaci\u00f3n. Estos compuestos son los primeros ejemplos descritos de bisnoradamantanos quierales enantiopuros que tiene su quiralidad en la diferente sustituci\u00f3n en las posiciones cabezas de puente.<\/p>\n<p>&nbsp;<\/p>\n<h3>Datos acad\u00e9micos de la tesis doctoral \u00ab<strong>S\u00edntesi i reactivitat de derivats del triciclo[3.3.0.0 3,7] oct\u00e1<\/strong>\u00ab<\/h3>\n<ul>\n<li><strong>T\u00edtulo de la tesis:<\/strong>\u00a0 S\u00edntesi i reactivitat de derivats del triciclo[3.3.0.0 3,7] oct\u00e1 <\/li>\n<li><strong>Autor:<\/strong>\u00a0 Carles Ayats Rius <\/li>\n<li><strong>Universidad:<\/strong>\u00a0 Barcelona<\/li>\n<li><strong>Fecha de lectura de la tesis:<\/strong>\u00a0 08\/06\/2007<\/li>\n<\/ul>\n<p>&nbsp;<\/p>\n<h3>Direcci\u00f3n y tribunal<\/h3>\n<ul>\n<li><strong>Director de la tesis<\/strong>\n<ul>\n<li>Pelayo Camps Garc\u00eda<\/li>\n<\/ul>\n<\/li>\n<li><strong>Tribunal<\/strong>\n<ul>\n<li>Presidente del tribunal: Juan Bosch cartes <\/li>\n<li>antoni Costa torres (vocal)<\/li>\n<li>Miguel \u00e1ngel Peric\u00ed\u00a0s brondo (vocal)<\/li>\n<li>ramon Canela garayoa (vocal)<\/li>\n<\/ul>\n<\/li>\n<\/ul>\n<p>&nbsp;<\/p>\n","protected":false},"excerpt":{"rendered":"<p>Tesis doctoral de Carles Ayats Rius Los compuestos polic\u00edclicos de elevada simetr\u00eda, a parte de su gran atractivo est\u00e9tico e [&hellip;]<\/p>\n","protected":false},"author":1,"featured_media":0,"comment_status":"open","ping_status":"open","sticky":false,"template":"","format":"standard","meta":{"site-sidebar-layout":"default","site-content-layout":"","ast-site-content-layout":"","site-content-style":"default","site-sidebar-style":"default","ast-global-header-display":"","ast-banner-title-visibility":"","ast-main-header-display":"","ast-hfb-above-header-display":"","ast-hfb-below-header-display":"","ast-hfb-mobile-header-display":"","site-post-title":"","ast-breadcrumbs-content":"","ast-featured-img":"","footer-sml-layout":"","theme-transparent-header-meta":"","adv-header-id-meta":"","stick-header-meta":"","header-above-stick-meta":"","header-main-stick-meta":"","header-below-stick-meta":"","astra-migrate-meta-layouts":"default","ast-page-background-enabled":"default","ast-page-background-meta":{"desktop":{"background-color":"var(--ast-global-color-4)","background-image":"","background-repeat":"repeat","background-position":"center center","background-size":"auto","background-attachment":"scroll","background-type":"","background-media":"","overlay-type":"","overlay-color":"","overlay-gradient":""},"tablet":{"background-color":"","background-image":"","background-repeat":"repeat","background-position":"center center","background-size":"auto","background-attachment":"scroll","background-type":"","background-media":"","overlay-type":"","overlay-color":"","overlay-gradient":""},"mobile":{"background-color":"","background-image":"","background-repeat":"repeat","background-position":"center center","background-size":"auto","background-attachment":"scroll","background-type":"","background-media":"","overlay-type":"","overlay-color":"","overlay-gradient":""}},"ast-content-background-meta":{"desktop":{"background-color":"var(--ast-global-color-5)","background-image":"","background-repeat":"repeat","background-position":"center center","background-size":"auto","background-attachment":"scroll","background-type":"","background-media":"","overlay-type":"","overlay-color":"","overlay-gradient":""},"tablet":{"background-color":"var(--ast-global-color-5)","background-image":"","background-repeat":"repeat","background-position":"center center","background-size":"auto","background-attachment":"scroll","background-type":"","background-media":"","overlay-type":"","overlay-color":"","overlay-gradient":""},"mobile":{"background-color":"var(--ast-global-color-5)","background-image":"","background-repeat":"repeat","background-position":"center center","background-size":"auto","background-attachment":"scroll","background-type":"","background-media":"","overlay-type":"","overlay-color":"","overlay-gradient":""}},"footnotes":""},"categories":[951,416],"tags":[96622,130108,29304,19695,3286,56738],"class_list":["post-58875","post","type-post","status-publish","format-standard","hentry","category-barcelona","category-quimica-organica","tag-antoni-costa-torres","tag-carles-ayats-rius","tag-juan-bosch-cartes","tag-miguel-angel-perici-s-brondo","tag-pelayo-camps-garcia","tag-ramon-canela-garayoa"],"_links":{"self":[{"href":"https:\/\/www.deberes.net\/tesis\/wp-json\/wp\/v2\/posts\/58875","targetHints":{"allow":["GET"]}}],"collection":[{"href":"https:\/\/www.deberes.net\/tesis\/wp-json\/wp\/v2\/posts"}],"about":[{"href":"https:\/\/www.deberes.net\/tesis\/wp-json\/wp\/v2\/types\/post"}],"author":[{"embeddable":true,"href":"https:\/\/www.deberes.net\/tesis\/wp-json\/wp\/v2\/users\/1"}],"replies":[{"embeddable":true,"href":"https:\/\/www.deberes.net\/tesis\/wp-json\/wp\/v2\/comments?post=58875"}],"version-history":[{"count":0,"href":"https:\/\/www.deberes.net\/tesis\/wp-json\/wp\/v2\/posts\/58875\/revisions"}],"wp:attachment":[{"href":"https:\/\/www.deberes.net\/tesis\/wp-json\/wp\/v2\/media?parent=58875"}],"wp:term":[{"taxonomy":"category","embeddable":true,"href":"https:\/\/www.deberes.net\/tesis\/wp-json\/wp\/v2\/categories?post=58875"},{"taxonomy":"post_tag","embeddable":true,"href":"https:\/\/www.deberes.net\/tesis\/wp-json\/wp\/v2\/tags?post=58875"}],"curies":[{"name":"wp","href":"https:\/\/api.w.org\/{rel}","templated":true}]}}