{"id":58885,"date":"2007-08-06T00:00:00","date_gmt":"2007-08-06T00:00:00","guid":{"rendered":"https:\/\/www.deberes.net\/tesis\/sin-categoria\/el-concepte-de-globalitzacio-i-el-canvi-institucional-de-la-comunicacio-publica\/"},"modified":"2007-08-06T00:00:00","modified_gmt":"2007-08-06T00:00:00","slug":"el-concepte-de-globalitzacio-i-el-canvi-institucional-de-la-comunicacio-publica","status":"publish","type":"post","link":"https:\/\/www.deberes.net\/tesis\/sociologia\/el-concepte-de-globalitzacio-i-el-canvi-institucional-de-la-comunicacio-publica\/","title":{"rendered":"El concepte de globalitzaci\u00f3 i el canvi institucional de la comunicaci\u00f3 p\u00fablica"},"content":{"rendered":"<h2>Tesis doctoral de <strong> Xos\u00e9 Manuel Outeiri\u00f1o Gallego <\/strong><\/h2>\n<p>El concepte de globalitzaci\u00f3, central a les aportacions dels estudis socials dels anys noranta, va ser tamb\u00e9 un concepte operatiu, \u00e9s a dir, vegue per\u00ed\u00b2 efectiu a lhora de canviar els reglaments i legislacions de la comunicaci\u00f3 p\u00fablica<\/p>\n<p>&nbsp;<\/p>\n<h3>Datos acad\u00e9micos de la tesis doctoral \u00ab<strong>El concepte de globalitzaci\u00f3 i el canvi institucional de la comunicaci\u00f3 p\u00fablica<\/strong>\u00ab<\/h3>\n<ul>\n<li><strong>T\u00edtulo de la tesis:<\/strong>\u00a0 El concepte de globalitzaci\u00f3 i el canvi institucional de la comunicaci\u00f3 p\u00fablica <\/li>\n<li><strong>Autor:<\/strong>\u00a0 Xos\u00e9 Manuel Outeiri\u00f1o Gallego <\/li>\n<li><strong>Universidad:<\/strong>\u00a0 Aut\u00f3noma de barcelona<\/li>\n<li><strong>Fecha de lectura de la tesis:<\/strong>\u00a0 08\/06\/2007<\/li>\n<\/ul>\n<p>&nbsp;<\/p>\n<h3>Direcci\u00f3n y tribunal<\/h3>\n<ul>\n<li><strong>Director de la tesis<\/strong>\n<ul>\n<li> Balanz\u00f3 I Guerendiain F\u00e9lix<\/li>\n<\/ul>\n<\/li>\n<li><strong>Tribunal<\/strong>\n<ul>\n<li>Presidente del tribunal: emili Prado pico <\/li>\n<li> Beiras torrado xos\u00e9 Manuel (vocal)<\/li>\n<li>margarita Ledo andi\u00f3n (vocal)<\/li>\n<li> Tom?s i calvo robert (vocal)<\/li>\n<\/ul>\n<\/li>\n<\/ul>\n<p>&nbsp;<\/p>\n","protected":false},"excerpt":{"rendered":"<p>Tesis doctoral de Xos\u00e9 Manuel Outeiri\u00f1o Gallego El concepte de globalitzaci\u00f3, central a les aportacions dels estudis socials dels anys [&hellip;]<\/p>\n","protected":false},"author":1,"featured_media":0,"comment_status":"open","ping_status":"open","sticky":false,"template":"","format":"standard","meta":{"site-sidebar-layout":"default","site-content-layout":"","ast-site-content-layout":"","site-content-style":"default","site-sidebar-style":"default","ast-global-header-display":"","ast-banner-title-visibility":"","ast-main-header-display":"","ast-hfb-above-header-display":"","ast-hfb-below-header-display":"","ast-hfb-mobile-header-display":"","site-post-title":"","ast-breadcrumbs-content":"","ast-featured-img":"","footer-sml-layout":"","theme-transparent-header-meta":"","adv-header-id-meta":"","stick-header-meta":"","header-above-stick-meta":"","header-main-stick-meta":"","header-below-stick-meta":"","astra-migrate-meta-layouts":"default","ast-page-background-enabled":"default","ast-page-background-meta":{"desktop":{"background-color":"var(--ast-global-color-4)","background-image":"","background-repeat":"repeat","background-position":"center center","background-size":"auto","background-attachment":"scroll","background-type":"","background-media":"","overlay-type":"","overlay-color":"","overlay-gradient":""},"tablet":{"background-color":"","background-image":"","background-repeat":"repeat","background-position":"center center","background-size":"auto","background-attachment":"scroll","background-type":"","background-media":"","overlay-type":"","overlay-color":"","overlay-gradient":""},"mobile":{"background-color":"","background-image":"","background-repeat":"repeat","background-position":"center center","background-size":"auto","background-attachment":"scroll","background-type":"","background-media":"","overlay-type":"","overlay-color":"","overlay-gradient":""}},"ast-content-background-meta":{"desktop":{"background-color":"var(--ast-global-color-5)","background-image":"","background-repeat":"repeat","background-position":"center center","background-size":"auto","background-attachment":"scroll","background-type":"","background-media":"","overlay-type":"","overlay-color":"","overlay-gradient":""},"tablet":{"background-color":"var(--ast-global-color-5)","background-image":"","background-repeat":"repeat","background-position":"center center","background-size":"auto","background-attachment":"scroll","background-type":"","background-media":"","overlay-type":"","overlay-color":"","overlay-gradient":""},"mobile":{"background-color":"var(--ast-global-color-5)","background-image":"","background-repeat":"repeat","background-position":"center center","background-size":"auto","background-attachment":"scroll","background-type":"","background-media":"","overlay-type":"","overlay-color":"","overlay-gradient":""}},"footnotes":""},"categories":[269],"tags":[130131,21392,11213,2910,130132,130130],"class_list":["post-58885","post","type-post","status-publish","format-standard","hentry","category-sociologia","tag-balanzo-i-guerendiain-falix","tag-beiras-torrado-xose-manuel","tag-emili-prado-pico","tag-margarita-ledo-andion","tag-toms-i-calvo-robert","tag-xose-manuel-outeirino-gallego"],"_links":{"self":[{"href":"https:\/\/www.deberes.net\/tesis\/wp-json\/wp\/v2\/posts\/58885","targetHints":{"allow":["GET"]}}],"collection":[{"href":"https:\/\/www.deberes.net\/tesis\/wp-json\/wp\/v2\/posts"}],"about":[{"href":"https:\/\/www.deberes.net\/tesis\/wp-json\/wp\/v2\/types\/post"}],"author":[{"embeddable":true,"href":"https:\/\/www.deberes.net\/tesis\/wp-json\/wp\/v2\/users\/1"}],"replies":[{"embeddable":true,"href":"https:\/\/www.deberes.net\/tesis\/wp-json\/wp\/v2\/comments?post=58885"}],"version-history":[{"count":0,"href":"https:\/\/www.deberes.net\/tesis\/wp-json\/wp\/v2\/posts\/58885\/revisions"}],"wp:attachment":[{"href":"https:\/\/www.deberes.net\/tesis\/wp-json\/wp\/v2\/media?parent=58885"}],"wp:term":[{"taxonomy":"category","embeddable":true,"href":"https:\/\/www.deberes.net\/tesis\/wp-json\/wp\/v2\/categories?post=58885"},{"taxonomy":"post_tag","embeddable":true,"href":"https:\/\/www.deberes.net\/tesis\/wp-json\/wp\/v2\/tags?post=58885"}],"curies":[{"name":"wp","href":"https:\/\/api.w.org\/{rel}","templated":true}]}}