{"id":58908,"date":"2007-08-06T00:00:00","date_gmt":"2007-08-06T00:00:00","guid":{"rendered":"https:\/\/www.deberes.net\/tesis\/sin-categoria\/aplicaciones-de-metodos-en-luniniscencia-molecular-en-combinacion-con-metodologa%c2%adas-dinamicas\/"},"modified":"2007-08-06T00:00:00","modified_gmt":"2007-08-06T00:00:00","slug":"aplicaciones-de-metodos-en-luniniscencia-molecular-en-combinacion-con-metodologa%c2%adas-dinamicas","status":"publish","type":"post","link":"https:\/\/www.deberes.net\/tesis\/extremadura\/aplicaciones-de-metodos-en-luniniscencia-molecular-en-combinacion-con-metodologa%c2%adas-dinamicas\/","title":{"rendered":"Aplicaciones de m\u00e9todos en luniniscencia molecular en combinaci\u00f3n con metodolog\u00edas din\u00e1micas."},"content":{"rendered":"<h2>Tesis doctoral de <strong> Ana Mar\u00eda Jim\u00e9nez Gir\u00f3n <\/strong><\/h2>\n<p>A lo largo de esta tesis se han desarrollado una serie de m\u00e9todos de determinaci\u00f3n anal\u00edtica de diversos compuestos. La t\u00e9cnica de trabajo utilizada en todos los m\u00e9todos anal\u00edticos es la liminiscencia molecular (fluorescencia y quimioluminiscencia) en combinaci\u00f3n con metodolog\u00edas din\u00e1micas. Los m\u00e9todos se han aplicado a muestras acuosas, f\u00e1rmacos y muestras biol\u00f3gicas (suero y orina).  se han utilizado distintas estrategias instrumentales (an\u00e1lisis de flujo, fluorescencia fotinducida) y quimiom\u00e9tricas (m\u00e9todos de calibraci\u00f3n multivariante) para el establecimiento de los m\u00e9todos de an\u00e1lisis. Entre estos \u00faltimos podemos citar m\u00e9todos de primer orden (pls), segundo orden (parafac, swatld, blls\/rbl, u-pls\/rbl, n-pls\/rbl) y tercer orden (parafac, tlls\/rel, v-pls\/rtl, n-pls\/rtl).<\/p>\n<p>&nbsp;<\/p>\n<h3>Datos acad\u00e9micos de la tesis doctoral \u00ab<strong>Aplicaciones de m\u00e9todos en luniniscencia molecular en combinaci\u00f3n con metodolog\u00edas din\u00e1micas.<\/strong>\u00ab<\/h3>\n<ul>\n<li><strong>T\u00edtulo de la tesis:<\/strong>\u00a0 Aplicaciones de m\u00e9todos en luniniscencia molecular en combinaci\u00f3n con metodolog\u00edas din\u00e1micas. <\/li>\n<li><strong>Autor:<\/strong>\u00a0 Ana Mar\u00eda Jim\u00e9nez Gir\u00f3n <\/li>\n<li><strong>Universidad:<\/strong>\u00a0 Extremadura<\/li>\n<li><strong>Fecha de lectura de la tesis:<\/strong>\u00a0 08\/06\/2007<\/li>\n<\/ul>\n<p>&nbsp;<\/p>\n<h3>Direcci\u00f3n y tribunal<\/h3>\n<ul>\n<li><strong>Director de la tesis<\/strong>\n<ul>\n<li>Arsenio Mu\u00f1oz De La Pe\u00f1a Castrillo<\/li>\n<\/ul>\n<\/li>\n<li><strong>Tribunal<\/strong>\n<ul>\n<li>Presidente del tribunal: alberto Fern\u00e1ndez guti\u00e9rrez <\/li>\n<li>Jos\u00e9 Juan Santana rodriguez (vocal)<\/li>\n<li>teresa Galeano d\u00edaz (vocal)<\/li>\n<li>anunciaci\u00f3n Espinosa mansilla (vocal)<\/li>\n<\/ul>\n<\/li>\n<\/ul>\n<p>&nbsp;<\/p>\n","protected":false},"excerpt":{"rendered":"<p>Tesis doctoral de Ana Mar\u00eda Jim\u00e9nez Gir\u00f3n A lo largo de esta tesis se han desarrollado una serie de m\u00e9todos [&hellip;]<\/p>\n","protected":false},"author":1,"featured_media":0,"comment_status":"open","ping_status":"open","sticky":false,"template":"","format":"standard","meta":{"site-sidebar-layout":"default","site-content-layout":"","ast-site-content-layout":"","site-content-style":"default","site-sidebar-style":"default","ast-global-header-display":"","ast-banner-title-visibility":"","ast-main-header-display":"","ast-hfb-above-header-display":"","ast-hfb-below-header-display":"","ast-hfb-mobile-header-display":"","site-post-title":"","ast-breadcrumbs-content":"","ast-featured-img":"","footer-sml-layout":"","theme-transparent-header-meta":"","adv-header-id-meta":"","stick-header-meta":"","header-above-stick-meta":"","header-main-stick-meta":"","header-below-stick-meta":"","astra-migrate-meta-layouts":"default","ast-page-background-enabled":"default","ast-page-background-meta":{"desktop":{"background-color":"var(--ast-global-color-4)","background-image":"","background-repeat":"repeat","background-position":"center center","background-size":"auto","background-attachment":"scroll","background-type":"","background-media":"","overlay-type":"","overlay-color":"","overlay-gradient":""},"tablet":{"background-color":"","background-image":"","background-repeat":"repeat","background-position":"center center","background-size":"auto","background-attachment":"scroll","background-type":"","background-media":"","overlay-type":"","overlay-color":"","overlay-gradient":""},"mobile":{"background-color":"","background-image":"","background-repeat":"repeat","background-position":"center center","background-size":"auto","background-attachment":"scroll","background-type":"","background-media":"","overlay-type":"","overlay-color":"","overlay-gradient":""}},"ast-content-background-meta":{"desktop":{"background-color":"var(--ast-global-color-5)","background-image":"","background-repeat":"repeat","background-position":"center center","background-size":"auto","background-attachment":"scroll","background-type":"","background-media":"","overlay-type":"","overlay-color":"","overlay-gradient":""},"tablet":{"background-color":"var(--ast-global-color-5)","background-image":"","background-repeat":"repeat","background-position":"center center","background-size":"auto","background-attachment":"scroll","background-type":"","background-media":"","overlay-type":"","overlay-color":"","overlay-gradient":""},"mobile":{"background-color":"var(--ast-global-color-5)","background-image":"","background-repeat":"repeat","background-position":"center center","background-size":"auto","background-attachment":"scroll","background-type":"","background-media":"","overlay-type":"","overlay-color":"","overlay-gradient":""}},"footnotes":""},"categories":[949,49404,30031],"tags":[2196,130184,50287,4099,7888,68891],"class_list":["post-58908","post","type-post","status-publish","format-standard","hentry","category-extremadura","category-luminiscencia-atmosferica","category-luminiscencia-en-solidos","tag-alberto-fernandez-gutierrez","tag-ana-maria-jimenez-giron","tag-anunciacion-espinosa-mansilla","tag-arsenio-munoz-de-la-pena-castrillo","tag-jose-juan-santana-rodriguez","tag-teresa-galeano-diaz"],"_links":{"self":[{"href":"https:\/\/www.deberes.net\/tesis\/wp-json\/wp\/v2\/posts\/58908","targetHints":{"allow":["GET"]}}],"collection":[{"href":"https:\/\/www.deberes.net\/tesis\/wp-json\/wp\/v2\/posts"}],"about":[{"href":"https:\/\/www.deberes.net\/tesis\/wp-json\/wp\/v2\/types\/post"}],"author":[{"embeddable":true,"href":"https:\/\/www.deberes.net\/tesis\/wp-json\/wp\/v2\/users\/1"}],"replies":[{"embeddable":true,"href":"https:\/\/www.deberes.net\/tesis\/wp-json\/wp\/v2\/comments?post=58908"}],"version-history":[{"count":0,"href":"https:\/\/www.deberes.net\/tesis\/wp-json\/wp\/v2\/posts\/58908\/revisions"}],"wp:attachment":[{"href":"https:\/\/www.deberes.net\/tesis\/wp-json\/wp\/v2\/media?parent=58908"}],"wp:term":[{"taxonomy":"category","embeddable":true,"href":"https:\/\/www.deberes.net\/tesis\/wp-json\/wp\/v2\/categories?post=58908"},{"taxonomy":"post_tag","embeddable":true,"href":"https:\/\/www.deberes.net\/tesis\/wp-json\/wp\/v2\/tags?post=58908"}],"curies":[{"name":"wp","href":"https:\/\/api.w.org\/{rel}","templated":true}]}}