{"id":58921,"date":"2007-09-06T00:00:00","date_gmt":"2007-09-06T00:00:00","guid":{"rendered":"https:\/\/www.deberes.net\/tesis\/sin-categoria\/sociogenesis-de-la-didactica-de-las-ciencias-sociales-tradicion-discursiva-y-campo-profesional-1900-1970\/"},"modified":"2007-09-06T00:00:00","modified_gmt":"2007-09-06T00:00:00","slug":"sociogenesis-de-la-didactica-de-las-ciencias-sociales-tradicion-discursiva-y-campo-profesional-1900-1970","status":"publish","type":"post","link":"https:\/\/www.deberes.net\/tesis\/historia-de-la-educacion\/sociogenesis-de-la-didactica-de-las-ciencias-sociales-tradicion-discursiva-y-campo-profesional-1900-1970\/","title":{"rendered":"Sociog\u00e9nesis de la did\u00e1ctica de las ciencias sociales. tradici\u00f3n discursiva y campo profesional (1900-1970)."},"content":{"rendered":"<h2>Tesis doctoral de <strong> Juan Mainer Baqu\u00e9 <\/strong><\/h2>\n<p>Objeto esta investigaci\u00f3n aborda la historia de una disciplina y la de su profesionalizaci\u00f3n. En suma, la genealog\u00eda de un saber-poder. Por una parte analiza la invenci\u00f3n, gestaci\u00f3n, desarrollo y progresiva institucionalizaci\u00f3n de una tradici\u00f3n discursiva, que deviene en disciplina: la did\u00e1ctica o metodolog\u00eda de la geograf\u00eda e historia; por otra, el proceso constitutivo de un campo profesional y de una profesi\u00f3n: la del didacta de las ciencias sociales. El marco cronol\u00f3gico escogido abarca desde los or\u00edgenes del siglo xx, momento en que, aprovechando el clima social y pol\u00edtico del regeneracionismo, se produce el despliegue de las ciencias de la educaci\u00f3n, hasta 1970, fecha de la promulgaci\u00f3n de la ley general de educaci\u00f3n que supone el pleno desarrollo de la escolarizaci\u00f3n de masas en espa\u00f1a. As\u00ed pues, el periodo acotado se corresponde con lo que hemos dado en llamar larga transici\u00f3n entre los modos de educaci\u00f3n tradicional-elitista y tecnocr\u00e1tico de masas. Una periodizaci\u00f3n compleja que permite explicar la tard\u00eda y dificultosa constituci\u00f3n de este saber-poder. Se distinguen dos grandes fases en el objeto estudiado: + etapa embriol\u00f3gica o preformativa del campo profesional de la did\u00e1ctica de las ciencias sociales (1900-1939), que, entre 1931 y 1939, experimenta un primer intento, malogrado, de institucionalizaci\u00f3n. + etapa preconstitutiva del campo profesional (1939-1970). m\u00e9todo y fuentes se ha realizado un recorrido sistem\u00e1tico a trav\u00e9s de los textos (visibles y performativos), contextos, cuerpos docentes y personalidades relacionadas con el campo profesional que se somete a estudio. Entre estos \u00faltimos se estudia en profundidad a los miembros de la inspecci\u00f3n de primera ense\u00f1anza, los profesores de escuelas normales, los maestros primarios directores de grupos escolares graduados y algunos catedr\u00e1ticos de geograf\u00eda e historia de institutos y universidad. Asimismo se ha prestado especial atenci\u00f3n al estudio de las agencia<\/p>\n<p>&nbsp;<\/p>\n<h3>Datos acad\u00e9micos de la tesis doctoral \u00ab<strong>Sociog\u00e9nesis de la did\u00e1ctica de las ciencias sociales. tradici\u00f3n discursiva y campo profesional (1900-1970).<\/strong>\u00ab<\/h3>\n<ul>\n<li><strong>T\u00edtulo de la tesis:<\/strong>\u00a0 Sociog\u00e9nesis de la did\u00e1ctica de las ciencias sociales. tradici\u00f3n discursiva y campo profesional (1900-1970). <\/li>\n<li><strong>Autor:<\/strong>\u00a0 Juan Mainer Baqu\u00e9 <\/li>\n<li><strong>Universidad:<\/strong>\u00a0 Zaragoza<\/li>\n<li><strong>Fecha de lectura de la tesis:<\/strong>\u00a0 09\/06\/2007<\/li>\n<\/ul>\n<p>&nbsp;<\/p>\n<h3>Direcci\u00f3n y tribunal<\/h3>\n<ul>\n<li><strong>Director de la tesis<\/strong>\n<ul>\n<li>Raimundo Cuesta Fern\u00e1ndez<\/li>\n<\/ul>\n<\/li>\n<li><strong>Tribunal<\/strong>\n<ul>\n<li>Presidente del tribunal: Carlos Forcadell alvarez <\/li>\n<li>agust\u00edn Escolano benito (vocal)<\/li>\n<li>Miguel Pereyra-Garc\u00eda castro (vocal)<\/li>\n<li>Alberto Luis gomez (vocal)<\/li>\n<\/ul>\n<\/li>\n<\/ul>\n<p>&nbsp;<\/p>\n","protected":false},"excerpt":{"rendered":"<p>Tesis doctoral de Juan Mainer Baqu\u00e9 Objeto esta investigaci\u00f3n aborda la historia de una disciplina y la de su profesionalizaci\u00f3n. [&hellip;]<\/p>\n","protected":false},"author":1,"featured_media":0,"comment_status":"open","ping_status":"open","sticky":false,"template":"","format":"standard","meta":{"site-sidebar-layout":"default","site-content-layout":"","ast-site-content-layout":"","site-content-style":"default","site-sidebar-style":"default","ast-global-header-display":"","ast-banner-title-visibility":"","ast-main-header-display":"","ast-hfb-above-header-display":"","ast-hfb-below-header-display":"","ast-hfb-mobile-header-display":"","site-post-title":"","ast-breadcrumbs-content":"","ast-featured-img":"","footer-sml-layout":"","theme-transparent-header-meta":"","adv-header-id-meta":"","stick-header-meta":"","header-above-stick-meta":"","header-main-stick-meta":"","header-below-stick-meta":"","astra-migrate-meta-layouts":"default","ast-page-background-enabled":"default","ast-page-background-meta":{"desktop":{"background-color":"var(--ast-global-color-4)","background-image":"","background-repeat":"repeat","background-position":"center center","background-size":"auto","background-attachment":"scroll","background-type":"","background-media":"","overlay-type":"","overlay-color":"","overlay-gradient":""},"tablet":{"background-color":"","background-image":"","background-repeat":"repeat","background-position":"center center","background-size":"auto","background-attachment":"scroll","background-type":"","background-media":"","overlay-type":"","overlay-color":"","overlay-gradient":""},"mobile":{"background-color":"","background-image":"","background-repeat":"repeat","background-position":"center center","background-size":"auto","background-attachment":"scroll","background-type":"","background-media":"","overlay-type":"","overlay-color":"","overlay-gradient":""}},"ast-content-background-meta":{"desktop":{"background-color":"var(--ast-global-color-5)","background-image":"","background-repeat":"repeat","background-position":"center center","background-size":"auto","background-attachment":"scroll","background-type":"","background-media":"","overlay-type":"","overlay-color":"","overlay-gradient":""},"tablet":{"background-color":"var(--ast-global-color-5)","background-image":"","background-repeat":"repeat","background-position":"center center","background-size":"auto","background-attachment":"scroll","background-type":"","background-media":"","overlay-type":"","overlay-color":"","overlay-gradient":""},"mobile":{"background-color":"var(--ast-global-color-5)","background-image":"","background-repeat":"repeat","background-position":"center center","background-size":"auto","background-attachment":"scroll","background-type":"","background-media":"","overlay-type":"","overlay-color":"","overlay-gradient":""}},"footnotes":""},"categories":[1816,311,15327,2845,13610],"tags":[8656,76461,7515,130208,11149,130209],"class_list":["post-58921","post","type-post","status-publish","format-standard","hentry","category-historia-contemporanea","category-historia-de-la-educacion","category-historia-de-la-geografia","category-planificacion-y-financiacion-de-la-educacion","category-zaragoza","tag-agustin-escolano-benito","tag-alberto-luis-gomez","tag-carlos-forcadell-alvarez","tag-juan-mainer-baque","tag-miguel-pereyra-garcia-castro","tag-raimundo-cuesta-fernandez"],"_links":{"self":[{"href":"https:\/\/www.deberes.net\/tesis\/wp-json\/wp\/v2\/posts\/58921","targetHints":{"allow":["GET"]}}],"collection":[{"href":"https:\/\/www.deberes.net\/tesis\/wp-json\/wp\/v2\/posts"}],"about":[{"href":"https:\/\/www.deberes.net\/tesis\/wp-json\/wp\/v2\/types\/post"}],"author":[{"embeddable":true,"href":"https:\/\/www.deberes.net\/tesis\/wp-json\/wp\/v2\/users\/1"}],"replies":[{"embeddable":true,"href":"https:\/\/www.deberes.net\/tesis\/wp-json\/wp\/v2\/comments?post=58921"}],"version-history":[{"count":0,"href":"https:\/\/www.deberes.net\/tesis\/wp-json\/wp\/v2\/posts\/58921\/revisions"}],"wp:attachment":[{"href":"https:\/\/www.deberes.net\/tesis\/wp-json\/wp\/v2\/media?parent=58921"}],"wp:term":[{"taxonomy":"category","embeddable":true,"href":"https:\/\/www.deberes.net\/tesis\/wp-json\/wp\/v2\/categories?post=58921"},{"taxonomy":"post_tag","embeddable":true,"href":"https:\/\/www.deberes.net\/tesis\/wp-json\/wp\/v2\/tags?post=58921"}],"curies":[{"name":"wp","href":"https:\/\/api.w.org\/{rel}","templated":true}]}}