{"id":58924,"date":"2007-11-06T00:00:00","date_gmt":"2007-11-06T00:00:00","guid":{"rendered":"https:\/\/www.deberes.net\/tesis\/sin-categoria\/vida-y-obra-de-carmen-conde-1907-1996\/"},"modified":"2007-11-06T00:00:00","modified_gmt":"2007-11-06T00:00:00","slug":"vida-y-obra-de-carmen-conde-1907-1996","status":"publish","type":"post","link":"https:\/\/www.deberes.net\/tesis\/lengua-y-literatura\/vida-y-obra-de-carmen-conde-1907-1996\/","title":{"rendered":"Vida y obra de carmen conde (1907-1996)"},"content":{"rendered":"<h2>Tesis doctoral de <strong> Jos\u00e9 Luis Vicente Ferris <\/strong><\/h2>\n<p>Se trata del primer trabajo espec\u00edfico sobre la vida y la obra de la escritora cartagena carmen conde abell\u00e1n, ya que no exist\u00eda hasta la fecha un estudio completo que asumiera de modo ordenado, cronol\u00f3gico, su producci\u00f3n literaria y por supuesto, ninguna biograf\u00eda que pudiera servir de soporte a esa evoluci\u00f3n creativa que comenz\u00f3 en 1924, con sus primeras colaboraciones en la prensa local de cartagena, y que alcanzo su culminaci\u00f3n a mediados de los a\u00f1os 80. Hablamos de una exhaustiva investigaci\u00f3n biogr\u00e1fica que, paralelamente a la floraci\u00f3n de las obras de todo g\u00e9nero que carmen conde cultiv\u00f3, plantea documenta y desarrolla la absoluta implicaci\u00f3n e influencia que una ejerci\u00f3 sobre otra (vida y obra) para trazar una gu\u00eda completa y detallada de la trayectoria literaria y vital de una escritora que exig\u00eda ya una atenci\u00f3n pormenorizada y un s\u00f3lido reconocimiento. Si a ello a\u00f1adimos el hecho de que carmen conde fue pionera en la l\u00edrica femenina contempor\u00e1nea, que sus aportaciones (sin apenas precedentes) influyeron de modo decisivo en toda la literatura posterior escrita por mujeres y que fue, asimismo, la primera mujer que entr\u00f3 en la real academia espa\u00f1ola de la lengua, estaremos de acuerdo en la necesidad de un trabajo de esta naturaleza.<\/p>\n<p>&nbsp;<\/p>\n<h3>Datos acad\u00e9micos de la tesis doctoral \u00ab<strong>Vida y obra de carmen conde (1907-1996)<\/strong>\u00ab<\/h3>\n<ul>\n<li><strong>T\u00edtulo de la tesis:<\/strong>\u00a0 Vida y obra de carmen conde (1907-1996) <\/li>\n<li><strong>Autor:<\/strong>\u00a0 Jos\u00e9 Luis Vicente Ferris <\/li>\n<li><strong>Universidad:<\/strong>\u00a0 Alicante<\/li>\n<li><strong>Fecha de lectura de la tesis:<\/strong>\u00a0 11\/06\/2007<\/li>\n<\/ul>\n<p>&nbsp;<\/p>\n<h3>Direcci\u00f3n y tribunal<\/h3>\n<ul>\n<li><strong>Director de la tesis<\/strong>\n<ul>\n<li>Miguel Angel Lozano Marco<\/li>\n<\/ul>\n<\/li>\n<li><strong>Tribunal<\/strong>\n<ul>\n<li>Presidente del tribunal: Francisco javier Diez de revenga torres <\/li>\n<li>ramon Baldaqui escandell (vocal)<\/li>\n<li>Juan  Antonio R\u00edos catarral\u00e1 (vocal)<\/li>\n<li> Lanz rivera Juan  Jos\u00e9 (vocal)<\/li>\n<\/ul>\n<\/li>\n<\/ul>\n<p>&nbsp;<\/p>\n","protected":false},"excerpt":{"rendered":"<p>Tesis doctoral de Jos\u00e9 Luis Vicente Ferris Se trata del primer trabajo espec\u00edfico sobre la vida y la obra de [&hellip;]<\/p>\n","protected":false},"author":1,"featured_media":0,"comment_status":"open","ping_status":"open","sticky":false,"template":"","format":"standard","meta":{"site-sidebar-layout":"default","site-content-layout":"","ast-site-content-layout":"","site-content-style":"default","site-sidebar-style":"default","ast-global-header-display":"","ast-banner-title-visibility":"","ast-main-header-display":"","ast-hfb-above-header-display":"","ast-hfb-below-header-display":"","ast-hfb-mobile-header-display":"","site-post-title":"","ast-breadcrumbs-content":"","ast-featured-img":"","footer-sml-layout":"","theme-transparent-header-meta":"","adv-header-id-meta":"","stick-header-meta":"","header-above-stick-meta":"","header-main-stick-meta":"","header-below-stick-meta":"","astra-migrate-meta-layouts":"default","ast-page-background-enabled":"default","ast-page-background-meta":{"desktop":{"background-color":"var(--ast-global-color-4)","background-image":"","background-repeat":"repeat","background-position":"center center","background-size":"auto","background-attachment":"scroll","background-type":"","background-media":"","overlay-type":"","overlay-color":"","overlay-gradient":""},"tablet":{"background-color":"","background-image":"","background-repeat":"repeat","background-position":"center center","background-size":"auto","background-attachment":"scroll","background-type":"","background-media":"","overlay-type":"","overlay-color":"","overlay-gradient":""},"mobile":{"background-color":"","background-image":"","background-repeat":"repeat","background-position":"center center","background-size":"auto","background-attachment":"scroll","background-type":"","background-media":"","overlay-type":"","overlay-color":"","overlay-gradient":""}},"ast-content-background-meta":{"desktop":{"background-color":"var(--ast-global-color-5)","background-image":"","background-repeat":"repeat","background-position":"center center","background-size":"auto","background-attachment":"scroll","background-type":"","background-media":"","overlay-type":"","overlay-color":"","overlay-gradient":""},"tablet":{"background-color":"var(--ast-global-color-5)","background-image":"","background-repeat":"repeat","background-position":"center center","background-size":"auto","background-attachment":"scroll","background-type":"","background-media":"","overlay-type":"","overlay-color":"","overlay-gradient":""},"mobile":{"background-color":"var(--ast-global-color-5)","background-image":"","background-repeat":"repeat","background-position":"center center","background-size":"auto","background-attachment":"scroll","background-type":"","background-media":"","overlay-type":"","overlay-color":"","overlay-gradient":""}},"footnotes":""},"categories":[19166,636],"tags":[8638,130215,11561,79385,5034,130216],"class_list":["post-58924","post","type-post","status-publish","format-standard","hentry","category-alicante","category-lengua-y-literatura","tag-francisco-javier-diez-de-revenga-torres","tag-jose-luis-vicente-ferris","tag-juan-antonio-rios-catarrala","tag-lanz-rivera-juan-jose","tag-miguel-angel-lozano-marco","tag-ramon-baldaqui-escandell"],"_links":{"self":[{"href":"https:\/\/www.deberes.net\/tesis\/wp-json\/wp\/v2\/posts\/58924","targetHints":{"allow":["GET"]}}],"collection":[{"href":"https:\/\/www.deberes.net\/tesis\/wp-json\/wp\/v2\/posts"}],"about":[{"href":"https:\/\/www.deberes.net\/tesis\/wp-json\/wp\/v2\/types\/post"}],"author":[{"embeddable":true,"href":"https:\/\/www.deberes.net\/tesis\/wp-json\/wp\/v2\/users\/1"}],"replies":[{"embeddable":true,"href":"https:\/\/www.deberes.net\/tesis\/wp-json\/wp\/v2\/comments?post=58924"}],"version-history":[{"count":0,"href":"https:\/\/www.deberes.net\/tesis\/wp-json\/wp\/v2\/posts\/58924\/revisions"}],"wp:attachment":[{"href":"https:\/\/www.deberes.net\/tesis\/wp-json\/wp\/v2\/media?parent=58924"}],"wp:term":[{"taxonomy":"category","embeddable":true,"href":"https:\/\/www.deberes.net\/tesis\/wp-json\/wp\/v2\/categories?post=58924"},{"taxonomy":"post_tag","embeddable":true,"href":"https:\/\/www.deberes.net\/tesis\/wp-json\/wp\/v2\/tags?post=58924"}],"curies":[{"name":"wp","href":"https:\/\/api.w.org\/{rel}","templated":true}]}}