{"id":58945,"date":"2007-11-06T00:00:00","date_gmt":"2007-11-06T00:00:00","guid":{"rendered":"https:\/\/www.deberes.net\/tesis\/sin-categoria\/el-instituto-de-segunda-ensenanza-de-soria-1841-1874\/"},"modified":"2007-11-06T00:00:00","modified_gmt":"2007-11-06T00:00:00","slug":"el-instituto-de-segunda-ensenanza-de-soria-1841-1874","status":"publish","type":"post","link":"https:\/\/www.deberes.net\/tesis\/historia-de-la-educacion\/el-instituto-de-segunda-ensenanza-de-soria-1841-1874\/","title":{"rendered":"El instituto de segunda ense\u00f1anza de soria, 1841-1874"},"content":{"rendered":"<h2>Tesis doctoral de <strong> Concepci\u00f3n Jimeno Mart\u00ednez <\/strong><\/h2>\n<p>Investigaci\u00f3n sobre el instituto de soria desde su fundaci\u00f3n provincial, en 1841 hasta que finaliza la primera rep\u00fablica espa\u00f1ola, en 1874. Se hace especial \u00e9nfasis en la consideraci\u00f3n que la segunda ense\u00f1anza tuvo en el contexto provincial soriano. Se estudia la trayectoria seguida por el establecimiento, las fases que sigue su evoluci\u00f3n y se analizan todos los elementos de la actividad acad\u00e9mica desarrollada en estos 34 a\u00f1os, en virtud de la legislaci\u00f3n vigente. Se estudian las dependencias colocadas bajo la direcci\u00f3n del instituto: biblioteca provincial de soria, observatorio meteorol\u00f3gico y el colegio de internos. Finalmente, se estudia el sostenimiento del instituto y su proyecci\u00f3n cultural en la provincia.<\/p>\n<p>&nbsp;<\/p>\n<h3>Datos acad\u00e9micos de la tesis doctoral \u00ab<strong>El instituto de segunda ense\u00f1anza de soria, 1841-1874<\/strong>\u00ab<\/h3>\n<ul>\n<li><strong>T\u00edtulo de la tesis:<\/strong>\u00a0 El instituto de segunda ense\u00f1anza de soria, 1841-1874 <\/li>\n<li><strong>Autor:<\/strong>\u00a0 Concepci\u00f3n Jimeno Mart\u00ednez <\/li>\n<li><strong>Universidad:<\/strong>\u00a0 Complutense de Madrid<\/li>\n<li><strong>Fecha de lectura de la tesis:<\/strong>\u00a0 11\/06\/2007<\/li>\n<\/ul>\n<p>&nbsp;<\/p>\n<h3>Direcci\u00f3n y tribunal<\/h3>\n<ul>\n<li><strong>Director de la tesis<\/strong>\n<ul>\n<li>Julio Ruiz Berrio<\/li>\n<\/ul>\n<\/li>\n<li><strong>Tribunal<\/strong>\n<ul>\n<li>Presidente del tribunal: Mar\u00eda  Carmen Labrador Herr\u00e1iz <\/li>\n<li>Carmen Sanchidri\u00e1n Blanco (vocal)<\/li>\n<li>Bernat Sureda Garc\u00eda (vocal)<\/li>\n<li>Cristina Yanes Cabrera (vocal)<\/li>\n<\/ul>\n<\/li>\n<\/ul>\n<p>&nbsp;<\/p>\n","protected":false},"excerpt":{"rendered":"<p>Tesis doctoral de Concepci\u00f3n Jimeno Mart\u00ednez Investigaci\u00f3n sobre el instituto de soria desde su fundaci\u00f3n provincial, en 1841 hasta que [&hellip;]<\/p>\n","protected":false},"author":1,"featured_media":0,"comment_status":"open","ping_status":"open","sticky":false,"template":"","format":"standard","meta":{"site-sidebar-layout":"default","site-content-layout":"","ast-site-content-layout":"","site-content-style":"default","site-sidebar-style":"default","ast-global-header-display":"","ast-banner-title-visibility":"","ast-main-header-display":"","ast-hfb-above-header-display":"","ast-hfb-below-header-display":"","ast-hfb-mobile-header-display":"","site-post-title":"","ast-breadcrumbs-content":"","ast-featured-img":"","footer-sml-layout":"","theme-transparent-header-meta":"","adv-header-id-meta":"","stick-header-meta":"","header-above-stick-meta":"","header-main-stick-meta":"","header-below-stick-meta":"","astra-migrate-meta-layouts":"default","ast-page-background-enabled":"default","ast-page-background-meta":{"desktop":{"background-color":"var(--ast-global-color-4)","background-image":"","background-repeat":"repeat","background-position":"center center","background-size":"auto","background-attachment":"scroll","background-type":"","background-media":"","overlay-type":"","overlay-color":"","overlay-gradient":""},"tablet":{"background-color":"","background-image":"","background-repeat":"repeat","background-position":"center center","background-size":"auto","background-attachment":"scroll","background-type":"","background-media":"","overlay-type":"","overlay-color":"","overlay-gradient":""},"mobile":{"background-color":"","background-image":"","background-repeat":"repeat","background-position":"center center","background-size":"auto","background-attachment":"scroll","background-type":"","background-media":"","overlay-type":"","overlay-color":"","overlay-gradient":""}},"ast-content-background-meta":{"desktop":{"background-color":"var(--ast-global-color-5)","background-image":"","background-repeat":"repeat","background-position":"center center","background-size":"auto","background-attachment":"scroll","background-type":"","background-media":"","overlay-type":"","overlay-color":"","overlay-gradient":""},"tablet":{"background-color":"var(--ast-global-color-5)","background-image":"","background-repeat":"repeat","background-position":"center center","background-size":"auto","background-attachment":"scroll","background-type":"","background-media":"","overlay-type":"","overlay-color":"","overlay-gradient":""},"mobile":{"background-color":"var(--ast-global-color-5)","background-image":"","background-repeat":"repeat","background-position":"center center","background-size":"auto","background-attachment":"scroll","background-type":"","background-media":"","overlay-type":"","overlay-color":"","overlay-gradient":""}},"footnotes":""},"categories":[311,1184],"tags":[32880,38079,130265,36380,9642,7695],"class_list":["post-58945","post","type-post","status-publish","format-standard","hentry","category-historia-de-la-educacion","category-organizacion-y-planificacion-de-la-educacion","tag-bernat-sureda-garcia","tag-carmen-sanchidrian-blanco","tag-concepcion-jimeno-Martinez","tag-cristina-yanes-cabrera","tag-julio-ruiz-berrio","tag-maria-carmen-labrador-herraiz"],"_links":{"self":[{"href":"https:\/\/www.deberes.net\/tesis\/wp-json\/wp\/v2\/posts\/58945","targetHints":{"allow":["GET"]}}],"collection":[{"href":"https:\/\/www.deberes.net\/tesis\/wp-json\/wp\/v2\/posts"}],"about":[{"href":"https:\/\/www.deberes.net\/tesis\/wp-json\/wp\/v2\/types\/post"}],"author":[{"embeddable":true,"href":"https:\/\/www.deberes.net\/tesis\/wp-json\/wp\/v2\/users\/1"}],"replies":[{"embeddable":true,"href":"https:\/\/www.deberes.net\/tesis\/wp-json\/wp\/v2\/comments?post=58945"}],"version-history":[{"count":0,"href":"https:\/\/www.deberes.net\/tesis\/wp-json\/wp\/v2\/posts\/58945\/revisions"}],"wp:attachment":[{"href":"https:\/\/www.deberes.net\/tesis\/wp-json\/wp\/v2\/media?parent=58945"}],"wp:term":[{"taxonomy":"category","embeddable":true,"href":"https:\/\/www.deberes.net\/tesis\/wp-json\/wp\/v2\/categories?post=58945"},{"taxonomy":"post_tag","embeddable":true,"href":"https:\/\/www.deberes.net\/tesis\/wp-json\/wp\/v2\/tags?post=58945"}],"curies":[{"name":"wp","href":"https:\/\/api.w.org\/{rel}","templated":true}]}}