{"id":58999,"date":"2018-03-09T22:46:49","date_gmt":"2018-03-09T22:46:49","guid":{"rendered":"https:\/\/www.deberes.net\/tesis\/sin-categoria\/el-medio-fisico-en-el-planeamiento-territorial-de-la-comunidad-autonoma-vasca-1940-2006\/"},"modified":"2018-03-09T22:46:49","modified_gmt":"2018-03-09T22:46:49","slug":"el-medio-fisico-en-el-planeamiento-territorial-de-la-comunidad-autonoma-vasca-1940-2006","status":"publish","type":"post","link":"https:\/\/www.deberes.net\/tesis\/geografia-humana\/el-medio-fisico-en-el-planeamiento-territorial-de-la-comunidad-autonoma-vasca-1940-2006\/","title":{"rendered":"El medio fisico en el planeamiento territorial de la comunidad autonoma vasca (1940-2006)"},"content":{"rendered":"<h2>Tesis doctoral de <strong> Pedro Urquidi Elorrieta <\/strong><\/h2>\n<p>El objetivo del trabajo es el an\u00e1lisis de los documentos de planeamiento de la comunidad aut\u00f3noma vasca 1940-2006.     tras realizar una revisi\u00f3n sobre el concepto de ordenaci\u00f3n territorial y las nuevas ideas que surgen como fruto de las nuevas din\u00e1micas territoriales, la investigaci\u00f3n se centra en tres preguntas: \u00c2\u00bfaporta el planeamiento territorial una visi\u00f3n m\u00e1s cualificada del tratamiento y las propuestas sobre medio f\u00edsico? \u00c2\u00bfcu\u00e1les son las dificultades para que el planeamiento territorial propuestas salgan adelante? \u00c2\u00bflos modelos territoriales propuestos, son totalmente originales o responden a un proceso en su formulaci\u00f3n?     el an\u00e1lisis del planeamiento se estructura en cinto etapas: antecedentes a la guerra civil, la etapa aut\u00e1rquica de la dictadura (1940-1956), la etapa de crecimiento desarrollista (1956-1978), el primer planeamiento democr\u00e1tico (1978-1990) y la definitiva institucionalizaci\u00f3n de la ordenaci\u00f3n del territorio en la capv tras la aprobaci\u00f3n de la ley de ordenaci\u00f3n del territorio (1990-2006). Dichas etapas se han conformado siguiendo el marco legal de cada momento, pues es este el que establece los diferentes instrumentos de ordenaci\u00f3n y el alcance de los mismos en cada momento. Tambi\u00e9n se establece un marco socioecon\u00f3mico m\u00e1s general en cada etapa.     el trabajo establece unas conclusiones finales entre las que destacan el afianzamiento de la funci\u00f3n p\u00fablica de la ordenaci\u00f3n del territorio &#8211; y de la integraci\u00f3n del medio f\u00edsico en la misma, en su nivel conceptual e institucional. este afianzamiento en este nivel no se corresponde con el desarrollo de los instrumentos de ordenaci\u00f3n previstos en las diferentes legislaciones auton\u00f3micas, en la implementaci\u00f3n de sus propuestas m\u00e1s concretas. Las excesivas diferencias entre sus amplios objetivos y sus propuestas, las dificultades de coordinaci\u00f3n de diferentes pol\u00edticas sectoriales (coordinaci\u00f3n horizontal) y de diferentes niveles institucionales (coordina<\/p>\n<p>&nbsp;<\/p>\n<h3>Datos acad\u00e9micos de la tesis doctoral \u00ab<strong>El medio fisico en el planeamiento territorial de la comunidad autonoma vasca (1940-2006)<\/strong>\u00ab<\/h3>\n<ul>\n<li><strong>T\u00edtulo de la tesis:<\/strong>\u00a0 El medio fisico en el planeamiento territorial de la comunidad autonoma vasca (1940-2006) <\/li>\n<li><strong>Autor:<\/strong>\u00a0 Pedro Urquidi Elorrieta <\/li>\n<li><strong>Universidad:<\/strong>\u00a0 Pa\u00eds vasco\/euskal herriko unibertsitatea<\/li>\n<li><strong>Fecha de lectura de la tesis:<\/strong>\u00a0 14\/06\/2007<\/li>\n<\/ul>\n<p>&nbsp;<\/p>\n<h3>Direcci\u00f3n y tribunal<\/h3>\n<ul>\n<li><strong>Director de la tesis<\/strong>\n<ul>\n<li>Eugenio Ruiz Urrestarazu<\/li>\n<\/ul>\n<\/li>\n<li><strong>Tribunal<\/strong>\n<ul>\n<li>Presidente del tribunal: florencio Zoido naranjo <\/li>\n<li>Miguel angel Troiti\u00f1o vinuesa (vocal)<\/li>\n<li>joseba Jauristi linacero (vocal)<\/li>\n<li>jaume Font garolera (vocal)<\/li>\n<\/ul>\n<\/li>\n<\/ul>\n<p>&nbsp;<\/p>\n","protected":false},"excerpt":{"rendered":"<p>Tesis doctoral de Pedro Urquidi Elorrieta El objetivo del trabajo es el an\u00e1lisis de los documentos de planeamiento de la [&hellip;]<\/p>\n","protected":false},"author":1,"featured_media":0,"comment_status":"open","ping_status":"open","sticky":false,"template":"","format":"standard","meta":{"site-sidebar-layout":"default","site-content-layout":"","ast-site-content-layout":"","site-content-style":"default","site-sidebar-style":"default","ast-global-header-display":"","ast-banner-title-visibility":"","ast-main-header-display":"","ast-hfb-above-header-display":"","ast-hfb-below-header-display":"","ast-hfb-mobile-header-display":"","site-post-title":"","ast-breadcrumbs-content":"","ast-featured-img":"","footer-sml-layout":"","theme-transparent-header-meta":"","adv-header-id-meta":"","stick-header-meta":"","header-above-stick-meta":"","header-main-stick-meta":"","header-below-stick-meta":"","astra-migrate-meta-layouts":"default","ast-page-background-enabled":"default","ast-page-background-meta":{"desktop":{"background-color":"var(--ast-global-color-4)","background-image":"","background-repeat":"repeat","background-position":"center center","background-size":"auto","background-attachment":"scroll","background-type":"","background-media":"","overlay-type":"","overlay-color":"","overlay-gradient":""},"tablet":{"background-color":"","background-image":"","background-repeat":"repeat","background-position":"center center","background-size":"auto","background-attachment":"scroll","background-type":"","background-media":"","overlay-type":"","overlay-color":"","overlay-gradient":""},"mobile":{"background-color":"","background-image":"","background-repeat":"repeat","background-position":"center center","background-size":"auto","background-attachment":"scroll","background-type":"","background-media":"","overlay-type":"","overlay-color":"","overlay-gradient":""}},"ast-content-background-meta":{"desktop":{"background-color":"var(--ast-global-color-5)","background-image":"","background-repeat":"repeat","background-position":"center center","background-size":"auto","background-attachment":"scroll","background-type":"","background-media":"","overlay-type":"","overlay-color":"","overlay-gradient":""},"tablet":{"background-color":"var(--ast-global-color-5)","background-image":"","background-repeat":"repeat","background-position":"center center","background-size":"auto","background-attachment":"scroll","background-type":"","background-media":"","overlay-type":"","overlay-color":"","overlay-gradient":""},"mobile":{"background-color":"var(--ast-global-color-5)","background-image":"","background-repeat":"repeat","background-position":"center center","background-size":"auto","background-attachment":"scroll","background-type":"","background-media":"","overlay-type":"","overlay-color":"","overlay-gradient":""}},"footnotes":""},"categories":[5741,1401,3090,12909],"tags":[28374,10738,39312,130369,4466,130368],"class_list":["post-58999","post","type-post","status-publish","format-standard","hentry","category-geografia-fisica","category-geografia-humana","category-geografia-regional","category-pais-vasco-euskal-herriko-unibertsitatea","tag-eugenio-ruiz-urrestarazu","tag-florencio-zoido-naranjo","tag-jaume-font-garolera","tag-joseba-jauristi-linacero","tag-miguel-angel-troitino-vinuesa","tag-pedro-urquidi-elorrieta"],"_links":{"self":[{"href":"https:\/\/www.deberes.net\/tesis\/wp-json\/wp\/v2\/posts\/58999","targetHints":{"allow":["GET"]}}],"collection":[{"href":"https:\/\/www.deberes.net\/tesis\/wp-json\/wp\/v2\/posts"}],"about":[{"href":"https:\/\/www.deberes.net\/tesis\/wp-json\/wp\/v2\/types\/post"}],"author":[{"embeddable":true,"href":"https:\/\/www.deberes.net\/tesis\/wp-json\/wp\/v2\/users\/1"}],"replies":[{"embeddable":true,"href":"https:\/\/www.deberes.net\/tesis\/wp-json\/wp\/v2\/comments?post=58999"}],"version-history":[{"count":0,"href":"https:\/\/www.deberes.net\/tesis\/wp-json\/wp\/v2\/posts\/58999\/revisions"}],"wp:attachment":[{"href":"https:\/\/www.deberes.net\/tesis\/wp-json\/wp\/v2\/media?parent=58999"}],"wp:term":[{"taxonomy":"category","embeddable":true,"href":"https:\/\/www.deberes.net\/tesis\/wp-json\/wp\/v2\/categories?post=58999"},{"taxonomy":"post_tag","embeddable":true,"href":"https:\/\/www.deberes.net\/tesis\/wp-json\/wp\/v2\/tags?post=58999"}],"curies":[{"name":"wp","href":"https:\/\/api.w.org\/{rel}","templated":true}]}}