{"id":59002,"date":"2018-03-09T22:46:49","date_gmt":"2018-03-09T22:46:49","guid":{"rendered":"https:\/\/www.deberes.net\/tesis\/sin-categoria\/mentalidad-social-y-ninez-abandonada-en-la-paz-1900-1948\/"},"modified":"2018-03-09T22:46:49","modified_gmt":"2018-03-09T22:46:49","slug":"mentalidad-social-y-ninez-abandonada-en-la-paz-1900-1948","status":"publish","type":"post","link":"https:\/\/www.deberes.net\/tesis\/historia\/mentalidad-social-y-ninez-abandonada-en-la-paz-1900-1948\/","title":{"rendered":"Mentalidad social y ni\u00f1ez abandonada en la paz, 1900-1948"},"content":{"rendered":"<h2>Tesis doctoral de <strong>  Escobari De Querejazu Laura Angelita <\/strong><\/h2>\n<p>La tesis plantea la hip\u00f3tesis de cambio de mentalidad en la sociedad pace\u00f1a entre dos momentos de ruptura de la continuidad en el tiempo. La primera dada en 1899 por la guerra federal que traslada la capital del gobierno de la ciudad de sucre a la de la paz y la segunda dada por la guerra del chaco en 1933 a 1936.     a lo largo de los ocho cap\u00edtulos se discuten los cambios que resultaron siendo varios. En primer lugar los cambios de mentalidad se dan en el pensamiento pol\u00edtico, cuando \u00e9stos hacen conciencia de que el ampara que necesitaban los ni\u00f1os abandonados deb\u00eda partir del derecho a la vida y  a la protecci\u00f3n antes que de la beneficencia privada. Este hecho da lugar a una instancia fundamental posterior que es la creaci\u00f3n del patronato nacional del menor ocurrida en 1948 que es el l\u00edmite cronol\u00f3gico final de la tesis, y que como tal cierra una \u00e9poca de transici\u00f3n de concepciones sobre la ni\u00f1ez, la ni\u00f1ez abandonada y su tratamiento.     la tesis es un trabajo pionero en bolivia sobre la ni\u00f1ez, la orfandad, la historia de las mentalidades y los sentimientos, y se suma a los pocos sobre la historia de las mujeres.<\/p>\n<p>&nbsp;<\/p>\n<h3>Datos acad\u00e9micos de la tesis doctoral \u00ab<strong>Mentalidad social y ni\u00f1ez abandonada en la paz, 1900-1948<\/strong>\u00ab<\/h3>\n<ul>\n<li><strong>T\u00edtulo de la tesis:<\/strong>\u00a0 Mentalidad social y ni\u00f1ez abandonada en la paz, 1900-1948 <\/li>\n<li><strong>Autor:<\/strong>\u00a0  Escobari De Querejazu Laura Angelita <\/li>\n<li><strong>Universidad:<\/strong>\u00a0 Nacional de educaci\u00f3n a distancia<\/li>\n<li><strong>Fecha de lectura de la tesis:<\/strong>\u00a0 14\/06\/2007<\/li>\n<\/ul>\n<p>&nbsp;<\/p>\n<h3>Direcci\u00f3n y tribunal<\/h3>\n<ul>\n<li><strong>Director de la tesis<\/strong>\n<ul>\n<li>Alicia Alted Vigil<\/li>\n<\/ul>\n<\/li>\n<li><strong>Tribunal<\/strong>\n<ul>\n<li>Presidente del tribunal: pedro Carasa soto <\/li>\n<li>rosa Mart\u00ednez segarra (vocal)<\/li>\n<li>josefina Cuesta bustillo (vocal)<\/li>\n<li>Marta Irurozqui victoriano (vocal)<\/li>\n<\/ul>\n<\/li>\n<\/ul>\n<p>&nbsp;<\/p>\n","protected":false},"excerpt":{"rendered":"<p>Tesis doctoral de Escobari De Querejazu Laura Angelita La tesis plantea la hip\u00f3tesis de cambio de mentalidad en la sociedad [&hellip;]<\/p>\n","protected":false},"author":1,"featured_media":0,"comment_status":"open","ping_status":"open","sticky":false,"template":"","format":"standard","meta":{"site-sidebar-layout":"default","site-content-layout":"","ast-site-content-layout":"","site-content-style":"default","site-sidebar-style":"default","ast-global-header-display":"","ast-banner-title-visibility":"","ast-main-header-display":"","ast-hfb-above-header-display":"","ast-hfb-below-header-display":"","ast-hfb-mobile-header-display":"","site-post-title":"","ast-breadcrumbs-content":"","ast-featured-img":"","footer-sml-layout":"","theme-transparent-header-meta":"","adv-header-id-meta":"","stick-header-meta":"","header-above-stick-meta":"","header-main-stick-meta":"","header-below-stick-meta":"","astra-migrate-meta-layouts":"default","ast-page-background-enabled":"default","ast-page-background-meta":{"desktop":{"background-color":"var(--ast-global-color-4)","background-image":"","background-repeat":"repeat","background-position":"center center","background-size":"auto","background-attachment":"scroll","background-type":"","background-media":"","overlay-type":"","overlay-color":"","overlay-gradient":""},"tablet":{"background-color":"","background-image":"","background-repeat":"repeat","background-position":"center center","background-size":"auto","background-attachment":"scroll","background-type":"","background-media":"","overlay-type":"","overlay-color":"","overlay-gradient":""},"mobile":{"background-color":"","background-image":"","background-repeat":"repeat","background-position":"center center","background-size":"auto","background-attachment":"scroll","background-type":"","background-media":"","overlay-type":"","overlay-color":"","overlay-gradient":""}},"ast-content-background-meta":{"desktop":{"background-color":"var(--ast-global-color-5)","background-image":"","background-repeat":"repeat","background-position":"center center","background-size":"auto","background-attachment":"scroll","background-type":"","background-media":"","overlay-type":"","overlay-color":"","overlay-gradient":""},"tablet":{"background-color":"var(--ast-global-color-5)","background-image":"","background-repeat":"repeat","background-position":"center center","background-size":"auto","background-attachment":"scroll","background-type":"","background-media":"","overlay-type":"","overlay-color":"","overlay-gradient":""},"mobile":{"background-color":"var(--ast-global-color-5)","background-image":"","background-repeat":"repeat","background-position":"center center","background-size":"auto","background-attachment":"scroll","background-type":"","background-media":"","overlay-type":"","overlay-color":"","overlay-gradient":""}},"footnotes":""},"categories":[104,17070],"tags":[8712,130376,9701,130377,71616,33000],"class_list":["post-59002","post","type-post","status-publish","format-standard","hentry","category-historia","category-nacional-de-educacion-a-distancia","tag-alicia-alted-vigil","tag-escobari-de-querejazu-laura-angelita","tag-josefina-cuesta-bustillo","tag-marta-irurozqui-victoriano","tag-pedro-carasa-soto","tag-rosa-Martinez-segarra"],"_links":{"self":[{"href":"https:\/\/www.deberes.net\/tesis\/wp-json\/wp\/v2\/posts\/59002","targetHints":{"allow":["GET"]}}],"collection":[{"href":"https:\/\/www.deberes.net\/tesis\/wp-json\/wp\/v2\/posts"}],"about":[{"href":"https:\/\/www.deberes.net\/tesis\/wp-json\/wp\/v2\/types\/post"}],"author":[{"embeddable":true,"href":"https:\/\/www.deberes.net\/tesis\/wp-json\/wp\/v2\/users\/1"}],"replies":[{"embeddable":true,"href":"https:\/\/www.deberes.net\/tesis\/wp-json\/wp\/v2\/comments?post=59002"}],"version-history":[{"count":0,"href":"https:\/\/www.deberes.net\/tesis\/wp-json\/wp\/v2\/posts\/59002\/revisions"}],"wp:attachment":[{"href":"https:\/\/www.deberes.net\/tesis\/wp-json\/wp\/v2\/media?parent=59002"}],"wp:term":[{"taxonomy":"category","embeddable":true,"href":"https:\/\/www.deberes.net\/tesis\/wp-json\/wp\/v2\/categories?post=59002"},{"taxonomy":"post_tag","embeddable":true,"href":"https:\/\/www.deberes.net\/tesis\/wp-json\/wp\/v2\/tags?post=59002"}],"curies":[{"name":"wp","href":"https:\/\/api.w.org\/{rel}","templated":true}]}}