{"id":59119,"date":"2018-03-09T22:46:56","date_gmt":"2018-03-09T22:46:56","guid":{"rendered":"https:\/\/www.deberes.net\/tesis\/sin-categoria\/cambio-e-institucionalizacion-parlamentaria-la-camara-de-diputados-de-argentina-1983-1999\/"},"modified":"2018-03-09T22:46:56","modified_gmt":"2018-03-09T22:46:56","slug":"cambio-e-institucionalizacion-parlamentaria-la-camara-de-diputados-de-argentina-1983-1999","status":"publish","type":"post","link":"https:\/\/www.deberes.net\/tesis\/santiago-de-compostela\/cambio-e-institucionalizacion-parlamentaria-la-camara-de-diputados-de-argentina-1983-1999\/","title":{"rendered":"Cambio e institucionalizaci\u00f3n parlamentaria. la c\u00e1mara de diputados de argentina, 1983-1999"},"content":{"rendered":"<h2>Tesis doctoral de <strong> Celestino Garcia Arias <\/strong><\/h2>\n<p>La presente tesis doctoral tiene por objeto de investigaci\u00f3n la institucionalizaci\u00f3n parlamentaria, entendida como proceso a trav\u00e9s del cual un parlamento se hace aut\u00f3nomo de su entorno (institucionalizaci\u00f3n externa) y cobra coherencia interna (institucionalizaci\u00f3n interna). uno de los objetivos de la investigaci\u00f3n consiste en revisar cr\u00edticamente las contribuciones conceptuales y te\u00f3ricas que se han realizado hasta el presente para el estudio de la institucionalizaci\u00f3n. Desde el punto de vista conceptual, se revisa la definici\u00f3n del t\u00e9rmino; la identificaci\u00f3n de las dimensiones de la institucionalizaci\u00f3n (la autonom\u00eda y la coherencia, excluyendo otras dimensiones, como la adaptabilidad y la complejidad); la selecci\u00f3n de los indicadores; y la operativizaci\u00f3n de los conceptos empleados. La revisi\u00f3n trasciende la mera yuxtaposici\u00f3n de aportaciones y despliega un an\u00e1lisis, una cr\u00edtica y ciertas propuestas de mejora o correcci\u00f3n. Desde el punto de vista te\u00f3rico, se ponen de manifiesto las deficiencias de las investigaciones pasadas. Tales deficiencias se cifran en los d\u00e9ficits de validez externa de las investigaciones y en los d\u00e9ficits te\u00f3ricos. Es decir, y respectivamente, en la imposibilidad de generalizar los resultados, por una parte, y en ciertas carencias, tales como la imprecisi\u00f3n con que se establece la relaci\u00f3n cronol\u00f3gica entre los componentes del proceso; la endeblez de los modelos de cambio; y la formulaci\u00f3n de enunciados tautol\u00f3gicos derivados de la confusi\u00f3n entre la relaci\u00f3n de naturaleza sem\u00e1ntica entre un concepto y sus indicadores, y la relaci\u00f3n de causalidad. el segundo objetivo del trabajo es la construcci\u00f3n de un marco te\u00f3rico general ensamblando ecl\u00e9cticamente elementos del enfoque de la institucionalizaci\u00f3n y de otras teor\u00edas y enfoques, como la teor\u00eda de la organizaci\u00f3n, las teor\u00edas de roles, las teor\u00edas de la ambici\u00f3n-estructura de oportunidades, las teor\u00edas del reclutamiento parlamentario, la teor<\/p>\n<p>&nbsp;<\/p>\n<h3>Datos acad\u00e9micos de la tesis doctoral \u00ab<strong>Cambio e institucionalizaci\u00f3n parlamentaria. la c\u00e1mara de diputados de argentina, 1983-1999<\/strong>\u00ab<\/h3>\n<ul>\n<li><strong>T\u00edtulo de la tesis:<\/strong>\u00a0 Cambio e institucionalizaci\u00f3n parlamentaria. la c\u00e1mara de diputados de argentina, 1983-1999 <\/li>\n<li><strong>Autor:<\/strong>\u00a0 Celestino Garcia Arias <\/li>\n<li><strong>Universidad:<\/strong>\u00a0 Santiago de compostela<\/li>\n<li><strong>Fecha de lectura de la tesis:<\/strong>\u00a0 19\/06\/2007<\/li>\n<\/ul>\n<p>&nbsp;<\/p>\n<h3>Direcci\u00f3n y tribunal<\/h3>\n<ul>\n<li><strong>Director de la tesis<\/strong>\n<ul>\n<li>Ram\u00f3n M\u00e1iz Su\u00e1rez<\/li>\n<\/ul>\n<\/li>\n<li><strong>Tribunal<\/strong>\n<ul>\n<li>Presidente del tribunal: manuel Alcantara saez <\/li>\n<li>ivan Llamazares valduvieco (vocal)<\/li>\n<li>pablo O\u00f1ate  rubalcaba (vocal)<\/li>\n<li>Manuel Rivera otero (vocal)<\/li>\n<\/ul>\n<\/li>\n<\/ul>\n<p>&nbsp;<\/p>\n","protected":false},"excerpt":{"rendered":"<p>Tesis doctoral de Celestino Garcia Arias La presente tesis doctoral tiene por objeto de investigaci\u00f3n la institucionalizaci\u00f3n parlamentaria, entendida como [&hellip;]<\/p>\n","protected":false},"author":1,"featured_media":0,"comment_status":"open","ping_status":"open","sticky":false,"template":"","format":"standard","meta":{"site-sidebar-layout":"default","site-content-layout":"","ast-site-content-layout":"","site-content-style":"default","site-sidebar-style":"default","ast-global-header-display":"","ast-banner-title-visibility":"","ast-main-header-display":"","ast-hfb-above-header-display":"","ast-hfb-below-header-display":"","ast-hfb-mobile-header-display":"","site-post-title":"","ast-breadcrumbs-content":"","ast-featured-img":"","footer-sml-layout":"","theme-transparent-header-meta":"","adv-header-id-meta":"","stick-header-meta":"","header-above-stick-meta":"","header-main-stick-meta":"","header-below-stick-meta":"","astra-migrate-meta-layouts":"default","ast-page-background-enabled":"default","ast-page-background-meta":{"desktop":{"background-color":"var(--ast-global-color-4)","background-image":"","background-repeat":"repeat","background-position":"center center","background-size":"auto","background-attachment":"scroll","background-type":"","background-media":"","overlay-type":"","overlay-color":"","overlay-gradient":""},"tablet":{"background-color":"","background-image":"","background-repeat":"repeat","background-position":"center center","background-size":"auto","background-attachment":"scroll","background-type":"","background-media":"","overlay-type":"","overlay-color":"","overlay-gradient":""},"mobile":{"background-color":"","background-image":"","background-repeat":"repeat","background-position":"center center","background-size":"auto","background-attachment":"scroll","background-type":"","background-media":"","overlay-type":"","overlay-color":"","overlay-gradient":""}},"ast-content-background-meta":{"desktop":{"background-color":"var(--ast-global-color-5)","background-image":"","background-repeat":"repeat","background-position":"center center","background-size":"auto","background-attachment":"scroll","background-type":"","background-media":"","overlay-type":"","overlay-color":"","overlay-gradient":""},"tablet":{"background-color":"var(--ast-global-color-5)","background-image":"","background-repeat":"repeat","background-position":"center center","background-size":"auto","background-attachment":"scroll","background-type":"","background-media":"","overlay-type":"","overlay-color":"","overlay-gradient":""},"mobile":{"background-color":"var(--ast-global-color-5)","background-image":"","background-repeat":"repeat","background-position":"center center","background-size":"auto","background-attachment":"scroll","background-type":"","background-media":"","overlay-type":"","overlay-color":"","overlay-gradient":""}},"footnotes":""},"categories":[6409,31086,18969,977,7373],"tags":[130631,6456,3990,130632,57924,4976],"class_list":["post-59119","post","type-post","status-publish","format-standard","hentry","category-partidos-politicos","category-poder-legislativo","category-relaciones-entre-los-poderes","category-santiago-de-compostela","category-sistemas-politicos-del-area-americana","tag-celestino-garcia-arias","tag-ivan-llamazares-valduvieco","tag-manuel-alcantara-saez","tag-manuel-rivera-otero","tag-pablo-onate-rubalcaba","tag-ramon-maiz-suarez"],"_links":{"self":[{"href":"https:\/\/www.deberes.net\/tesis\/wp-json\/wp\/v2\/posts\/59119","targetHints":{"allow":["GET"]}}],"collection":[{"href":"https:\/\/www.deberes.net\/tesis\/wp-json\/wp\/v2\/posts"}],"about":[{"href":"https:\/\/www.deberes.net\/tesis\/wp-json\/wp\/v2\/types\/post"}],"author":[{"embeddable":true,"href":"https:\/\/www.deberes.net\/tesis\/wp-json\/wp\/v2\/users\/1"}],"replies":[{"embeddable":true,"href":"https:\/\/www.deberes.net\/tesis\/wp-json\/wp\/v2\/comments?post=59119"}],"version-history":[{"count":0,"href":"https:\/\/www.deberes.net\/tesis\/wp-json\/wp\/v2\/posts\/59119\/revisions"}],"wp:attachment":[{"href":"https:\/\/www.deberes.net\/tesis\/wp-json\/wp\/v2\/media?parent=59119"}],"wp:term":[{"taxonomy":"category","embeddable":true,"href":"https:\/\/www.deberes.net\/tesis\/wp-json\/wp\/v2\/categories?post=59119"},{"taxonomy":"post_tag","embeddable":true,"href":"https:\/\/www.deberes.net\/tesis\/wp-json\/wp\/v2\/tags?post=59119"}],"curies":[{"name":"wp","href":"https:\/\/api.w.org\/{rel}","templated":true}]}}