{"id":59134,"date":"2018-03-09T22:46:59","date_gmt":"2018-03-09T22:46:59","guid":{"rendered":"https:\/\/www.deberes.net\/tesis\/sin-categoria\/la-constitucionalizacion-de-las-polica%c2%adas-locales-y-su-coordinacion-por-las-comunidades-autonomas-hacia-un-modelo-de-polica%c2%ada-integrado-y-armonizado\/"},"modified":"2018-03-09T22:46:59","modified_gmt":"2018-03-09T22:46:59","slug":"la-constitucionalizacion-de-las-polica%c2%adas-locales-y-su-coordinacion-por-las-comunidades-autonomas-hacia-un-modelo-de-polica%c2%ada-integrado-y-armonizado","status":"publish","type":"post","link":"https:\/\/www.deberes.net\/tesis\/derecho-administrativo\/la-constitucionalizacion-de-las-polica%c2%adas-locales-y-su-coordinacion-por-las-comunidades-autonomas-hacia-un-modelo-de-polica%c2%ada-integrado-y-armonizado\/","title":{"rendered":"La constitucionalizaci\u00f3n de las polic\u00edas locales y su coordinaci\u00f3n por las comunidades aut\u00f3nomas: hacia un modelo de polic\u00edaintegrado y armonizado"},"content":{"rendered":"<h2>Tesis doctoral de <strong> Jos\u00e9 Escalante Castarroyo <\/strong><\/h2>\n<p>El tema elegido como objeto de la tesis, aparte de ser un reto profesional apasionante para el doctorando, qui\u00e9n se inici\u00f3 en la profesi\u00f3n policial en 1983, etapa intermedia entre la promulgaci\u00f3n de la constituci\u00f3n espa\u00f1ola de 1978, que establece la estructura territorial de espa\u00f1a y de la ley org\u00e1nica 2\/1986 de fuerzas y cuerpos de seguridad, que dise\u00f1a el modelo de polic\u00eda, encuentra su oportunidad en un momento en el que se plantean reformas de los estatutos de autonom\u00eda en diferentes comunidades aut\u00f3nomas, asumiendo estas la competencia de \u00abseguridad p\u00fablica\u00bb; adem\u00e1s de estar en pleno planteamiento social y pol\u00edtico el  modelo de seguridad p\u00fablica territorial y modelo de polic\u00eda territorial y tambi\u00e9n por la tan pretendida segunda descentralizaci\u00f3n hacia las administraciones locales, las cuales invocan reiteradamente el principio de subsidiariedad en la prestaci\u00f3n de los servicios a los vecinos.  la tesis recorre el camino que iniciara la constituci\u00f3n de 1978, por primera vez en su dilatada historia, de las polic\u00edas locales estas referenciadas expresamente en una constituci\u00f3n, la cual otorga a las comunidades aut\u00f3nomas la competencia coordinadora sobre los cuerpos de seguridad local, contempl\u00e1ndolos en el contexto de la constitucionalizaci\u00f3n de la seguridad p\u00fablica territorial y mas concretamente en la competencia coordinadora de aquellos por las comunidades aut\u00f3nomas, indagando en su gestaci\u00f3n constitucional primero y recorriendo despu\u00e9s el desarrollo en el bloque de la constitucionalidad para llegar y reflexionar finalmente sobre la situaci\u00f3n actual en los diferentes desarrollos normativos.  se tiene muy presente para ello la realidad territorial actual de espa\u00f1a, forjada a lo largo de estos a\u00f1os de vigencia constitucional, la cual ha supuesto pasar de un estado centralizado a otro con una descentralizaci\u00f3n competencial significativa en las comunidades aut\u00f3nomas y en las administraciones locales. La consolidaci\u00f3n del estado<\/p>\n<p>&nbsp;<\/p>\n<h3>Datos acad\u00e9micos de la tesis doctoral \u00ab<strong>La constitucionalizaci\u00f3n de las polic\u00edas locales y su coordinaci\u00f3n por las comunidades aut\u00f3nomas: hacia un modelo de polic\u00edaintegrado y armonizado<\/strong>\u00ab<\/h3>\n<ul>\n<li><strong>T\u00edtulo de la tesis:<\/strong>\u00a0 La constitucionalizaci\u00f3n de las polic\u00edas locales y su coordinaci\u00f3n por las comunidades aut\u00f3nomas: hacia un modelo de polic\u00edaintegrado y armonizado <\/li>\n<li><strong>Autor:<\/strong>\u00a0 Jos\u00e9 Escalante Castarroyo <\/li>\n<li><strong>Universidad:<\/strong>\u00a0 Burgos<\/li>\n<li><strong>Fecha de lectura de la tesis:<\/strong>\u00a0 19\/06\/2007<\/li>\n<\/ul>\n<p>&nbsp;<\/p>\n<h3>Direcci\u00f3n y tribunal<\/h3>\n<ul>\n<li><strong>Director de la tesis<\/strong>\n<ul>\n<li>huerta  Carbonell Ruiz<\/li>\n<\/ul>\n<\/li>\n<li><strong>Tribunal<\/strong>\n<ul>\n<li>Presidente del tribunal: Luis Aguiar de luque <\/li>\n<li>Javier Barcelona llop (vocal)<\/li>\n<li>oscar Jaime jimenez (vocal)<\/li>\n<li>ricardo Rivero ortega (vocal)<\/li>\n<\/ul>\n<\/li>\n<\/ul>\n<p>&nbsp;<\/p>\n","protected":false},"excerpt":{"rendered":"<p>Tesis doctoral de Jos\u00e9 Escalante Castarroyo El tema elegido como objeto de la tesis, aparte de ser un reto profesional [&hellip;]<\/p>\n","protected":false},"author":1,"featured_media":0,"comment_status":"open","ping_status":"open","sticky":false,"template":"","format":"standard","meta":{"site-sidebar-layout":"default","site-content-layout":"","ast-site-content-layout":"","site-content-style":"default","site-sidebar-style":"default","ast-global-header-display":"","ast-banner-title-visibility":"","ast-main-header-display":"","ast-hfb-above-header-display":"","ast-hfb-below-header-display":"","ast-hfb-mobile-header-display":"","site-post-title":"","ast-breadcrumbs-content":"","ast-featured-img":"","footer-sml-layout":"","theme-transparent-header-meta":"","adv-header-id-meta":"","stick-header-meta":"","header-above-stick-meta":"","header-main-stick-meta":"","header-below-stick-meta":"","astra-migrate-meta-layouts":"default","ast-page-background-enabled":"default","ast-page-background-meta":{"desktop":{"background-color":"var(--ast-global-color-4)","background-image":"","background-repeat":"repeat","background-position":"center center","background-size":"auto","background-attachment":"scroll","background-type":"","background-media":"","overlay-type":"","overlay-color":"","overlay-gradient":""},"tablet":{"background-color":"","background-image":"","background-repeat":"repeat","background-position":"center center","background-size":"auto","background-attachment":"scroll","background-type":"","background-media":"","overlay-type":"","overlay-color":"","overlay-gradient":""},"mobile":{"background-color":"","background-image":"","background-repeat":"repeat","background-position":"center center","background-size":"auto","background-attachment":"scroll","background-type":"","background-media":"","overlay-type":"","overlay-color":"","overlay-gradient":""}},"ast-content-background-meta":{"desktop":{"background-color":"var(--ast-global-color-5)","background-image":"","background-repeat":"repeat","background-position":"center center","background-size":"auto","background-attachment":"scroll","background-type":"","background-media":"","overlay-type":"","overlay-color":"","overlay-gradient":""},"tablet":{"background-color":"var(--ast-global-color-5)","background-image":"","background-repeat":"repeat","background-position":"center center","background-size":"auto","background-attachment":"scroll","background-type":"","background-media":"","overlay-type":"","overlay-color":"","overlay-gradient":""},"mobile":{"background-color":"var(--ast-global-color-5)","background-image":"","background-repeat":"repeat","background-position":"center center","background-size":"auto","background-attachment":"scroll","background-type":"","background-media":"","overlay-type":"","overlay-color":"","overlay-gradient":""}},"footnotes":""},"categories":[37674,1442,1450,5964],"tags":[38784,99811,130662,1454,130663,68936],"class_list":["post-59134","post","type-post","status-publish","format-standard","hentry","category-burgos","category-derecho-administrativo","category-derecho-constitucional","category-derecho-publico","tag-huerta-carbonell-ruiz","tag-javier-barcelona-llop","tag-jose-escalante-castarroyo","tag-luis-aguiar-de-luque","tag-oscar-jaime-jimenez","tag-ricardo-rivero-ortega"],"_links":{"self":[{"href":"https:\/\/www.deberes.net\/tesis\/wp-json\/wp\/v2\/posts\/59134","targetHints":{"allow":["GET"]}}],"collection":[{"href":"https:\/\/www.deberes.net\/tesis\/wp-json\/wp\/v2\/posts"}],"about":[{"href":"https:\/\/www.deberes.net\/tesis\/wp-json\/wp\/v2\/types\/post"}],"author":[{"embeddable":true,"href":"https:\/\/www.deberes.net\/tesis\/wp-json\/wp\/v2\/users\/1"}],"replies":[{"embeddable":true,"href":"https:\/\/www.deberes.net\/tesis\/wp-json\/wp\/v2\/comments?post=59134"}],"version-history":[{"count":0,"href":"https:\/\/www.deberes.net\/tesis\/wp-json\/wp\/v2\/posts\/59134\/revisions"}],"wp:attachment":[{"href":"https:\/\/www.deberes.net\/tesis\/wp-json\/wp\/v2\/media?parent=59134"}],"wp:term":[{"taxonomy":"category","embeddable":true,"href":"https:\/\/www.deberes.net\/tesis\/wp-json\/wp\/v2\/categories?post=59134"},{"taxonomy":"post_tag","embeddable":true,"href":"https:\/\/www.deberes.net\/tesis\/wp-json\/wp\/v2\/tags?post=59134"}],"curies":[{"name":"wp","href":"https:\/\/api.w.org\/{rel}","templated":true}]}}