{"id":59185,"date":"2018-03-09T22:47:03","date_gmt":"2018-03-09T22:47:03","guid":{"rendered":"https:\/\/www.deberes.net\/tesis\/sin-categoria\/compendio-de-los-murqarnas-genesis-y-evolucion-siglos-xi-xv\/"},"modified":"2018-03-09T22:47:03","modified_gmt":"2018-03-09T22:47:03","slug":"compendio-de-los-murqarnas-genesis-y-evolucion-siglos-xi-xv","status":"publish","type":"post","link":"https:\/\/www.deberes.net\/tesis\/historia-medieval\/compendio-de-los-murqarnas-genesis-y-evolucion-siglos-xi-xv\/","title":{"rendered":"Compendio de los murqarnas: g\u00e9nesis y evoluci\u00f3n (siglos xi-xv)"},"content":{"rendered":"<h2>Tesis doctoral de <strong> Alicia Carrillo Calderero <\/strong><\/h2>\n<p>Compendio de los muqarnas: g\u00e9nesis y evoluci\u00f3n (siglos xi-xv) consiste en un estudio sobre un elemento exclusivo del arte isl\u00e1mico y por ende, del arte mud\u00e9jar. En esta investigaci\u00f3n se han contemplado diferentes apartados organizados en los seis cap\u00edtulos que constituyen la tesis y relacionados \u00fanicamente con los muqarnas desarrollados en el arte isl\u00e1mico tanto en oriente como en occidente hasta el a\u00f1o 1500.     cuatro de los seis cap\u00edtulos se han desarrollado con un m\u00e1s car\u00e1cter general, atendiendo en primer lugar al origen y evoluci\u00f3n de los t\u00e9rminos muqarnas\/muqrbas y la castellanizaci\u00f3n en moc\u00e1rabe. en segundo lugar a la problem\u00e1tica existe respecto al origen geogr\u00e1fico de este elemento, planteando en primer lugar un estado de la cuesti\u00f3n y proponiendo hip\u00f3tesis propias. tercero, los esquemas constructivos y formales partiendo de las composiciones geom\u00e9tricas de estos elementos y en cuarto lugar, se han analizado las cuestiones relacionadas con el significado o valor simb\u00f3lico de las construcciones de muqarnas. Los dos cap\u00edtulos, suponen un recorrido por las diferentes manifestaciones desarrollados en oriente y en occidente desde el siglo xi hasta el xv para poner de manifiesto la evoluci\u00f3n formal, estructural y est\u00e9tica de estos elementos.<\/p>\n<p>&nbsp;<\/p>\n<h3>Datos acad\u00e9micos de la tesis doctoral \u00ab<strong>Compendio de los murqarnas: g\u00e9nesis y evoluci\u00f3n (siglos xi-xv)<\/strong>\u00ab<\/h3>\n<ul>\n<li><strong>T\u00edtulo de la tesis:<\/strong>\u00a0 Compendio de los murqarnas: g\u00e9nesis y evoluci\u00f3n (siglos xi-xv) <\/li>\n<li><strong>Autor:<\/strong>\u00a0 Alicia Carrillo Calderero <\/li>\n<li><strong>Universidad:<\/strong>\u00a0 C\u00f3rdoba<\/li>\n<li><strong>Fecha de lectura de la tesis:<\/strong>\u00a0 21\/06\/2007<\/li>\n<\/ul>\n<p>&nbsp;<\/p>\n<h3>Direcci\u00f3n y tribunal<\/h3>\n<ul>\n<li><strong>Director de la tesis<\/strong>\n<ul>\n<li> Raya Raya M. Angeles<\/li>\n<\/ul>\n<\/li>\n<li><strong>Tribunal<\/strong>\n<ul>\n<li>Presidente del tribunal: gonzalo Borras gualis <\/li>\n<li>Emilio Cabrero mu\u00f1oz (vocal)<\/li>\n<li>Rafael Pinilla melguizo (vocal)<\/li>\n<li>alfonso Jimenez martin (vocal)<\/li>\n<\/ul>\n<\/li>\n<\/ul>\n<p>&nbsp;<\/p>\n","protected":false},"excerpt":{"rendered":"<p>Tesis doctoral de Alicia Carrillo Calderero Compendio de los muqarnas: g\u00e9nesis y evoluci\u00f3n (siglos xi-xv) consiste en un estudio sobre [&hellip;]<\/p>\n","protected":false},"author":1,"featured_media":0,"comment_status":"open","ping_status":"open","sticky":false,"template":"","format":"standard","meta":{"site-sidebar-layout":"default","site-content-layout":"","ast-site-content-layout":"","site-content-style":"default","site-sidebar-style":"default","ast-global-header-display":"","ast-banner-title-visibility":"","ast-main-header-display":"","ast-hfb-above-header-display":"","ast-hfb-below-header-display":"","ast-hfb-mobile-header-display":"","site-post-title":"","ast-breadcrumbs-content":"","ast-featured-img":"","footer-sml-layout":"","theme-transparent-header-meta":"","adv-header-id-meta":"","stick-header-meta":"","header-above-stick-meta":"","header-main-stick-meta":"","header-below-stick-meta":"","astra-migrate-meta-layouts":"default","ast-page-background-enabled":"default","ast-page-background-meta":{"desktop":{"background-color":"var(--ast-global-color-4)","background-image":"","background-repeat":"repeat","background-position":"center center","background-size":"auto","background-attachment":"scroll","background-type":"","background-media":"","overlay-type":"","overlay-color":"","overlay-gradient":""},"tablet":{"background-color":"","background-image":"","background-repeat":"repeat","background-position":"center center","background-size":"auto","background-attachment":"scroll","background-type":"","background-media":"","overlay-type":"","overlay-color":"","overlay-gradient":""},"mobile":{"background-color":"","background-image":"","background-repeat":"repeat","background-position":"center center","background-size":"auto","background-attachment":"scroll","background-type":"","background-media":"","overlay-type":"","overlay-color":"","overlay-gradient":""}},"ast-content-background-meta":{"desktop":{"background-color":"var(--ast-global-color-5)","background-image":"","background-repeat":"repeat","background-position":"center center","background-size":"auto","background-attachment":"scroll","background-type":"","background-media":"","overlay-type":"","overlay-color":"","overlay-gradient":""},"tablet":{"background-color":"var(--ast-global-color-5)","background-image":"","background-repeat":"repeat","background-position":"center center","background-size":"auto","background-attachment":"scroll","background-type":"","background-media":"","overlay-type":"","overlay-color":"","overlay-gradient":""},"mobile":{"background-color":"var(--ast-global-color-5)","background-image":"","background-repeat":"repeat","background-position":"center center","background-size":"auto","background-attachment":"scroll","background-type":"","background-media":"","overlay-type":"","overlay-color":"","overlay-gradient":""}},"footnotes":""},"categories":[973,1745,1014,119],"tags":[4517,130768,130770,5824,102611,130769],"class_list":["post-59185","post","type-post","status-publish","format-standard","hentry","category-cordoba","category-historia-de-la-arquitectura","category-historia-del-arte","category-historia-medieval","tag-alfonso-jimenez-martin","tag-alicia-carrillo-calderero","tag-emilio-cabrero-munoz","tag-gonzalo-borras-gualis","tag-rafael-pinilla-melguizo","tag-raya-raya-m-angeles"],"_links":{"self":[{"href":"https:\/\/www.deberes.net\/tesis\/wp-json\/wp\/v2\/posts\/59185","targetHints":{"allow":["GET"]}}],"collection":[{"href":"https:\/\/www.deberes.net\/tesis\/wp-json\/wp\/v2\/posts"}],"about":[{"href":"https:\/\/www.deberes.net\/tesis\/wp-json\/wp\/v2\/types\/post"}],"author":[{"embeddable":true,"href":"https:\/\/www.deberes.net\/tesis\/wp-json\/wp\/v2\/users\/1"}],"replies":[{"embeddable":true,"href":"https:\/\/www.deberes.net\/tesis\/wp-json\/wp\/v2\/comments?post=59185"}],"version-history":[{"count":0,"href":"https:\/\/www.deberes.net\/tesis\/wp-json\/wp\/v2\/posts\/59185\/revisions"}],"wp:attachment":[{"href":"https:\/\/www.deberes.net\/tesis\/wp-json\/wp\/v2\/media?parent=59185"}],"wp:term":[{"taxonomy":"category","embeddable":true,"href":"https:\/\/www.deberes.net\/tesis\/wp-json\/wp\/v2\/categories?post=59185"},{"taxonomy":"post_tag","embeddable":true,"href":"https:\/\/www.deberes.net\/tesis\/wp-json\/wp\/v2\/tags?post=59185"}],"curies":[{"name":"wp","href":"https:\/\/api.w.org\/{rel}","templated":true}]}}