{"id":59233,"date":"2018-03-09T22:47:03","date_gmt":"2018-03-09T22:47:03","guid":{"rendered":"https:\/\/www.deberes.net\/tesis\/sin-categoria\/analisis-y-control-practico-de-bifurcaciones-en-circuitos-de-microondas-aplicaciones-a-sistemas-de-osciladores-acoplados\/"},"modified":"2018-03-09T22:47:03","modified_gmt":"2018-03-09T22:47:03","slug":"analisis-y-control-practico-de-bifurcaciones-en-circuitos-de-microondas-aplicaciones-a-sistemas-de-osciladores-acoplados","status":"publish","type":"post","link":"https:\/\/www.deberes.net\/tesis\/tecnologia-de-las-telecomunicaciones\/analisis-y-control-practico-de-bifurcaciones-en-circuitos-de-microondas-aplicaciones-a-sistemas-de-osciladores-acoplados\/","title":{"rendered":"Analisis y control pr\u00e1ctico de bifurcaciones en circuitos de microondas. aplicaciones a sistemas de osciladores acoplados"},"content":{"rendered":"<h2>Tesis doctoral de <strong> Ana Collado Garrido <\/strong><\/h2>\n<p>Una primera l\u00ednea de investigaci\u00f3n de la tesis ha consistido en el desarrollo de t\u00e9cnicas de detecci\u00f3n y control de bifurcaciones en circuitos n olineales. Este control de bifurcaciones se ha aplicado a la optimizaci\u00f3n del comportamiento de osciladores sincronizados, divisores de microondas, vcos,  en una segunda l\u00ednea se ha estudiado la presencia de inestabilidades en amplificadores de combinaci\u00f3n de potencia, y se han investigado distintas opciones de estabilizaci\u00f3n. una tercer l\u00ednea se han desarrollado herramientas para la simulaci\u00f3n de sistemas de osciladores acoplados. estos sistemas  constituyen una manera econ\u00f3mica y sencilla de variar el apuntamiento del haz en sistemas de antenas. Se ha desarrollado un modelo basado en una formulaci\u00f3n semianal\u00edtica del sistema que permite dise\u00f1ar estos circuitos de manera eficiente.<\/p>\n<p>&nbsp;<\/p>\n<h3>Datos acad\u00e9micos de la tesis doctoral \u00ab<strong>Analisis y control pr\u00e1ctico de bifurcaciones en circuitos de microondas. aplicaciones a sistemas de osciladores acoplados<\/strong>\u00ab<\/h3>\n<ul>\n<li><strong>T\u00edtulo de la tesis:<\/strong>\u00a0 Analisis y control pr\u00e1ctico de bifurcaciones en circuitos de microondas. aplicaciones a sistemas de osciladores acoplados <\/li>\n<li><strong>Autor:<\/strong>\u00a0 Ana Collado Garrido <\/li>\n<li><strong>Universidad:<\/strong>\u00a0 Cantabria<\/li>\n<li><strong>Fecha de lectura de la tesis:<\/strong>\u00a0 22\/06\/2007<\/li>\n<\/ul>\n<p>&nbsp;<\/p>\n<h3>Direcci\u00f3n y tribunal<\/h3>\n<ul>\n<li><strong>Director de la tesis<\/strong>\n<ul>\n<li>Almudena Suarez Rodriguez<\/li>\n<\/ul>\n<\/li>\n<li><strong>Tribunal<\/strong>\n<ul>\n<li>Presidente del tribunal:  Garcia garcia Jos\u00e9 Luis <\/li>\n<li>joaquin Portilla rubin (vocal)<\/li>\n<li>raumond Quere (vocal)<\/li>\n<li>v\u00edctor Ara\u00f1a pulido (vocal)<\/li>\n<\/ul>\n<\/li>\n<\/ul>\n<p>&nbsp;<\/p>\n","protected":false},"excerpt":{"rendered":"<p>Tesis doctoral de Ana Collado Garrido Una primera l\u00ednea de investigaci\u00f3n de la tesis ha consistido en el desarrollo de [&hellip;]<\/p>\n","protected":false},"author":1,"featured_media":0,"comment_status":"open","ping_status":"open","sticky":false,"template":"","format":"standard","meta":{"site-sidebar-layout":"default","site-content-layout":"","ast-site-content-layout":"","site-content-style":"default","site-sidebar-style":"default","ast-global-header-display":"","ast-banner-title-visibility":"","ast-main-header-display":"","ast-hfb-above-header-display":"","ast-hfb-below-header-display":"","ast-hfb-mobile-header-display":"","site-post-title":"","ast-breadcrumbs-content":"","ast-featured-img":"","footer-sml-layout":"","theme-transparent-header-meta":"","adv-header-id-meta":"","stick-header-meta":"","header-above-stick-meta":"","header-main-stick-meta":"","header-below-stick-meta":"","astra-migrate-meta-layouts":"default","ast-page-background-enabled":"default","ast-page-background-meta":{"desktop":{"background-color":"var(--ast-global-color-4)","background-image":"","background-repeat":"repeat","background-position":"center center","background-size":"auto","background-attachment":"scroll","background-type":"","background-media":"","overlay-type":"","overlay-color":"","overlay-gradient":""},"tablet":{"background-color":"","background-image":"","background-repeat":"repeat","background-position":"center center","background-size":"auto","background-attachment":"scroll","background-type":"","background-media":"","overlay-type":"","overlay-color":"","overlay-gradient":""},"mobile":{"background-color":"","background-image":"","background-repeat":"repeat","background-position":"center center","background-size":"auto","background-attachment":"scroll","background-type":"","background-media":"","overlay-type":"","overlay-color":"","overlay-gradient":""}},"ast-content-background-meta":{"desktop":{"background-color":"var(--ast-global-color-5)","background-image":"","background-repeat":"repeat","background-position":"center center","background-size":"auto","background-attachment":"scroll","background-type":"","background-media":"","overlay-type":"","overlay-color":"","overlay-gradient":""},"tablet":{"background-color":"var(--ast-global-color-5)","background-image":"","background-repeat":"repeat","background-position":"center center","background-size":"auto","background-attachment":"scroll","background-type":"","background-media":"","overlay-type":"","overlay-color":"","overlay-gradient":""},"mobile":{"background-color":"var(--ast-global-color-5)","background-image":"","background-repeat":"repeat","background-position":"center center","background-size":"auto","background-attachment":"scroll","background-type":"","background-media":"","overlay-type":"","overlay-color":"","overlay-gradient":""}},"footnotes":""},"categories":[10518,2489,3706],"tags":[49814,130871,2495,74368,130872,121454],"class_list":["post-59233","post","type-post","status-publish","format-standard","hentry","category-cantabria","category-tecnologia-de-las-telecomunicaciones","category-tecnologia-electronica","tag-almudena-suarez-rodriguez","tag-ana-collado-garrido","tag-garcia-garcia-jose-luis","tag-joaquin-portilla-rubin","tag-raumond-quere","tag-victor-arana-pulido"],"_links":{"self":[{"href":"https:\/\/www.deberes.net\/tesis\/wp-json\/wp\/v2\/posts\/59233","targetHints":{"allow":["GET"]}}],"collection":[{"href":"https:\/\/www.deberes.net\/tesis\/wp-json\/wp\/v2\/posts"}],"about":[{"href":"https:\/\/www.deberes.net\/tesis\/wp-json\/wp\/v2\/types\/post"}],"author":[{"embeddable":true,"href":"https:\/\/www.deberes.net\/tesis\/wp-json\/wp\/v2\/users\/1"}],"replies":[{"embeddable":true,"href":"https:\/\/www.deberes.net\/tesis\/wp-json\/wp\/v2\/comments?post=59233"}],"version-history":[{"count":0,"href":"https:\/\/www.deberes.net\/tesis\/wp-json\/wp\/v2\/posts\/59233\/revisions"}],"wp:attachment":[{"href":"https:\/\/www.deberes.net\/tesis\/wp-json\/wp\/v2\/media?parent=59233"}],"wp:term":[{"taxonomy":"category","embeddable":true,"href":"https:\/\/www.deberes.net\/tesis\/wp-json\/wp\/v2\/categories?post=59233"},{"taxonomy":"post_tag","embeddable":true,"href":"https:\/\/www.deberes.net\/tesis\/wp-json\/wp\/v2\/tags?post=59233"}],"curies":[{"name":"wp","href":"https:\/\/api.w.org\/{rel}","templated":true}]}}