{"id":59254,"date":"2018-03-09T22:47:06","date_gmt":"2018-03-09T22:47:06","guid":{"rendered":"https:\/\/www.deberes.net\/tesis\/sin-categoria\/estudio-y-planificacion-de-las-bibliotecas-publicas-de-la-ciudad-de-a-coruna\/"},"modified":"2018-03-09T22:47:06","modified_gmt":"2018-03-09T22:47:06","slug":"estudio-y-planificacion-de-las-bibliotecas-publicas-de-la-ciudad-de-a-coruna","status":"publish","type":"post","link":"https:\/\/www.deberes.net\/tesis\/documentacion\/estudio-y-planificacion-de-las-bibliotecas-publicas-de-la-ciudad-de-a-coruna\/","title":{"rendered":"Estudio y planificacion de las bibliotecas publicas de la ciudad de a coru\u00f1a"},"content":{"rendered":"<h2>Tesis doctoral de <strong> Susana Menendez Seoane <\/strong><\/h2>\n<p>Esta tesis plantea un estudio te\u00f3rico-pr\u00e1ctico de planificaci\u00f3n bibliotecaria. Para ello se realiza una an\u00e1lisis de la teor\u00eda de la planificaci\u00f3n y de su aplicaci\u00f3n a la administraci\u00f3n de bibliotecas que sirve como cimiento para el desarrollo de un caso pr\u00e1ctico: el desarrollo de un plan para las bibliotecas p\u00fablicas de a coru\u00f1a. para analizar la situaci\u00f3n real de las bibliotecas citadas se han recogido datos estad\u00edsticos desde 1995 que nos servir\u00e1n, una vez contrastados con los est\u00e1ndares pertinentes, para establecer una propuesta de mejora de los servicios bibliotecarios y una serie de conclusiones.<\/p>\n<p>&nbsp;<\/p>\n<h3>Datos acad\u00e9micos de la tesis doctoral \u00ab<strong>Estudio y planificacion de las bibliotecas publicas de la ciudad de a coru\u00f1a<\/strong>\u00ab<\/h3>\n<ul>\n<li><strong>T\u00edtulo de la tesis:<\/strong>\u00a0 Estudio y planificacion de las bibliotecas publicas de la ciudad de a coru\u00f1a <\/li>\n<li><strong>Autor:<\/strong>\u00a0 Susana Menendez Seoane <\/li>\n<li><strong>Universidad:<\/strong>\u00a0 A coru\u00f1a<\/li>\n<li><strong>Fecha de lectura de la tesis:<\/strong>\u00a0 22\/06\/2007<\/li>\n<\/ul>\n<p>&nbsp;<\/p>\n<h3>Direcci\u00f3n y tribunal<\/h3>\n<ul>\n<li><strong>Director de la tesis<\/strong>\n<ul>\n<li>Juan  Jose Fuentes  Romero<\/li>\n<\/ul>\n<\/li>\n<li><strong>Tribunal<\/strong>\n<ul>\n<li>Presidente del tribunal: mercedes Caridad sebastian <\/li>\n<li>Antonio Bereijo mart\u00ednez (vocal)<\/li>\n<li>fern\u00e1ndo Ramos sim\u00f3n (vocal)<\/li>\n<li>cristina Herrero pascual (vocal)<\/li>\n<\/ul>\n<\/li>\n<\/ul>\n<p>&nbsp;<\/p>\n","protected":false},"excerpt":{"rendered":"<p>Tesis doctoral de Susana Menendez Seoane Esta tesis plantea un estudio te\u00f3rico-pr\u00e1ctico de planificaci\u00f3n bibliotecaria. Para ello se realiza una [&hellip;]<\/p>\n","protected":false},"author":1,"featured_media":0,"comment_status":"open","ping_status":"open","sticky":false,"template":"","format":"standard","meta":{"site-sidebar-layout":"default","site-content-layout":"","ast-site-content-layout":"","site-content-style":"default","site-sidebar-style":"default","ast-global-header-display":"","ast-banner-title-visibility":"","ast-main-header-display":"","ast-hfb-above-header-display":"","ast-hfb-below-header-display":"","ast-hfb-mobile-header-display":"","site-post-title":"","ast-breadcrumbs-content":"","ast-featured-img":"","footer-sml-layout":"","theme-transparent-header-meta":"","adv-header-id-meta":"","stick-header-meta":"","header-above-stick-meta":"","header-main-stick-meta":"","header-below-stick-meta":"","astra-migrate-meta-layouts":"default","ast-page-background-enabled":"default","ast-page-background-meta":{"desktop":{"background-color":"var(--ast-global-color-4)","background-image":"","background-repeat":"repeat","background-position":"center center","background-size":"auto","background-attachment":"scroll","background-type":"","background-media":"","overlay-type":"","overlay-color":"","overlay-gradient":""},"tablet":{"background-color":"","background-image":"","background-repeat":"repeat","background-position":"center center","background-size":"auto","background-attachment":"scroll","background-type":"","background-media":"","overlay-type":"","overlay-color":"","overlay-gradient":""},"mobile":{"background-color":"","background-image":"","background-repeat":"repeat","background-position":"center center","background-size":"auto","background-attachment":"scroll","background-type":"","background-media":"","overlay-type":"","overlay-color":"","overlay-gradient":""}},"ast-content-background-meta":{"desktop":{"background-color":"var(--ast-global-color-5)","background-image":"","background-repeat":"repeat","background-position":"center center","background-size":"auto","background-attachment":"scroll","background-type":"","background-media":"","overlay-type":"","overlay-color":"","overlay-gradient":""},"tablet":{"background-color":"var(--ast-global-color-5)","background-image":"","background-repeat":"repeat","background-position":"center center","background-size":"auto","background-attachment":"scroll","background-type":"","background-media":"","overlay-type":"","overlay-color":"","overlay-gradient":""},"mobile":{"background-color":"var(--ast-global-color-5)","background-image":"","background-repeat":"repeat","background-position":"center center","background-size":"auto","background-attachment":"scroll","background-type":"","background-media":"","overlay-type":"","overlay-color":"","overlay-gradient":""}},"footnotes":""},"categories":[18576,5526,17285,9098],"tags":[52820,50623,7827,130926,6939,130925],"class_list":["post-59254","post","type-post","status-publish","format-standard","hentry","category-a-coruna","category-documentacion","category-empresas-de-servicios-publicos","category-gestion-administrativa","tag-antonio-bereijo-Martinez","tag-cristina-herrero-pascual","tag-fernando-ramos-simon","tag-juan-jose-fuentes-romero","tag-mercedes-caridad-sebastian","tag-susana-menendez-seoane"],"_links":{"self":[{"href":"https:\/\/www.deberes.net\/tesis\/wp-json\/wp\/v2\/posts\/59254","targetHints":{"allow":["GET"]}}],"collection":[{"href":"https:\/\/www.deberes.net\/tesis\/wp-json\/wp\/v2\/posts"}],"about":[{"href":"https:\/\/www.deberes.net\/tesis\/wp-json\/wp\/v2\/types\/post"}],"author":[{"embeddable":true,"href":"https:\/\/www.deberes.net\/tesis\/wp-json\/wp\/v2\/users\/1"}],"replies":[{"embeddable":true,"href":"https:\/\/www.deberes.net\/tesis\/wp-json\/wp\/v2\/comments?post=59254"}],"version-history":[{"count":0,"href":"https:\/\/www.deberes.net\/tesis\/wp-json\/wp\/v2\/posts\/59254\/revisions"}],"wp:attachment":[{"href":"https:\/\/www.deberes.net\/tesis\/wp-json\/wp\/v2\/media?parent=59254"}],"wp:term":[{"taxonomy":"category","embeddable":true,"href":"https:\/\/www.deberes.net\/tesis\/wp-json\/wp\/v2\/categories?post=59254"},{"taxonomy":"post_tag","embeddable":true,"href":"https:\/\/www.deberes.net\/tesis\/wp-json\/wp\/v2\/tags?post=59254"}],"curies":[{"name":"wp","href":"https:\/\/api.w.org\/{rel}","templated":true}]}}