{"id":59278,"date":"2018-03-09T22:47:06","date_gmt":"2018-03-09T22:47:06","guid":{"rendered":"https:\/\/www.deberes.net\/tesis\/sin-categoria\/el-corpus-epistolr-de-cipriano-de-cartago-249-258-estructura-composicion-y-cronologa%c2%ada\/"},"modified":"2018-03-09T22:47:06","modified_gmt":"2018-03-09T22:47:06","slug":"el-corpus-epistolr-de-cipriano-de-cartago-249-258-estructura-composicion-y-cronologa%c2%ada","status":"publish","type":"post","link":"https:\/\/www.deberes.net\/tesis\/historia-general\/el-corpus-epistolr-de-cipriano-de-cartago-249-258-estructura-composicion-y-cronologa%c2%ada\/","title":{"rendered":"El corpus epistolr de cipriano de cartago (249-258), estructura, composici\u00f3n  y cronolog\u00eda"},"content":{"rendered":"<h2>Tesis doctoral de <strong> Ricard Salcedo G\u00f3mez <\/strong><\/h2>\n<p>El estudio centra su inter\u00e9s en el epistolario de cipriano, obispo de cartago del 249 al 258. Las aportaciones m\u00e1s destacadas cabe situarlas en una nueva ordenaci\u00f3n l\u00f3gica de las cartas siguiendo el criterio cronol\u00f3gico; la nueva dataci\u00f3n de muchas misivas o la precisi\u00f3n de un segmento temporal, la identificaci\u00f3n y reconstrucci\u00f3n parcial de cartas que en su d\u00eda formaron parte del corpus epistolar ciprianeo, pero que la tradici\u00f3n manuscrita no ha conservado. Efectivamente, se han detectado 46 epistolas actualmente no conservadas, con las cuales se eleva la cifra total del epistolario a, como m\u00ednimo, 127 cartas. en otro orden de cosas, el corpus epistolar ciprianeo contiene diversas cartas sinodales: las referidas al concilio de primavera del 251; las que se coligen de los celebrados durante la primavera del 252 y del 253; la carta 67 que evidencia la existencia de la asamblea episcopal convocada en el oto\u00f1o del 254; la ep\u00edstola 70 que refleja la asistencia de 31 obispos en el sinodo celebrado en cartago en la primavera del 255. Disponemos, adem\u00e1s, de un testimonio epistolar que apunta la posibilidad de la existencia de un conciclio celebrado en cartado durante la primavera del 257. El estudio de la carta 1 nos ha proporcionado indicios suficientes para sugerir -aunque con cautela- la posibilidad de la celebraci\u00f3n de un concilio en cartago durante la primavera del 257, cuya existencia nunca se ha postulado. Para apuntar dicha probabilidad, hemos tenido presente la costumbre mantenida por cipriano, durante todo su episcopado, de convocar un s\u00ednodo despu\u00e9s de la festividad de pascua. la investigaci\u00f3n contiene un elenco de todos los personajes que aparecen en el epistolario ciprianeo. Este estudio exhaustivo ha permitido precisar la identidad de 325 personajes, corrigiendo, cuando ha sido posible, algunas afirmaciones defendidas por otros investigadores. En el ap\u00e9ndice 4.6 quedan recogidos, por primera vez, todos los nombres mencionados, ejercieran o no alg\u00fan cargo eclesi\u00e1stico y cualquiera que fuera su procedencia. Adem\u00e1s, hemos creido conveniente a\u00f1adir a la lista todos los obispos que participaron en el concilio cartagin\u00e9s celebrado el 1 de septiembre del 256, por ser coet\u00e1neos de cipriano y por haber afrontado conjuntamente el conflicto del rebautismo.<\/p>\n<p>&nbsp;<\/p>\n<h3>Datos acad\u00e9micos de la tesis doctoral \u00ab<strong>El corpus epistolr de cipriano de cartago (249-258), estructura, composici\u00f3n  y cronolog\u00eda<\/strong>\u00ab<\/h3>\n<ul>\n<li><strong>T\u00edtulo de la tesis:<\/strong>\u00a0 El corpus epistolr de cipriano de cartago (249-258), estructura, composici\u00f3n  y cronolog\u00eda <\/li>\n<li><strong>Autor:<\/strong>\u00a0 Ricard Salcedo G\u00f3mez <\/li>\n<li><strong>Universidad:<\/strong>\u00a0 Barcelona<\/li>\n<li><strong>Fecha de lectura de la tesis:<\/strong>\u00a0 22\/06\/2007<\/li>\n<\/ul>\n<p>&nbsp;<\/p>\n<h3>Direcci\u00f3n y tribunal<\/h3>\n<ul>\n<li><strong>Director de la tesis<\/strong>\n<ul>\n<li>Josep Vilella Masana<\/li>\n<\/ul>\n<\/li>\n<li><strong>Tribunal<\/strong>\n<ul>\n<li>Presidente del tribunal: ram\u00f3n Teja caruso <\/li>\n<li>Santiago Montero herrero (vocal)<\/li>\n<li>Jos\u00e9 Fernandez ubi\u00f1a (vocal)<\/li>\n<li>pere enric Barreda edo (vocal)<\/li>\n<\/ul>\n<\/li>\n<\/ul>\n<p>&nbsp;<\/p>\n","protected":false},"excerpt":{"rendered":"<p>Tesis doctoral de Ricard Salcedo G\u00f3mez El estudio centra su inter\u00e9s en el epistolario de cipriano, obispo de cartago del [&hellip;]<\/p>\n","protected":false},"author":1,"featured_media":0,"comment_status":"open","ping_status":"open","sticky":false,"template":"","format":"standard","meta":{"site-sidebar-layout":"default","site-content-layout":"","ast-site-content-layout":"","site-content-style":"default","site-sidebar-style":"default","ast-global-header-display":"","ast-banner-title-visibility":"","ast-main-header-display":"","ast-hfb-above-header-display":"","ast-hfb-below-header-display":"","ast-hfb-mobile-header-display":"","site-post-title":"","ast-breadcrumbs-content":"","ast-featured-img":"","footer-sml-layout":"","theme-transparent-header-meta":"","adv-header-id-meta":"","stick-header-meta":"","header-above-stick-meta":"","header-main-stick-meta":"","header-below-stick-meta":"","astra-migrate-meta-layouts":"default","ast-page-background-enabled":"default","ast-page-background-meta":{"desktop":{"background-color":"var(--ast-global-color-4)","background-image":"","background-repeat":"repeat","background-position":"center center","background-size":"auto","background-attachment":"scroll","background-type":"","background-media":"","overlay-type":"","overlay-color":"","overlay-gradient":""},"tablet":{"background-color":"","background-image":"","background-repeat":"repeat","background-position":"center center","background-size":"auto","background-attachment":"scroll","background-type":"","background-media":"","overlay-type":"","overlay-color":"","overlay-gradient":""},"mobile":{"background-color":"","background-image":"","background-repeat":"repeat","background-position":"center center","background-size":"auto","background-attachment":"scroll","background-type":"","background-media":"","overlay-type":"","overlay-color":"","overlay-gradient":""}},"ast-content-background-meta":{"desktop":{"background-color":"var(--ast-global-color-5)","background-image":"","background-repeat":"repeat","background-position":"center center","background-size":"auto","background-attachment":"scroll","background-type":"","background-media":"","overlay-type":"","overlay-color":"","overlay-gradient":""},"tablet":{"background-color":"var(--ast-global-color-5)","background-image":"","background-repeat":"repeat","background-position":"center center","background-size":"auto","background-attachment":"scroll","background-type":"","background-media":"","overlay-type":"","overlay-color":"","overlay-gradient":""},"mobile":{"background-color":"var(--ast-global-color-5)","background-image":"","background-repeat":"repeat","background-position":"center center","background-size":"auto","background-attachment":"scroll","background-type":"","background-media":"","overlay-type":"","overlay-color":"","overlay-gradient":""}},"footnotes":""},"categories":[951,106],"tags":[42175,45016,130981,130980,130979,86835],"class_list":["post-59278","post","type-post","status-publish","format-standard","hentry","category-barcelona","category-historia-general","tag-jose-fernandez-ubina","tag-josep-vilella-masana","tag-pere-enric-barreda-edo","tag-ramon-teja-caruso","tag-ricard-salcedo-gomez","tag-santiago-montero-herrero"],"_links":{"self":[{"href":"https:\/\/www.deberes.net\/tesis\/wp-json\/wp\/v2\/posts\/59278","targetHints":{"allow":["GET"]}}],"collection":[{"href":"https:\/\/www.deberes.net\/tesis\/wp-json\/wp\/v2\/posts"}],"about":[{"href":"https:\/\/www.deberes.net\/tesis\/wp-json\/wp\/v2\/types\/post"}],"author":[{"embeddable":true,"href":"https:\/\/www.deberes.net\/tesis\/wp-json\/wp\/v2\/users\/1"}],"replies":[{"embeddable":true,"href":"https:\/\/www.deberes.net\/tesis\/wp-json\/wp\/v2\/comments?post=59278"}],"version-history":[{"count":0,"href":"https:\/\/www.deberes.net\/tesis\/wp-json\/wp\/v2\/posts\/59278\/revisions"}],"wp:attachment":[{"href":"https:\/\/www.deberes.net\/tesis\/wp-json\/wp\/v2\/media?parent=59278"}],"wp:term":[{"taxonomy":"category","embeddable":true,"href":"https:\/\/www.deberes.net\/tesis\/wp-json\/wp\/v2\/categories?post=59278"},{"taxonomy":"post_tag","embeddable":true,"href":"https:\/\/www.deberes.net\/tesis\/wp-json\/wp\/v2\/tags?post=59278"}],"curies":[{"name":"wp","href":"https:\/\/api.w.org\/{rel}","templated":true}]}}