{"id":59315,"date":"2018-03-09T22:47:10","date_gmt":"2018-03-09T22:47:10","guid":{"rendered":"https:\/\/www.deberes.net\/tesis\/sin-categoria\/creacion-musical-e-ideologa%c2%adas-la-estetica-de-la-postmodernidad-frente-a-la-estetica-moderna\/"},"modified":"2018-03-09T22:47:10","modified_gmt":"2018-03-09T22:47:10","slug":"creacion-musical-e-ideologa%c2%adas-la-estetica-de-la-postmodernidad-frente-a-la-estetica-moderna","status":"publish","type":"post","link":"https:\/\/www.deberes.net\/tesis\/musica-y-musicologia\/creacion-musical-e-ideologa%c2%adas-la-estetica-de-la-postmodernidad-frente-a-la-estetica-moderna\/","title":{"rendered":"Creaci\u00f3n musical e ideolog\u00edas: la est\u00e9tica de la postmodernidad frente a la est\u00e9tica moderna."},"content":{"rendered":"<h2>Tesis doctoral de <strong> Ainhoa Kaiero Claver <\/strong><\/h2>\n<p>El objeto del trabajo es discernir las coordenadas que definen una est\u00e9tica postmoderna en el \u00e1mbito de la m\u00fasica, estableciendo una diferencia y comparaci\u00f3n con la est\u00e9tica de la m\u00fasica moderna. contemplamos la modernidad y la postmodernidad como dos ideolog\u00edas difernetes que inciden en la creaci\u00f3n musical (nos centramos en la parte po\u00e9tica). Inicialmente hemos analizado ambos discrusos en el terreno del pensamiento y de la filosof\u00eda, y posteriormente hemos visto su incidencia en el \u00e1mbito espec\u00edfico de la m\u00fasica (considerando ambos planteamientos no como una traslaci\u00f3n externa, sino como paradigmas que surgen a partir de las problem\u00e1ticas espec\u00edficas que los compositore sse encuentran en el campo musical). el discurso moderno y el postmoderno constituyen dos ficciones diferentes en relaci\u00f3n a un nuevo contexto socio-econ\u00f3mico, y cultural que se aleja de las coordenadas del mundo tradicional. La sociedad de mercado genera cambios en el r\u00e9gimen de la propiedad, y consiguientemente, en la articulaci\u00f3n de los procesos identitarios. con la implantaci\u00f3n del r\u00e9gimen de mercado, se produce una emancipaci\u00f3n de la m\u00fasica respecto a su inmersi\u00f3n inicial en un contexto social unitario y la consiguiente emergencia de diversas categor\u00edas y \u00e1mbitos diferenciados: la obra musical aut\u00f3noma, la creaci\u00f3n de un dominio espec\u00edficamente musical, la aprici\u00f3n de una esfera aut\u00f3noma del arte. Nuestro trabajo acomete un examen de la articulaci\u00f3n de estas categor\u00edas en cada una de las dos est\u00e9ticas. la est\u00e9tica moderna plantea una articulaci\u00f3n dial\u00e9ctica de cada uno de estos m\u00e1mbitos. Esta articulaci\u00f3n se realiza en funci\u00f3n de dos orientaciones de la diet\u00e9ctica distintas que proyectan dos vertientes est\u00e9ticas diferentes. La primera de ellas, cl\u00e1sica , se corresponde con la concepci\u00f3n positiva a idealista dela dial\u00e9ctica hegeliana. Dentro de ella se inscriben la concepci\u00f3n de una forma cl\u00e1sica caracterizada por el ideal de clausura y m\u00e1xim<\/p>\n<p>&nbsp;<\/p>\n<h3>Datos acad\u00e9micos de la tesis doctoral \u00ab<strong>Creaci\u00f3n musical e ideolog\u00edas: la est\u00e9tica de la postmodernidad frente a la est\u00e9tica moderna.<\/strong>\u00ab<\/h3>\n<ul>\n<li><strong>T\u00edtulo de la tesis:<\/strong>\u00a0 Creaci\u00f3n musical e ideolog\u00edas: la est\u00e9tica de la postmodernidad frente a la est\u00e9tica moderna. <\/li>\n<li><strong>Autor:<\/strong>\u00a0 Ainhoa Kaiero Claver <\/li>\n<li><strong>Universidad:<\/strong>\u00a0 Aut\u00f3noma de barcelona<\/li>\n<li><strong>Fecha de lectura de la tesis:<\/strong>\u00a0 25\/06\/2007<\/li>\n<\/ul>\n<p>&nbsp;<\/p>\n<h3>Direcci\u00f3n y tribunal<\/h3>\n<ul>\n<li><strong>Director de la tesis<\/strong>\n<ul>\n<li> Cort\u00e9s I Mir Francesc<\/li>\n<\/ul>\n<\/li>\n<li><strong>Tribunal<\/strong>\n<ul>\n<li>Presidente del tribunal: jordi Iba\u00f1ez <\/li>\n<li>ruben Lopez cano (vocal)<\/li>\n<li>jessica Jaques pi (vocal)<\/li>\n<li>v\u00edctor S\u00e1nchez s\u00e1nchez (vocal)<\/li>\n<\/ul>\n<\/li>\n<\/ul>\n<p>&nbsp;<\/p>\n","protected":false},"excerpt":{"rendered":"<p>Tesis doctoral de Ainhoa Kaiero Claver El objeto del trabajo es discernir las coordenadas que definen una est\u00e9tica postmoderna en [&hellip;]<\/p>\n","protected":false},"author":1,"featured_media":0,"comment_status":"open","ping_status":"open","sticky":false,"template":"","format":"standard","meta":{"site-sidebar-layout":"default","site-content-layout":"","ast-site-content-layout":"","site-content-style":"default","site-sidebar-style":"default","ast-global-header-display":"","ast-banner-title-visibility":"","ast-main-header-display":"","ast-hfb-above-header-display":"","ast-hfb-below-header-display":"","ast-hfb-mobile-header-display":"","site-post-title":"","ast-breadcrumbs-content":"","ast-featured-img":"","footer-sml-layout":"","theme-transparent-header-meta":"","adv-header-id-meta":"","stick-header-meta":"","header-above-stick-meta":"","header-main-stick-meta":"","header-below-stick-meta":"","astra-migrate-meta-layouts":"default","ast-page-background-enabled":"default","ast-page-background-meta":{"desktop":{"background-color":"var(--ast-global-color-4)","background-image":"","background-repeat":"repeat","background-position":"center center","background-size":"auto","background-attachment":"scroll","background-type":"","background-media":"","overlay-type":"","overlay-color":"","overlay-gradient":""},"tablet":{"background-color":"","background-image":"","background-repeat":"repeat","background-position":"center center","background-size":"auto","background-attachment":"scroll","background-type":"","background-media":"","overlay-type":"","overlay-color":"","overlay-gradient":""},"mobile":{"background-color":"","background-image":"","background-repeat":"repeat","background-position":"center center","background-size":"auto","background-attachment":"scroll","background-type":"","background-media":"","overlay-type":"","overlay-color":"","overlay-gradient":""}},"ast-content-background-meta":{"desktop":{"background-color":"var(--ast-global-color-5)","background-image":"","background-repeat":"repeat","background-position":"center center","background-size":"auto","background-attachment":"scroll","background-type":"","background-media":"","overlay-type":"","overlay-color":"","overlay-gradient":""},"tablet":{"background-color":"var(--ast-global-color-5)","background-image":"","background-repeat":"repeat","background-position":"center center","background-size":"auto","background-attachment":"scroll","background-type":"","background-media":"","overlay-type":"","overlay-color":"","overlay-gradient":""},"mobile":{"background-color":"var(--ast-global-color-5)","background-image":"","background-repeat":"repeat","background-position":"center center","background-size":"auto","background-attachment":"scroll","background-type":"","background-media":"","overlay-type":"","overlay-color":"","overlay-gradient":""}},"footnotes":""},"categories":[9132],"tags":[131055,131056,100498,131057,131058,103100],"class_list":["post-59315","post","type-post","status-publish","format-standard","hentry","category-musica-y-musicologia","tag-ainhoa-kaiero-claver","tag-cortas-i-mir-francesc","tag-jessica-jaques-pi","tag-jordi-ibanez","tag-ruben-lopez-cano","tag-victor-sanchez-sanchez"],"_links":{"self":[{"href":"https:\/\/www.deberes.net\/tesis\/wp-json\/wp\/v2\/posts\/59315","targetHints":{"allow":["GET"]}}],"collection":[{"href":"https:\/\/www.deberes.net\/tesis\/wp-json\/wp\/v2\/posts"}],"about":[{"href":"https:\/\/www.deberes.net\/tesis\/wp-json\/wp\/v2\/types\/post"}],"author":[{"embeddable":true,"href":"https:\/\/www.deberes.net\/tesis\/wp-json\/wp\/v2\/users\/1"}],"replies":[{"embeddable":true,"href":"https:\/\/www.deberes.net\/tesis\/wp-json\/wp\/v2\/comments?post=59315"}],"version-history":[{"count":0,"href":"https:\/\/www.deberes.net\/tesis\/wp-json\/wp\/v2\/posts\/59315\/revisions"}],"wp:attachment":[{"href":"https:\/\/www.deberes.net\/tesis\/wp-json\/wp\/v2\/media?parent=59315"}],"wp:term":[{"taxonomy":"category","embeddable":true,"href":"https:\/\/www.deberes.net\/tesis\/wp-json\/wp\/v2\/categories?post=59315"},{"taxonomy":"post_tag","embeddable":true,"href":"https:\/\/www.deberes.net\/tesis\/wp-json\/wp\/v2\/tags?post=59315"}],"curies":[{"name":"wp","href":"https:\/\/api.w.org\/{rel}","templated":true}]}}