{"id":59363,"date":"2018-03-09T22:47:10","date_gmt":"2018-03-09T22:47:10","guid":{"rendered":"https:\/\/www.deberes.net\/tesis\/sin-categoria\/el-capital-social-como-factor-inhibidor-de-la-relocalizacion-empresarial-una-aplicacion-al-distrito-industrial-de-la-ceramica-espanola\/"},"modified":"2018-03-09T22:47:10","modified_gmt":"2018-03-09T22:47:10","slug":"el-capital-social-como-factor-inhibidor-de-la-relocalizacion-empresarial-una-aplicacion-al-distrito-industrial-de-la-ceramica-espanola","status":"publish","type":"post","link":"https:\/\/www.deberes.net\/tesis\/organizacion-de-la-produccion\/el-capital-social-como-factor-inhibidor-de-la-relocalizacion-empresarial-una-aplicacion-al-distrito-industrial-de-la-ceramica-espanola\/","title":{"rendered":"El capital social como factor inhibidor de la relocalizaci\u00f3n empresarial. una aplicaci\u00f3n al distrito industrial de la cer\u00e1mica espa\u00f1ola."},"content":{"rendered":"<h2>Tesis doctoral de <strong> Mar\u00eda  Angeles Ares Vazquez <\/strong><\/h2>\n<p>El fen\u00f3meno de la deslocalizaci\u00f3n es hoy muy nombrado y conocido por todos. Como estrategia empresarial no es nueva, pero era pr\u00e1cticamente monopolio de las grandes empresas multinacionales. La proliferaci\u00f3n de este fen\u00f3meno ha sido impulsada por el proceso de globalizaci\u00f3n que caracteriza la econom\u00eda, pero se presetaba siempre con la caracter\u00edstica especial de la desvinculaci\u00f3n del territorio.  parad\u00f3jicamente, si bien la competencia es cada vez m\u00e1s global, la localizaci\u00f3n empresarial e industrial est\u00e1 cada vez m\u00e1s restringida a determinadas zonas. Y el fen\u00f3meno de la deslocalizaci\u00f3n se ha manifestado como un reforzamiento de los lazos de las empresas al territorio nacional o regional. El territorio pasa a ser un nexo importante, y concretamente cuando este fen\u00f3meno se presenta en las pymes que participan activamente en un distrito industrial, lo identificamos como relocalizaci\u00f3n.  dicho proceso en las empresas multinacionales desvinculada del territorio, ha sido objeto de numerosos estudios econ\u00f3micos pero nos encontramos con la ausencia de estudios acerca de las causas y consecuencias que explicar\u00edan la presencia o ausencia del proceso de localizaci\u00f3n en los distritos industriales.  nuestro trabajo pretender abordar un tema que en nuestra opini\u00f3n no est\u00e1 todav\u00eda resuelto, como es el an\u00e1lisis de los procesos de relocalizaci\u00f3n de actividades en los distritos industriales. Sin entrar a valorar m\u00e1s all\u00e1 de sus aspectos econ\u00f3micos, nuestra hip\u00f3tesis de partida plantea que las mismas caracter\u00edsticas definitorias del distrito, en t\u00e9rminos de cohesi\u00f1on social y confianza que en su d\u00eda han sido las responsables de su ventaja competitiva pueden en el actual contexto convertirse en un factor de freno o inhibidor del proceso de relocalizaci\u00f3n.<\/p>\n<p>&nbsp;<\/p>\n<h3>Datos acad\u00e9micos de la tesis doctoral \u00ab<strong>El capital social como factor inhibidor de la relocalizaci\u00f3n empresarial. una aplicaci\u00f3n al distrito industrial de la cer\u00e1mica espa\u00f1ola.<\/strong>\u00ab<\/h3>\n<ul>\n<li><strong>T\u00edtulo de la tesis:<\/strong>\u00a0 El capital social como factor inhibidor de la relocalizaci\u00f3n empresarial. una aplicaci\u00f3n al distrito industrial de la cer\u00e1mica espa\u00f1ola. <\/li>\n<li><strong>Autor:<\/strong>\u00a0 Mar\u00eda  Angeles Ares Vazquez <\/li>\n<li><strong>Universidad:<\/strong>\u00a0 Universitat de val\u00e9ncia (estudi general)<\/li>\n<li><strong>Fecha de lectura de la tesis:<\/strong>\u00a0 26\/06\/2007<\/li>\n<\/ul>\n<p>&nbsp;<\/p>\n<h3>Direcci\u00f3n y tribunal<\/h3>\n<ul>\n<li><strong>Director de la tesis<\/strong>\n<ul>\n<li>Jos\u00e9 Mar\u00eda Jord\u00e1n Galduf<\/li>\n<\/ul>\n<\/li>\n<li><strong>Tribunal<\/strong>\n<ul>\n<li>Presidente del tribunal: Juan  ramon Cuadrado roura <\/li>\n<li>josep antoni Ybarra p\u00e9rez (vocal)<\/li>\n<li> Gu\u00eda julve jaume \u00f3scar (vocal)<\/li>\n<li>Francisco P\u00e9rez Garc\u00eda (vocal)<\/li>\n<\/ul>\n<\/li>\n<\/ul>\n<p>&nbsp;<\/p>\n","protected":false},"excerpt":{"rendered":"<p>Tesis doctoral de Mar\u00eda Angeles Ares Vazquez El fen\u00f3meno de la deslocalizaci\u00f3n es hoy muy nombrado y conocido por todos. [&hellip;]<\/p>\n","protected":false},"author":1,"featured_media":0,"comment_status":"open","ping_status":"open","sticky":false,"template":"","format":"standard","meta":{"site-sidebar-layout":"default","site-content-layout":"","ast-site-content-layout":"","site-content-style":"default","site-sidebar-style":"default","ast-global-header-display":"","ast-banner-title-visibility":"","ast-main-header-display":"","ast-hfb-above-header-display":"","ast-hfb-below-header-display":"","ast-hfb-mobile-header-display":"","site-post-title":"","ast-breadcrumbs-content":"","ast-featured-img":"","footer-sml-layout":"","theme-transparent-header-meta":"","adv-header-id-meta":"","stick-header-meta":"","header-above-stick-meta":"","header-main-stick-meta":"","header-below-stick-meta":"","astra-migrate-meta-layouts":"default","ast-page-background-enabled":"default","ast-page-background-meta":{"desktop":{"background-color":"var(--ast-global-color-4)","background-image":"","background-repeat":"repeat","background-position":"center center","background-size":"auto","background-attachment":"scroll","background-type":"","background-media":"","overlay-type":"","overlay-color":"","overlay-gradient":""},"tablet":{"background-color":"","background-image":"","background-repeat":"repeat","background-position":"center center","background-size":"auto","background-attachment":"scroll","background-type":"","background-media":"","overlay-type":"","overlay-color":"","overlay-gradient":""},"mobile":{"background-color":"","background-image":"","background-repeat":"repeat","background-position":"center center","background-size":"auto","background-attachment":"scroll","background-type":"","background-media":"","overlay-type":"","overlay-color":"","overlay-gradient":""}},"ast-content-background-meta":{"desktop":{"background-color":"var(--ast-global-color-5)","background-image":"","background-repeat":"repeat","background-position":"center center","background-size":"auto","background-attachment":"scroll","background-type":"","background-media":"","overlay-type":"","overlay-color":"","overlay-gradient":""},"tablet":{"background-color":"var(--ast-global-color-5)","background-image":"","background-repeat":"repeat","background-position":"center center","background-size":"auto","background-attachment":"scroll","background-type":"","background-media":"","overlay-type":"","overlay-color":"","overlay-gradient":""},"mobile":{"background-color":"var(--ast-global-color-5)","background-image":"","background-repeat":"repeat","background-position":"center center","background-size":"auto","background-attachment":"scroll","background-type":"","background-media":"","overlay-type":"","overlay-color":"","overlay-gradient":""}},"footnotes":""},"categories":[6525],"tags":[40457,131155,11698,19086,11760,131154],"class_list":["post-59363","post","type-post","status-publish","format-standard","hentry","category-organizacion-de-la-produccion","tag-francisco-perez-garcia","tag-guia-julve-jaume-oscar","tag-jose-maria-jordan-galduf","tag-josep-antoni-ybarra-perez","tag-juan-ramon-cuadrado-roura","tag-maria-angeles-ares-vazquez"],"_links":{"self":[{"href":"https:\/\/www.deberes.net\/tesis\/wp-json\/wp\/v2\/posts\/59363","targetHints":{"allow":["GET"]}}],"collection":[{"href":"https:\/\/www.deberes.net\/tesis\/wp-json\/wp\/v2\/posts"}],"about":[{"href":"https:\/\/www.deberes.net\/tesis\/wp-json\/wp\/v2\/types\/post"}],"author":[{"embeddable":true,"href":"https:\/\/www.deberes.net\/tesis\/wp-json\/wp\/v2\/users\/1"}],"replies":[{"embeddable":true,"href":"https:\/\/www.deberes.net\/tesis\/wp-json\/wp\/v2\/comments?post=59363"}],"version-history":[{"count":0,"href":"https:\/\/www.deberes.net\/tesis\/wp-json\/wp\/v2\/posts\/59363\/revisions"}],"wp:attachment":[{"href":"https:\/\/www.deberes.net\/tesis\/wp-json\/wp\/v2\/media?parent=59363"}],"wp:term":[{"taxonomy":"category","embeddable":true,"href":"https:\/\/www.deberes.net\/tesis\/wp-json\/wp\/v2\/categories?post=59363"},{"taxonomy":"post_tag","embeddable":true,"href":"https:\/\/www.deberes.net\/tesis\/wp-json\/wp\/v2\/tags?post=59363"}],"curies":[{"name":"wp","href":"https:\/\/api.w.org\/{rel}","templated":true}]}}