{"id":59414,"date":"2018-03-09T22:47:13","date_gmt":"2018-03-09T22:47:13","guid":{"rendered":"https:\/\/www.deberes.net\/tesis\/sin-categoria\/imaginario-urbano-expresion-grafico-plastica-en-el-espacio-publico\/"},"modified":"2018-03-09T22:47:13","modified_gmt":"2018-03-09T22:47:13","slug":"imaginario-urbano-expresion-grafico-plastica-en-el-espacio-publico","status":"publish","type":"post","link":"https:\/\/www.deberes.net\/tesis\/ciencias-de-las-artes-y-las-letras\/imaginario-urbano-expresion-grafico-plastica-en-el-espacio-publico\/","title":{"rendered":"Imaginario urbano. expresion grafico-plastica en el espacio publico"},"content":{"rendered":"<h2>Tesis doctoral de <strong> Mar\u00eda  Del Mar Cabezas Jimenez <\/strong><\/h2>\n<p>La tesis doctoral presentada tiene como marco conceptual el de la ciudad posmoderna, en general, y el espacio p\u00fablico contempor\u00e1neo, en particular, y el posicionamiento de la teor\u00eda y la pr\u00e1ctica art\u00edstica ante esta realidad, en concreto el del arte p\u00fablico como manifestaci\u00f3n art\u00edstica ligada al espacio p\u00fablico urbano.  se aborda el desarrollo de un lenguaje personal de intervenci\u00f3n en el espacio p\u00fablico contempor\u00e1neo basado en un m\u00e9todo cient\u00edfico-art\u00edstico.  los campos te\u00f3ricos desarrollados anteriormente son aplicados para su verificaci\u00f3n y validaci\u00f3n a trav\u00e9s de la aplicaci\u00f3n personal en la pr\u00e1ctica art\u00edstica.<\/p>\n<p>&nbsp;<\/p>\n<h3>Datos acad\u00e9micos de la tesis doctoral \u00ab<strong>Imaginario urbano. expresion grafico-plastica en el espacio publico<\/strong>\u00ab<\/h3>\n<ul>\n<li><strong>T\u00edtulo de la tesis:<\/strong>\u00a0 Imaginario urbano. expresion grafico-plastica en el espacio publico <\/li>\n<li><strong>Autor:<\/strong>\u00a0 Mar\u00eda  Del Mar Cabezas Jimenez <\/li>\n<li><strong>Universidad:<\/strong>\u00a0 Granada<\/li>\n<li><strong>Fecha de lectura de la tesis:<\/strong>\u00a0 27\/06\/2007<\/li>\n<\/ul>\n<p>&nbsp;<\/p>\n<h3>Direcci\u00f3n y tribunal<\/h3>\n<ul>\n<li><strong>Director de la tesis<\/strong>\n<ul>\n<li>Inmaculada Lopez Vilchez<\/li>\n<\/ul>\n<\/li>\n<li><strong>Tribunal<\/strong>\n<ul>\n<li>Presidente del tribunal: lino manuel Cabezas gelabert <\/li>\n<li>abelardo Ibanez Martinez-due\u00f1as (vocal)<\/li>\n<li>roberto Gimenez morell (vocal)<\/li>\n<li>josep Roy dolcet (vocal)<\/li>\n<\/ul>\n<\/li>\n<\/ul>\n<p>&nbsp;<\/p>\n","protected":false},"excerpt":{"rendered":"<p>Tesis doctoral de Mar\u00eda Del Mar Cabezas Jimenez La tesis doctoral presentada tiene como marco conceptual el de la ciudad [&hellip;]<\/p>\n","protected":false},"author":1,"featured_media":0,"comment_status":"open","ping_status":"open","sticky":false,"template":"","format":"standard","meta":{"site-sidebar-layout":"default","site-content-layout":"","ast-site-content-layout":"","site-content-style":"default","site-sidebar-style":"default","ast-global-header-display":"","ast-banner-title-visibility":"","ast-main-header-display":"","ast-hfb-above-header-display":"","ast-hfb-below-header-display":"","ast-hfb-mobile-header-display":"","site-post-title":"","ast-breadcrumbs-content":"","ast-featured-img":"","footer-sml-layout":"","theme-transparent-header-meta":"","adv-header-id-meta":"","stick-header-meta":"","header-above-stick-meta":"","header-main-stick-meta":"","header-below-stick-meta":"","astra-migrate-meta-layouts":"default","ast-page-background-enabled":"default","ast-page-background-meta":{"desktop":{"background-color":"var(--ast-global-color-4)","background-image":"","background-repeat":"repeat","background-position":"center center","background-size":"auto","background-attachment":"scroll","background-type":"","background-media":"","overlay-type":"","overlay-color":"","overlay-gradient":""},"tablet":{"background-color":"","background-image":"","background-repeat":"repeat","background-position":"center center","background-size":"auto","background-attachment":"scroll","background-type":"","background-media":"","overlay-type":"","overlay-color":"","overlay-gradient":""},"mobile":{"background-color":"","background-image":"","background-repeat":"repeat","background-position":"center center","background-size":"auto","background-attachment":"scroll","background-type":"","background-media":"","overlay-type":"","overlay-color":"","overlay-gradient":""}},"ast-content-background-meta":{"desktop":{"background-color":"var(--ast-global-color-5)","background-image":"","background-repeat":"repeat","background-position":"center center","background-size":"auto","background-attachment":"scroll","background-type":"","background-media":"","overlay-type":"","overlay-color":"","overlay-gradient":""},"tablet":{"background-color":"var(--ast-global-color-5)","background-image":"","background-repeat":"repeat","background-position":"center center","background-size":"auto","background-attachment":"scroll","background-type":"","background-media":"","overlay-type":"","overlay-color":"","overlay-gradient":""},"mobile":{"background-color":"var(--ast-global-color-5)","background-image":"","background-repeat":"repeat","background-position":"center center","background-size":"auto","background-attachment":"scroll","background-type":"","background-media":"","overlay-type":"","overlay-color":"","overlay-gradient":""}},"footnotes":""},"categories":[147,4100,1111],"tags":[131282,35698,61262,28195,131281,131283],"class_list":["post-59414","post","type-post","status-publish","format-standard","hentry","category-ciencias-de-las-artes-y-las-letras","category-dibujo-y-grabado","category-teoria-analisis-y-critica-de-las-bellas-artes","tag-abelardo-ibanez-Martinez-duenas","tag-inmaculada-lopez-vilchez","tag-josep-roy-dolcet","tag-lino-manuel-cabezas-gelabert","tag-maria-del-mar-cabezas-jimenez","tag-roberto-gimenez-morell"],"_links":{"self":[{"href":"https:\/\/www.deberes.net\/tesis\/wp-json\/wp\/v2\/posts\/59414","targetHints":{"allow":["GET"]}}],"collection":[{"href":"https:\/\/www.deberes.net\/tesis\/wp-json\/wp\/v2\/posts"}],"about":[{"href":"https:\/\/www.deberes.net\/tesis\/wp-json\/wp\/v2\/types\/post"}],"author":[{"embeddable":true,"href":"https:\/\/www.deberes.net\/tesis\/wp-json\/wp\/v2\/users\/1"}],"replies":[{"embeddable":true,"href":"https:\/\/www.deberes.net\/tesis\/wp-json\/wp\/v2\/comments?post=59414"}],"version-history":[{"count":0,"href":"https:\/\/www.deberes.net\/tesis\/wp-json\/wp\/v2\/posts\/59414\/revisions"}],"wp:attachment":[{"href":"https:\/\/www.deberes.net\/tesis\/wp-json\/wp\/v2\/media?parent=59414"}],"wp:term":[{"taxonomy":"category","embeddable":true,"href":"https:\/\/www.deberes.net\/tesis\/wp-json\/wp\/v2\/categories?post=59414"},{"taxonomy":"post_tag","embeddable":true,"href":"https:\/\/www.deberes.net\/tesis\/wp-json\/wp\/v2\/tags?post=59414"}],"curies":[{"name":"wp","href":"https:\/\/api.w.org\/{rel}","templated":true}]}}