{"id":59441,"date":"2018-03-09T22:47:17","date_gmt":"2018-03-09T22:47:17","guid":{"rendered":"https:\/\/www.deberes.net\/tesis\/sin-categoria\/la-personalidad-cultural-del-a-nino-a-vasco-a\/"},"modified":"2018-03-09T22:47:17","modified_gmt":"2018-03-09T22:47:17","slug":"la-personalidad-cultural-del-a-nino-a-vasco-a","status":"publish","type":"post","link":"https:\/\/www.deberes.net\/tesis\/nivel-cultural-y-personalidad\/la-personalidad-cultural-del-a-nino-a-vasco-a\/","title":{"rendered":"La personalidad cultural del\/a ni\u00f1o\/a vasco\/a"},"content":{"rendered":"<h2>Tesis doctoral de <strong> Fernando Olabarrieta Artetxe <\/strong><\/h2>\n<p>En esta investigaci\u00f3n se comparan los moldes cognitivos-afectivos (hern\u00e1ndez, 2004) de ni\u00f1os\/as de 9 y 12 a\u00f1os pertenecientes a distintos grupos culturales:     ni\u00f1os\/as que han realizado las pruebas en euskara y cuyos padres sean residentes en el pa\u00eds vasco y hablen euskara (1), pruebas en castellano y de padres residentes en el pa\u00eds vasco y que hablen euskara (2), cuyo padre hable euskara y la madre no (3), cuya madre hable euskara y el padre no (4), de padres nacidos y residentes en el pa\u00eds vasco y que no hablen euskara (5), de padres nacidos fuera del pa\u00eds vasco, residentes en \u00e9l y que no hablen euskara (6), ni\u00f1os\/as c\u00e1ntabros\/as (7), y grupo de ni\u00f1os\/as canarios\/as (8).     el trabajo, de metodolog\u00eda cualitativa muestra que los estilos cognitivo-afectivos de reacci\u00f3n ante la realidad (moldes mentales) sin distintos en funci\u00f3n del entorno cultural al que pertenecen:     as\u00ed mismo, supone un intento de profundizar sobre los aspectos procesales y cualitativos de la personalidad cultural y un paso previo para poder dise\u00f1ar programas psicoeducativos de mejora de la realidad intercultural.<\/p>\n<p>&nbsp;<\/p>\n<h3>Datos acad\u00e9micos de la tesis doctoral \u00ab<strong>La personalidad cultural del\/a ni\u00f1o\/a vasco\/a<\/strong>\u00ab<\/h3>\n<ul>\n<li><strong>T\u00edtulo de la tesis:<\/strong>\u00a0 La personalidad cultural del\/a ni\u00f1o\/a vasco\/a <\/li>\n<li><strong>Autor:<\/strong>\u00a0 Fernando Olabarrieta Artetxe <\/li>\n<li><strong>Universidad:<\/strong>\u00a0 Pa\u00eds vasco\/euskal herriko unibertsitatea<\/li>\n<li><strong>Fecha de lectura de la tesis:<\/strong>\u00a0 28\/06\/2007<\/li>\n<\/ul>\n<p>&nbsp;<\/p>\n<h3>Direcci\u00f3n y tribunal<\/h3>\n<ul>\n<li><strong>Director de la tesis<\/strong>\n<ul>\n<li>Pedro Hern\u00e1ndez Hern\u00e1ndez<\/li>\n<\/ul>\n<\/li>\n<li><strong>Tribunal<\/strong>\n<ul>\n<li>Presidente del tribunal: enrique Arranz freijo <\/li>\n<li>mikel Villarreal saez (vocal)<\/li>\n<li>gonzalo Musitu ochoa (vocal)<\/li>\n<li>alfredo Oliva delgado (vocal)<\/li>\n<\/ul>\n<\/li>\n<\/ul>\n<p>&nbsp;<\/p>\n","protected":false},"excerpt":{"rendered":"<p>Tesis doctoral de Fernando Olabarrieta Artetxe En esta investigaci\u00f3n se comparan los moldes cognitivos-afectivos (hern\u00e1ndez, 2004) de ni\u00f1os\/as de 9 [&hellip;]<\/p>\n","protected":false},"author":1,"featured_media":0,"comment_status":"open","ping_status":"open","sticky":false,"template":"","format":"standard","meta":{"site-sidebar-layout":"default","site-content-layout":"","ast-site-content-layout":"","site-content-style":"default","site-sidebar-style":"default","ast-global-header-display":"","ast-banner-title-visibility":"","ast-main-header-display":"","ast-hfb-above-header-display":"","ast-hfb-below-header-display":"","ast-hfb-mobile-header-display":"","site-post-title":"","ast-breadcrumbs-content":"","ast-featured-img":"","footer-sml-layout":"","theme-transparent-header-meta":"","adv-header-id-meta":"","stick-header-meta":"","header-above-stick-meta":"","header-main-stick-meta":"","header-below-stick-meta":"","astra-migrate-meta-layouts":"default","ast-page-background-enabled":"default","ast-page-background-meta":{"desktop":{"background-color":"var(--ast-global-color-4)","background-image":"","background-repeat":"repeat","background-position":"center center","background-size":"auto","background-attachment":"scroll","background-type":"","background-media":"","overlay-type":"","overlay-color":"","overlay-gradient":""},"tablet":{"background-color":"","background-image":"","background-repeat":"repeat","background-position":"center center","background-size":"auto","background-attachment":"scroll","background-type":"","background-media":"","overlay-type":"","overlay-color":"","overlay-gradient":""},"mobile":{"background-color":"","background-image":"","background-repeat":"repeat","background-position":"center center","background-size":"auto","background-attachment":"scroll","background-type":"","background-media":"","overlay-type":"","overlay-color":"","overlay-gradient":""}},"ast-content-background-meta":{"desktop":{"background-color":"var(--ast-global-color-5)","background-image":"","background-repeat":"repeat","background-position":"center center","background-size":"auto","background-attachment":"scroll","background-type":"","background-media":"","overlay-type":"","overlay-color":"","overlay-gradient":""},"tablet":{"background-color":"var(--ast-global-color-5)","background-image":"","background-repeat":"repeat","background-position":"center center","background-size":"auto","background-attachment":"scroll","background-type":"","background-media":"","overlay-type":"","overlay-color":"","overlay-gradient":""},"mobile":{"background-color":"var(--ast-global-color-5)","background-image":"","background-repeat":"repeat","background-position":"center center","background-size":"auto","background-attachment":"scroll","background-type":"","background-media":"","overlay-type":"","overlay-color":"","overlay-gradient":""}},"footnotes":""},"categories":[1393,12909,2758],"tags":[54317,106341,131337,11387,39430,10241],"class_list":["post-59441","post","type-post","status-publish","format-standard","hentry","category-nivel-cultural-y-personalidad","category-pais-vasco-euskal-herriko-unibertsitatea","category-psicologia-evolutiva","tag-alfredo-oliva-delgado","tag-enrique-arranz-freijo","tag-fernando-olabarrieta-artetxe","tag-gonzalo-musitu-ochoa","tag-mikel-villarreal-saez","tag-pedro-hernandez-hernandez"],"_links":{"self":[{"href":"https:\/\/www.deberes.net\/tesis\/wp-json\/wp\/v2\/posts\/59441","targetHints":{"allow":["GET"]}}],"collection":[{"href":"https:\/\/www.deberes.net\/tesis\/wp-json\/wp\/v2\/posts"}],"about":[{"href":"https:\/\/www.deberes.net\/tesis\/wp-json\/wp\/v2\/types\/post"}],"author":[{"embeddable":true,"href":"https:\/\/www.deberes.net\/tesis\/wp-json\/wp\/v2\/users\/1"}],"replies":[{"embeddable":true,"href":"https:\/\/www.deberes.net\/tesis\/wp-json\/wp\/v2\/comments?post=59441"}],"version-history":[{"count":0,"href":"https:\/\/www.deberes.net\/tesis\/wp-json\/wp\/v2\/posts\/59441\/revisions"}],"wp:attachment":[{"href":"https:\/\/www.deberes.net\/tesis\/wp-json\/wp\/v2\/media?parent=59441"}],"wp:term":[{"taxonomy":"category","embeddable":true,"href":"https:\/\/www.deberes.net\/tesis\/wp-json\/wp\/v2\/categories?post=59441"},{"taxonomy":"post_tag","embeddable":true,"href":"https:\/\/www.deberes.net\/tesis\/wp-json\/wp\/v2\/tags?post=59441"}],"curies":[{"name":"wp","href":"https:\/\/api.w.org\/{rel}","templated":true}]}}