{"id":59457,"date":"2018-03-09T22:47:17","date_gmt":"2018-03-09T22:47:17","guid":{"rendered":"https:\/\/www.deberes.net\/tesis\/sin-categoria\/actividad-minera-y-medio-ambiente-en-el-derecho-argentino\/"},"modified":"2018-03-09T22:47:17","modified_gmt":"2018-03-09T22:47:17","slug":"actividad-minera-y-medio-ambiente-en-el-derecho-argentino","status":"publish","type":"post","link":"https:\/\/www.deberes.net\/tesis\/ciencias-juridicas-y-derecho\/actividad-minera-y-medio-ambiente-en-el-derecho-argentino\/","title":{"rendered":"Actividad minera y medio ambiente en el derecho argentino"},"content":{"rendered":"<h2>Tesis doctoral de <strong> Gonzalo Salerno <\/strong><\/h2>\n<p>El autor analiza los tradicionales problemas existentes entre el desarrollo econ\u00f3mico protagonizado por la actividad minera y la defensa del medio ambiente. Se estudian las t\u00e9cnicas que la legislacion europea, espa\u00f1ola y argentina tiene aprobadas para salvaguardar los intereses p\u00fablicos implicados; entre ellas destaca la evaluaci\u00f3n de impacto ambiental. Se valora en particular y en detalle la ley nacional 24.585 de evaluaci\u00f3n de impacto ambiental de la actividad dminera, as\u00ed como la legislaci\u00f3n provincial complementaria. el trabajo se acompa\u00f1a de un estudio de campo de la situaci\u00f3n de la miner\u00eda y el medio ambiente en la provincia de catamarca, en el que se materializa y evidencian los problemas planteados en el an\u00e1lisis te\u00f3rico de la legislaci\u00f3n. la tesis doctoral que se presenta aporta como novedad el estudio de las t\u00e9cnicas de protecci\u00f3n ambiental europeas, su an\u00e1lisis comparativo con las de argentina y su encaje en la legislaci\u00f3n argentina. Se acompa\u00f1a el trabajo de una amplia rese\u00f1a bibliogr\u00e1fica que el autor ha manejado.<\/p>\n<p>&nbsp;<\/p>\n<h3>Datos acad\u00e9micos de la tesis doctoral \u00ab<strong>Actividad minera y medio ambiente en el derecho argentino<\/strong>\u00ab<\/h3>\n<ul>\n<li><strong>T\u00edtulo de la tesis:<\/strong>\u00a0 Actividad minera y medio ambiente en el derecho argentino <\/li>\n<li><strong>Autor:<\/strong>\u00a0 Gonzalo Salerno <\/li>\n<li><strong>Universidad:<\/strong>\u00a0 Pablo de olavide<\/li>\n<li><strong>Fecha de lectura de la tesis:<\/strong>\u00a0 28\/06\/2007<\/li>\n<\/ul>\n<p>&nbsp;<\/p>\n<h3>Direcci\u00f3n y tribunal<\/h3>\n<ul>\n<li><strong>Director de la tesis<\/strong>\n<ul>\n<li> L\u00f3pez Gonz\u00e1lez Jos\u00e9 Ignacio<\/li>\n<\/ul>\n<\/li>\n<li><strong>Tribunal<\/strong>\n<ul>\n<li>Presidente del tribunal: Rosario Valpuesta Fern\u00e1ndez <\/li>\n<li>Jes\u00fas Jordano Fraga (vocal)<\/li>\n<li>Jos\u00e9 Ignacio Morillo-velarde Perez (vocal)<\/li>\n<li> S\u00e1nchez S\u00e1ez Antonio  Jos\u00e9 (vocal)<\/li>\n<\/ul>\n<\/li>\n<\/ul>\n<p>&nbsp;<\/p>\n","protected":false},"excerpt":{"rendered":"<p>Tesis doctoral de Gonzalo Salerno El autor analiza los tradicionales problemas existentes entre el desarrollo econ\u00f3mico protagonizado por la actividad [&hellip;]<\/p>\n","protected":false},"author":1,"featured_media":0,"comment_status":"open","ping_status":"open","sticky":false,"template":"","format":"standard","meta":{"site-sidebar-layout":"default","site-content-layout":"","ast-site-content-layout":"","site-content-style":"default","site-sidebar-style":"default","ast-global-header-display":"","ast-banner-title-visibility":"","ast-main-header-display":"","ast-hfb-above-header-display":"","ast-hfb-below-header-display":"","ast-hfb-mobile-header-display":"","site-post-title":"","ast-breadcrumbs-content":"","ast-featured-img":"","footer-sml-layout":"","theme-transparent-header-meta":"","adv-header-id-meta":"","stick-header-meta":"","header-above-stick-meta":"","header-main-stick-meta":"","header-below-stick-meta":"","astra-migrate-meta-layouts":"default","ast-page-background-enabled":"default","ast-page-background-meta":{"desktop":{"background-color":"var(--ast-global-color-4)","background-image":"","background-repeat":"repeat","background-position":"center center","background-size":"auto","background-attachment":"scroll","background-type":"","background-media":"","overlay-type":"","overlay-color":"","overlay-gradient":""},"tablet":{"background-color":"","background-image":"","background-repeat":"repeat","background-position":"center center","background-size":"auto","background-attachment":"scroll","background-type":"","background-media":"","overlay-type":"","overlay-color":"","overlay-gradient":""},"mobile":{"background-color":"","background-image":"","background-repeat":"repeat","background-position":"center center","background-size":"auto","background-attachment":"scroll","background-type":"","background-media":"","overlay-type":"","overlay-color":"","overlay-gradient":""}},"ast-content-background-meta":{"desktop":{"background-color":"var(--ast-global-color-5)","background-image":"","background-repeat":"repeat","background-position":"center center","background-size":"auto","background-attachment":"scroll","background-type":"","background-media":"","overlay-type":"","overlay-color":"","overlay-gradient":""},"tablet":{"background-color":"var(--ast-global-color-5)","background-image":"","background-repeat":"repeat","background-position":"center center","background-size":"auto","background-attachment":"scroll","background-type":"","background-media":"","overlay-type":"","overlay-color":"","overlay-gradient":""},"mobile":{"background-color":"var(--ast-global-color-5)","background-image":"","background-repeat":"repeat","background-position":"center center","background-size":"auto","background-attachment":"scroll","background-type":"","background-media":"","overlay-type":"","overlay-color":"","overlay-gradient":""}},"footnotes":""},"categories":[612,1442,37286],"tags":[131372,38628,48614,1920,11127,131373],"class_list":["post-59457","post","type-post","status-publish","format-standard","hentry","category-ciencias-juridicas-y-derecho","category-derecho-administrativo","category-pablo-de-olavide","tag-gonzalo-salerno","tag-jesus-jordano-fraga","tag-jose-ignacio-morillo-velarde-perez","tag-lopez-gonzalez-jose-ignacio","tag-rosario-valpuesta-fernandez","tag-sanchez-saez-antonio-jose"],"_links":{"self":[{"href":"https:\/\/www.deberes.net\/tesis\/wp-json\/wp\/v2\/posts\/59457","targetHints":{"allow":["GET"]}}],"collection":[{"href":"https:\/\/www.deberes.net\/tesis\/wp-json\/wp\/v2\/posts"}],"about":[{"href":"https:\/\/www.deberes.net\/tesis\/wp-json\/wp\/v2\/types\/post"}],"author":[{"embeddable":true,"href":"https:\/\/www.deberes.net\/tesis\/wp-json\/wp\/v2\/users\/1"}],"replies":[{"embeddable":true,"href":"https:\/\/www.deberes.net\/tesis\/wp-json\/wp\/v2\/comments?post=59457"}],"version-history":[{"count":0,"href":"https:\/\/www.deberes.net\/tesis\/wp-json\/wp\/v2\/posts\/59457\/revisions"}],"wp:attachment":[{"href":"https:\/\/www.deberes.net\/tesis\/wp-json\/wp\/v2\/media?parent=59457"}],"wp:term":[{"taxonomy":"category","embeddable":true,"href":"https:\/\/www.deberes.net\/tesis\/wp-json\/wp\/v2\/categories?post=59457"},{"taxonomy":"post_tag","embeddable":true,"href":"https:\/\/www.deberes.net\/tesis\/wp-json\/wp\/v2\/tags?post=59457"}],"curies":[{"name":"wp","href":"https:\/\/api.w.org\/{rel}","templated":true}]}}