{"id":59483,"date":"2018-03-09T22:47:17","date_gmt":"2018-03-09T22:47:17","guid":{"rendered":""},"modified":"2018-03-09T22:47:17","modified_gmt":"2018-03-09T22:47:17","slug":"el-valor-anadido-de-las-nuevas-tecnologa%c2%adas-de-la-informacion-y-la-comunicacion-como-eje-estrategico-de-desarrollo-rural-analisis-e-impacto-en-la-comarca-zamorana-de-los-valles-de-benavente","status":"publish","type":"post","link":"https:\/\/www.deberes.net\/tesis\/sociologia-rural\/el-valor-anadido-de-las-nuevas-tecnologa%c2%adas-de-la-informacion-y-la-comunicacion-como-eje-estrategico-de-desarrollo-rural-analisis-e-impacto-en-la-comarca-zamorana-de-los-valles-de-benavente\/","title":{"rendered":"El valor a\u00f1adido de las nuevas tecnolog\u00edas de la informaci\u00f3n y la comunicaci\u00f3n como eje estrat\u00e9gico de desarrollo rural. an\u00e1lisis e impacto en la comarca zamorana de los valles de benavente"},"content":{"rendered":"<h2>Tesis doctoral de <strong> Mar\u00eda  Isabel Rodriguez Fidalgo <\/strong><\/h2>\n<p>Por todos es sabido que hoy en d\u00eda, vivimos en un nuevo modelo social,estructurado y fundamentado en el poder que nos ofrece la informaci\u00f3n. Tener alalcance los medios y sistemas de comunicaci\u00f3n y saber emplearlos, constituye una estrategia imprescindible para la supervivencia de las organizaciones, pero tambi\u00e9n de l\u00f3s individuos. Tal es as\u00ed que la informaci\u00f3n y el conocimiento se convierten en la locomotora que impulsa el desarrollo, aumentando el bienestar de los ciudadanos y organizaciones. Son el motor para avanzar hacia nuevos estadios y progreso material e intangible, hasta el punto de convertirse en los ejes de esta nueva sociedad globalizada, que debe promover un mayor conocimiento, sobre los cimientos de la cooperaci\u00f3n y el intercambio y el uso de las grandes redes de comunicaci\u00f3n y las nuevas formas de organizaci\u00f3n en red.  \tsi partimos, por tanto, de estos presupuestos y asumimos que la ntics est\u00e1n cambiando nuestras formas de relaci\u00f3n y comunicaci\u00f3n, nuestros h\u00e1bitos de vida, la actividad econ\u00f3mica e incluso el modo de percibir el mundo en el que vivimos la alfabetizaci\u00f3n tecnol\u00f3gica en el uso intensivo de las tecnolog\u00edas, as\u00ed como la puesta en pr\u00e1ctica de nuevas formas de comunicaci\u00f3n, se convierten en el mejor instrumento para adaptar con agilidad a los diferentes sectores de la poblaci\u00f3n a los nuevos cambios. En la sociedad de la informaci\u00f3n no basta con saber leer y escribir, sino que es un imperativo social el conocimiento de las nuevas formas de alfabetizaci\u00f3n m\u00e1s acordes con los complejos entornos informacionales,lo que se eval\u00faa a trav\u00e9s de una serie de indicadores internacionales que miden,comparan y proyectan la penetraci\u00f3n y usos efectivos de las ntics, incluyendo su influencia sobre factores educacionales, de democratizaci\u00f3n de desarrollo econ\u00f3mico, etc pues el sistema global funciona s\u00f3lo en la medida en que la sociedad sea multifocal, es decir, que todas las personas tengan acceso a la red para convertirse en focos de opini\u00f3n e influencia.  \tde este modo, la mejora de las cualificaciones y de las competencias profesionales de desempleados, empresarios y ciudadan\u00eda en general, en relaci\u00f3n a la revoluci\u00f3n que suponen las nuevas tecnolog\u00edas se hace imprescindible y prioritaria.  \tlo ideal para este modelo es que todos est\u00e9n alfabetizados digitalmente, es decir, que las personas comunes tengan conocimientos en el uso de las nuevas tecnolog\u00edas. Si bien es cierto las tics pueden contribuir a alcanzar mayores cotas de desarrollo socioecon\u00f3mico, pero no podemos olvidar que tambi\u00e9n pueden acentuar las diferencis entre quienes tienen mayor acceso a las ntics y los que no, lo que originar\u00eda nuevas formas de marginaci\u00f3n y xclusi\u00f3n social. Este es el caso de algunos \u00e1mbitos rurales. Muchos pueblos y comarcas y con ellos todas las personas y organizaciones de dichos territorios, corren hoy en d\u00eda grandes riesgos de exclusi\u00f3n fundamentada en las profundas transformaciones que est\u00e1n afectando a los espacios rurales. (Dificultades orogr\u00e1ficas o por su situaci\u00f3n geogr\u00e1fica alejada de los centros administrativos y econ\u00f3micos m\u00e1s pujantes de la regi\u00f3n unida a una coyuntura socio-econ\u00f3mica particular).  \ten base a estos aspectos el hecho de hacer que las nuevas tecnolog\u00edas y la formaci\u00f3n para su uso lleguen a todos los ciudadanos y ciudadanas requiere una consideraci\u00f3n especial y espacial hac\u00eda dichas zonas.<\/p>\n<p>&nbsp;<\/p>\n<h3>Datos acad\u00e9micos de la tesis doctoral \u00ab<strong>El valor a\u00f1adido de las nuevas tecnolog\u00edas de la informaci\u00f3n y la comunicaci\u00f3n como eje estrat\u00e9gico de desarrollo rural. an\u00e1lisis e impacto en la comarca zamorana de los valles de benavente<\/strong>\u00ab<\/h3>\n<ul>\n<li><strong>T\u00edtulo de la tesis:<\/strong>\u00a0 El valor a\u00f1adido de las nuevas tecnolog\u00edas de la informaci\u00f3n y la comunicaci\u00f3n como eje estrat\u00e9gico de desarrollo rural. an\u00e1lisis e impacto en la comarca zamorana de los valles de benavente <\/li>\n<li><strong>Autor:<\/strong>\u00a0 Mar\u00eda  Isabel Rodriguez Fidalgo <\/li>\n<li><strong>Universidad:<\/strong>\u00a0 Salamanca<\/li>\n<li><strong>Fecha de lectura de la tesis:<\/strong>\u00a0 28\/06\/2007<\/li>\n<\/ul>\n<p>&nbsp;<\/p>\n<h3>Direcci\u00f3n y tribunal<\/h3>\n<ul>\n<li><strong>Director de la tesis<\/strong>\n<ul>\n<li>Jos\u00e9 Manuel Del Barrio Aliste<\/li>\n<\/ul>\n<\/li>\n<li><strong>Tribunal<\/strong>\n<ul>\n<li>Presidente del tribunal: guillermo Morales matos <\/li>\n<li>pedro Antonio Cordero qui\u00f1ones (vocal)<\/li>\n<li>patxi joseba Andi\u00f3n gonz\u00e1lez (vocal)<\/li>\n<li>Rafael Menendez fernandez (vocal)<\/li>\n<\/ul>\n<\/li>\n<\/ul>\n<p>&nbsp;<\/p>\n","protected":false},"excerpt":{"rendered":"<p>Tesis doctoral de Mar\u00eda Isabel Rodriguez Fidalgo Por todos es sabido que hoy en d\u00eda, vivimos en un nuevo modelo [&hellip;]<\/p>\n","protected":false},"author":1,"featured_media":0,"comment_status":"open","ping_status":"open","sticky":false,"template":"","format":"standard","meta":{"site-sidebar-layout":"default","site-content-layout":"","ast-site-content-layout":"","site-content-style":"default","site-sidebar-style":"default","ast-global-header-display":"","ast-banner-title-visibility":"","ast-main-header-display":"","ast-hfb-above-header-display":"","ast-hfb-below-header-display":"","ast-hfb-mobile-header-display":"","site-post-title":"","ast-breadcrumbs-content":"","ast-featured-img":"","footer-sml-layout":"","theme-transparent-header-meta":"","adv-header-id-meta":"","stick-header-meta":"","header-above-stick-meta":"","header-main-stick-meta":"","header-below-stick-meta":"","astra-migrate-meta-layouts":"default","ast-page-background-enabled":"default","ast-page-background-meta":{"desktop":{"background-color":"var(--ast-global-color-4)","background-image":"","background-repeat":"repeat","background-position":"center center","background-size":"auto","background-attachment":"scroll","background-type":"","background-media":"","overlay-type":"","overlay-color":"","overlay-gradient":""},"tablet":{"background-color":"","background-image":"","background-repeat":"repeat","background-position":"center center","background-size":"auto","background-attachment":"scroll","background-type":"","background-media":"","overlay-type":"","overlay-color":"","overlay-gradient":""},"mobile":{"background-color":"","background-image":"","background-repeat":"repeat","background-position":"center center","background-size":"auto","background-attachment":"scroll","background-type":"","background-media":"","overlay-type":"","overlay-color":"","overlay-gradient":""}},"ast-content-background-meta":{"desktop":{"background-color":"var(--ast-global-color-5)","background-image":"","background-repeat":"repeat","background-position":"center center","background-size":"auto","background-attachment":"scroll","background-type":"","background-media":"","overlay-type":"","overlay-color":"","overlay-gradient":""},"tablet":{"background-color":"var(--ast-global-color-5)","background-image":"","background-repeat":"repeat","background-position":"center center","background-size":"auto","background-attachment":"scroll","background-type":"","background-media":"","overlay-type":"","overlay-color":"","overlay-gradient":""},"mobile":{"background-color":"var(--ast-global-color-5)","background-image":"","background-repeat":"repeat","background-position":"center center","background-size":"auto","background-attachment":"scroll","background-type":"","background-media":"","overlay-type":"","overlay-color":"","overlay-gradient":""}},"footnotes":""},"categories":[10684,9386,5989],"tags":[16697,131424,131423,131425,50109,131426],"class_list":["post-59483","post","type-post","status-publish","format-standard","hentry","category-redes-de-comunicaciones","category-salamanca","category-sociologia-rural","tag-guillermo-morales-matos","tag-jose-manuel-del-barrio-aliste","tag-maria-isabel-rodriguez-fidalgo","tag-patxi-joseba-andion-gonzalez","tag-pedro-antonio-cordero-quinones","tag-rafael-menendez-fernandez"],"_links":{"self":[{"href":"https:\/\/www.deberes.net\/tesis\/wp-json\/wp\/v2\/posts\/59483","targetHints":{"allow":["GET"]}}],"collection":[{"href":"https:\/\/www.deberes.net\/tesis\/wp-json\/wp\/v2\/posts"}],"about":[{"href":"https:\/\/www.deberes.net\/tesis\/wp-json\/wp\/v2\/types\/post"}],"author":[{"embeddable":true,"href":"https:\/\/www.deberes.net\/tesis\/wp-json\/wp\/v2\/users\/1"}],"replies":[{"embeddable":true,"href":"https:\/\/www.deberes.net\/tesis\/wp-json\/wp\/v2\/comments?post=59483"}],"version-history":[{"count":0,"href":"https:\/\/www.deberes.net\/tesis\/wp-json\/wp\/v2\/posts\/59483\/revisions"}],"wp:attachment":[{"href":"https:\/\/www.deberes.net\/tesis\/wp-json\/wp\/v2\/media?parent=59483"}],"wp:term":[{"taxonomy":"category","embeddable":true,"href":"https:\/\/www.deberes.net\/tesis\/wp-json\/wp\/v2\/categories?post=59483"},{"taxonomy":"post_tag","embeddable":true,"href":"https:\/\/www.deberes.net\/tesis\/wp-json\/wp\/v2\/tags?post=59483"}],"curies":[{"name":"wp","href":"https:\/\/api.w.org\/{rel}","templated":true}]}}