{"id":59498,"date":"2018-03-09T22:47:21","date_gmt":"2018-03-09T22:47:21","guid":{"rendered":"https:\/\/www.deberes.net\/tesis\/sin-categoria\/historia-del-territorio-de-quiros-y-su-poblamiento-en-la-epoca-medieval\/"},"modified":"2018-03-09T22:47:21","modified_gmt":"2018-03-09T22:47:21","slug":"historia-del-territorio-de-quiros-y-su-poblamiento-en-la-epoca-medieval","status":"publish","type":"post","link":"https:\/\/www.deberes.net\/tesis\/historia-medieval\/historia-del-territorio-de-quiros-y-su-poblamiento-en-la-epoca-medieval\/","title":{"rendered":"Historia del territorio de quiros y su poblamiento en la epoca medieval"},"content":{"rendered":"<h2>Tesis doctoral de <strong>  Gonzalez Collado Mar\u00eda  Belen <\/strong><\/h2>\n<p>Na investigaci\u00f3n multidisciplinar aborda el estudio de un peque\u00f1o territorio localizado al sur de asturias: quir\u00f3s, durante la \u00e9poca medieval. Si bien es cierto que, en algunos momentos, se traspasan los l\u00edmites tradicionales del siglo xv dado que en la centuria siguiente se produce un hecho decisivo en la historia quirosana: la ruptura de las relaciones de dependencia se\u00f1orial con el obispo de oviedo en el contexto de la desamortizaci\u00f3n felipina. El discurso est\u00e1 estructurado en siete cap\u00edtulos al fin de los cuales se a\u00f1ade un cat\u00e1logo de los documentos medievales consultados y la transcripci\u00f3n de tres documentos in\u00e9ditos de \u00e9poca moderna tambi\u00e9n manejados por la autora. El primero cap\u00edtulo se ocupa de la geogr\u00e1fia dada su importancia para una mayor comprensi\u00f3n, entre otras cosas, de el por qu\u00e9 de la localizaci\u00f3n de los asentamientos humanos, el por qu\u00e9 de su organizaci\u00f3n econ\u00f3mica y administrativa y el por qu\u00e9 de su red viaria. El cap\u00edtulo segundo estudia el poblamiento antiguo, desde los tiempos del neol\u00edtico hasta la tardorromanidad, constatando la plena distribuci\u00f3n de la poblaci\u00f3n por todo el territorio y existiendo dos ejes vertebradores en la ubicaci\u00f3n de los asentamientos: los r\u00edos y las v\u00edas de comunicaci\u00f3n. Ejes que tambi\u00e9n influir\u00e1n en el poblamiento medieval, como se ve en el cap\u00edtulo que sigue. Del mismo modo, se evidencia la estrecha vinculaci\u00f3n existente entre muchas de las villae medievales quirosanas, citadas en la documentaci\u00f3n a partir del siglo ix, y los antiguos recintos castre\u00f1os al quedar varias de las primeras inclusas en los territorios de explotaci\u00f3n de los castros o \u00abdistritos castrales\u00bb. El cap\u00edtulo cuarto est\u00e1 dedicado a la red viaria que recorre el concejo como si fuera una espina dorsal de la que parten otros caminos secundarios e influye tambi\u00e9n en la ubicaci\u00f3n de las aldeas medievales. Adem\u00e1s, el camino posteriormente denominado camino real, fue una de las v\u00edas principales de comunicac<\/p>\n<p>&nbsp;<\/p>\n<h3>Datos acad\u00e9micos de la tesis doctoral \u00ab<strong>Historia del territorio de quiros y su poblamiento en la epoca medieval<\/strong>\u00ab<\/h3>\n<ul>\n<li><strong>T\u00edtulo de la tesis:<\/strong>\u00a0 Historia del territorio de quiros y su poblamiento en la epoca medieval <\/li>\n<li><strong>Autor:<\/strong>\u00a0  Gonzalez Collado Mar\u00eda  Belen <\/li>\n<li><strong>Universidad:<\/strong>\u00a0 Oviedo<\/li>\n<li><strong>Fecha de lectura de la tesis:<\/strong>\u00a0 29\/06\/2007<\/li>\n<\/ul>\n<p>&nbsp;<\/p>\n<h3>Direcci\u00f3n y tribunal<\/h3>\n<ul>\n<li><strong>Director de la tesis<\/strong>\n<ul>\n<li>Francisco Javier Fern\u00e1ndez Conde<\/li>\n<\/ul>\n<\/li>\n<li><strong>Tribunal<\/strong>\n<ul>\n<li>Presidente del tribunal: ermelindo Portela silva <\/li>\n<li> Torrente fernandez Mar\u00eda  isabel (vocal)<\/li>\n<li>Francisco Javier Faci lacasta (vocal)<\/li>\n<li>margarita Fernandez mier (vocal)<\/li>\n<\/ul>\n<\/li>\n<\/ul>\n<p>&nbsp;<\/p>\n","protected":false},"excerpt":{"rendered":"<p>Tesis doctoral de Gonzalez Collado Mar\u00eda Belen Na investigaci\u00f3n multidisciplinar aborda el estudio de un peque\u00f1o territorio localizado al sur [&hellip;]<\/p>\n","protected":false},"author":1,"featured_media":0,"comment_status":"open","ping_status":"open","sticky":false,"template":"","format":"standard","meta":{"site-sidebar-layout":"default","site-content-layout":"","ast-site-content-layout":"","site-content-style":"default","site-sidebar-style":"default","ast-global-header-display":"","ast-banner-title-visibility":"","ast-main-header-display":"","ast-hfb-above-header-display":"","ast-hfb-below-header-display":"","ast-hfb-mobile-header-display":"","site-post-title":"","ast-breadcrumbs-content":"","ast-featured-img":"","footer-sml-layout":"","theme-transparent-header-meta":"","adv-header-id-meta":"","stick-header-meta":"","header-above-stick-meta":"","header-main-stick-meta":"","header-below-stick-meta":"","astra-migrate-meta-layouts":"default","ast-page-background-enabled":"default","ast-page-background-meta":{"desktop":{"background-color":"var(--ast-global-color-4)","background-image":"","background-repeat":"repeat","background-position":"center center","background-size":"auto","background-attachment":"scroll","background-type":"","background-media":"","overlay-type":"","overlay-color":"","overlay-gradient":""},"tablet":{"background-color":"","background-image":"","background-repeat":"repeat","background-position":"center center","background-size":"auto","background-attachment":"scroll","background-type":"","background-media":"","overlay-type":"","overlay-color":"","overlay-gradient":""},"mobile":{"background-color":"","background-image":"","background-repeat":"repeat","background-position":"center center","background-size":"auto","background-attachment":"scroll","background-type":"","background-media":"","overlay-type":"","overlay-color":"","overlay-gradient":""}},"ast-content-background-meta":{"desktop":{"background-color":"var(--ast-global-color-5)","background-image":"","background-repeat":"repeat","background-position":"center center","background-size":"auto","background-attachment":"scroll","background-type":"","background-media":"","overlay-type":"","overlay-color":"","overlay-gradient":""},"tablet":{"background-color":"var(--ast-global-color-5)","background-image":"","background-repeat":"repeat","background-position":"center center","background-size":"auto","background-attachment":"scroll","background-type":"","background-media":"","overlay-type":"","overlay-color":"","overlay-gradient":""},"mobile":{"background-color":"var(--ast-global-color-5)","background-image":"","background-repeat":"repeat","background-position":"center center","background-size":"auto","background-attachment":"scroll","background-type":"","background-media":"","overlay-type":"","overlay-color":"","overlay-gradient":""}},"footnotes":""},"categories":[119,8846],"tags":[2817,2819,2818,131459,25340,131460],"class_list":["post-59498","post","type-post","status-publish","format-standard","hentry","category-historia-medieval","category-oviedo","tag-ermelindo-portela-silva","tag-francisco-javier-faci-lacasta","tag-francisco-javier-fernandez-conde","tag-gonzalez-collado-maria-belen","tag-margarita-fernandez-mier","tag-torrente-fernandez-maria-isabel"],"_links":{"self":[{"href":"https:\/\/www.deberes.net\/tesis\/wp-json\/wp\/v2\/posts\/59498","targetHints":{"allow":["GET"]}}],"collection":[{"href":"https:\/\/www.deberes.net\/tesis\/wp-json\/wp\/v2\/posts"}],"about":[{"href":"https:\/\/www.deberes.net\/tesis\/wp-json\/wp\/v2\/types\/post"}],"author":[{"embeddable":true,"href":"https:\/\/www.deberes.net\/tesis\/wp-json\/wp\/v2\/users\/1"}],"replies":[{"embeddable":true,"href":"https:\/\/www.deberes.net\/tesis\/wp-json\/wp\/v2\/comments?post=59498"}],"version-history":[{"count":0,"href":"https:\/\/www.deberes.net\/tesis\/wp-json\/wp\/v2\/posts\/59498\/revisions"}],"wp:attachment":[{"href":"https:\/\/www.deberes.net\/tesis\/wp-json\/wp\/v2\/media?parent=59498"}],"wp:term":[{"taxonomy":"category","embeddable":true,"href":"https:\/\/www.deberes.net\/tesis\/wp-json\/wp\/v2\/categories?post=59498"},{"taxonomy":"post_tag","embeddable":true,"href":"https:\/\/www.deberes.net\/tesis\/wp-json\/wp\/v2\/tags?post=59498"}],"curies":[{"name":"wp","href":"https:\/\/api.w.org\/{rel}","templated":true}]}}