{"id":59501,"date":"2018-03-09T22:47:21","date_gmt":"2018-03-09T22:47:21","guid":{"rendered":"https:\/\/www.deberes.net\/tesis\/sin-categoria\/valoracion-del-estado-bucodental-de-pacientes-con-diabetes-mellitus\/"},"modified":"2018-03-09T22:47:21","modified_gmt":"2018-03-09T22:47:21","slug":"valoracion-del-estado-bucodental-de-pacientes-con-diabetes-mellitus","status":"publish","type":"post","link":"https:\/\/www.deberes.net\/tesis\/endocrinologia\/valoracion-del-estado-bucodental-de-pacientes-con-diabetes-mellitus\/","title":{"rendered":"Valoraci\u00f3n del estado bucodental de pacientes con diabetes mellitus"},"content":{"rendered":"<h2>Tesis doctoral de <strong>  Mart\u00ednez Tello Ana Mar\u00eda <\/strong><\/h2>\n<p>Tras efectuar una revisi\u00f3n bibliogr\u00e1fica, vemos que son m\u00faltiples los trabajos que demuestran que los pacientes diab\u00e9ticos tienen una mayor susceptibilidad a las infecciones. Por tanto, la cavidad oral es un campo que puede verse f\u00e1cilmente afectado, suponiendo la diabetes un factor de riesgo para padecer mayor n\u00famero de caries, enfermedad periodontal, afectaci\u00f3n de la mucosa oral, alteraci\u00f3n de las gl\u00e1ndulas salivales o mayor sobreinfecci\u00f3n por candida. por ello, el objetivo global de nuestro trabajo fue estudiar el estado bucodental de un grupo de pacientes con diabetes mellitus, comparando al mismo tiempo con un grupo de individuos sanos de similar edad y sexo. adem\u00e1s, quisimos observar en qu\u00e9 medida pod\u00eda afectar ciertos par\u00e1metros propios de la diabetes mellitus como son el tipo, duraci\u00f3n, control metab\u00f3lico y presencia o no de complicaciones asociadas a la enfermedad; en el estado bucodental de este grupo de pacientes diab\u00e9ticos.       los objetivos concretos fueron los siguientes: 1.- Analizar el estado de deterioro dental mediante el indice caod. 2.- Comprobar el grado de afectaci\u00f3n de los tejidos periodontales en base a la aplicaci\u00f3n del \u00edndice periodontal y por la valoraci\u00f3n de la p\u00e9rdida de inserci\u00f3n. 3.- Estudiar si los pacientes diab\u00e9ticos presentan alguna lesi\u00f3n en la mucosa oral. 4.- Valorar el funconamiento de las gl\u00e1ndulas salivales, tras efectuar sialometr\u00eda cuantitativa total en reposo, tras est\u00edmulo y la saliva total parot\u00eddea estimulada. 5.- Ver si se aislaba alg\u00fan g\u00e9nero de hongo y que especie predominaba, tras el cultivo de un exudado lingual. a continuaci\u00f3n describ\u00edamos el material y m\u00e9todos utilizados y proced\u00edamos a describir los resultados, compar\u00e1ndolos con otros estudios realizados con anterioridad. de manera que, tras la valoraci\u00f3n del estado bucodental de los 150 pacientes con diabetes mellitus y de 70 individuos sanos, de edad y sexo similares a las del grupo objeto de estudio, llegamos a<\/p>\n<p>&nbsp;<\/p>\n<h3>Datos acad\u00e9micos de la tesis doctoral \u00ab<strong>Valoraci\u00f3n del estado bucodental de pacientes con diabetes mellitus<\/strong>\u00ab<\/h3>\n<ul>\n<li><strong>T\u00edtulo de la tesis:<\/strong>\u00a0 Valoraci\u00f3n del estado bucodental de pacientes con diabetes mellitus <\/li>\n<li><strong>Autor:<\/strong>\u00a0  Mart\u00ednez Tello Ana Mar\u00eda <\/li>\n<li><strong>Universidad:<\/strong>\u00a0 Universitat de val\u00e9ncia (estudi general)<\/li>\n<li><strong>Fecha de lectura de la tesis:<\/strong>\u00a0 29\/06\/2007<\/li>\n<\/ul>\n<p>&nbsp;<\/p>\n<h3>Direcci\u00f3n y tribunal<\/h3>\n<ul>\n<li><strong>Director de la tesis<\/strong>\n<ul>\n<li>Jos\u00e9 Vicente Bagan Sebastian<\/li>\n<\/ul>\n<\/li>\n<li><strong>Tribunal<\/strong>\n<ul>\n<li>Presidente del tribunal: jos\u00e9 L\u00f3pez l\u00f3pez <\/li>\n<li>eduardo Chimenos k\u00ed\u00bcstner (vocal)<\/li>\n<li> Garc\u00eda-pola vallejo Mar\u00eda Jos\u00e9 (vocal)<\/li>\n<li> Esparza g\u00f3mez  germ\u00e1n Carlos (vocal)<\/li>\n<\/ul>\n<\/li>\n<\/ul>\n<p>&nbsp;<\/p>\n","protected":false},"excerpt":{"rendered":"<p>Tesis doctoral de Mart\u00ednez Tello Ana Mar\u00eda Tras efectuar una revisi\u00f3n bibliogr\u00e1fica, vemos que son m\u00faltiples los trabajos que demuestran [&hellip;]<\/p>\n","protected":false},"author":1,"featured_media":0,"comment_status":"open","ping_status":"open","sticky":false,"template":"","format":"standard","meta":{"site-sidebar-layout":"default","site-content-layout":"","ast-site-content-layout":"","site-content-style":"default","site-sidebar-style":"default","ast-global-header-display":"","ast-banner-title-visibility":"","ast-main-header-display":"","ast-hfb-above-header-display":"","ast-hfb-below-header-display":"","ast-hfb-mobile-header-display":"","site-post-title":"","ast-breadcrumbs-content":"","ast-featured-img":"","footer-sml-layout":"","theme-transparent-header-meta":"","adv-header-id-meta":"","stick-header-meta":"","header-above-stick-meta":"","header-main-stick-meta":"","header-below-stick-meta":"","astra-migrate-meta-layouts":"default","ast-page-background-enabled":"default","ast-page-background-meta":{"desktop":{"background-color":"var(--ast-global-color-4)","background-image":"","background-repeat":"repeat","background-position":"center center","background-size":"auto","background-attachment":"scroll","background-type":"","background-media":"","overlay-type":"","overlay-color":"","overlay-gradient":""},"tablet":{"background-color":"","background-image":"","background-repeat":"repeat","background-position":"center center","background-size":"auto","background-attachment":"scroll","background-type":"","background-media":"","overlay-type":"","overlay-color":"","overlay-gradient":""},"mobile":{"background-color":"","background-image":"","background-repeat":"repeat","background-position":"center center","background-size":"auto","background-attachment":"scroll","background-type":"","background-media":"","overlay-type":"","overlay-color":"","overlay-gradient":""}},"ast-content-background-meta":{"desktop":{"background-color":"var(--ast-global-color-5)","background-image":"","background-repeat":"repeat","background-position":"center center","background-size":"auto","background-attachment":"scroll","background-type":"","background-media":"","overlay-type":"","overlay-color":"","overlay-gradient":""},"tablet":{"background-color":"var(--ast-global-color-5)","background-image":"","background-repeat":"repeat","background-position":"center center","background-size":"auto","background-attachment":"scroll","background-type":"","background-media":"","overlay-type":"","overlay-color":"","overlay-gradient":""},"mobile":{"background-color":"var(--ast-global-color-5)","background-image":"","background-repeat":"repeat","background-position":"center center","background-size":"auto","background-attachment":"scroll","background-type":"","background-media":"","overlay-type":"","overlay-color":"","overlay-gradient":""}},"footnotes":""},"categories":[851],"tags":[22337,48308,63622,117825,11372,131465],"class_list":["post-59501","post","type-post","status-publish","format-standard","hentry","category-endocrinologia","tag-eduardo-chimenos-kistner","tag-esparza-gomez-german-carlos","tag-garcia-pola-vallejo-maria-jose","tag-jose-lopez-lopez","tag-jose-vicente-bagan-sebastian","tag-Martinez-tello-ana-maria"],"_links":{"self":[{"href":"https:\/\/www.deberes.net\/tesis\/wp-json\/wp\/v2\/posts\/59501","targetHints":{"allow":["GET"]}}],"collection":[{"href":"https:\/\/www.deberes.net\/tesis\/wp-json\/wp\/v2\/posts"}],"about":[{"href":"https:\/\/www.deberes.net\/tesis\/wp-json\/wp\/v2\/types\/post"}],"author":[{"embeddable":true,"href":"https:\/\/www.deberes.net\/tesis\/wp-json\/wp\/v2\/users\/1"}],"replies":[{"embeddable":true,"href":"https:\/\/www.deberes.net\/tesis\/wp-json\/wp\/v2\/comments?post=59501"}],"version-history":[{"count":0,"href":"https:\/\/www.deberes.net\/tesis\/wp-json\/wp\/v2\/posts\/59501\/revisions"}],"wp:attachment":[{"href":"https:\/\/www.deberes.net\/tesis\/wp-json\/wp\/v2\/media?parent=59501"}],"wp:term":[{"taxonomy":"category","embeddable":true,"href":"https:\/\/www.deberes.net\/tesis\/wp-json\/wp\/v2\/categories?post=59501"},{"taxonomy":"post_tag","embeddable":true,"href":"https:\/\/www.deberes.net\/tesis\/wp-json\/wp\/v2\/tags?post=59501"}],"curies":[{"name":"wp","href":"https:\/\/api.w.org\/{rel}","templated":true}]}}