{"id":59537,"date":"2018-03-09T22:47:21","date_gmt":"2018-03-09T22:47:21","guid":{"rendered":""},"modified":"2018-03-09T22:47:21","modified_gmt":"2018-03-09T22:47:21","slug":"revision-de-la-catalogacion-y-contextualizacion-del-epistolario-de-san-jose-de-calasanz-mediante-las-tecnologa%c2%adas-de-la-informacion-un-nuevo-instrumento-para-acceder-a-su-pensamiento-pedagogico","status":"publish","type":"post","link":"https:\/\/www.deberes.net\/tesis\/biografias\/revision-de-la-catalogacion-y-contextualizacion-del-epistolario-de-san-jose-de-calasanz-mediante-las-tecnologa%c2%adas-de-la-informacion-un-nuevo-instrumento-para-acceder-a-su-pensamiento-pedagogico\/","title":{"rendered":"Revisi\u00f3n de la catalogaci\u00f3n y contextualizaci\u00f3n del epistolario de san jos\u00e9 de calasanz mediante las tecnolog\u00edas de la informaci\u00f3n. un nuevo instrumento para acceder a su pensamiento pedag\u00f3gico"},"content":{"rendered":"<h2>Tesis doctoral de <strong> Ricardo Cerver\u00f3n Lle\u00f3 <\/strong><\/h2>\n<p>En la presente tesis realizamos un estudio sobre el epistolario de san jos\u00e9 de calasanz, procediendo a la revisi\u00f3n de su catalogaci\u00f3n. Y teniendo especial inter\u00e9s en los aspectos pedag\u00f3gicos tratados en las cartas del santo, creamos una aplicaci\u00f3n web que permita el acceso a su pensamiento pedag\u00f3gico.<\/p>\n<p>&nbsp;<\/p>\n<h3>Datos acad\u00e9micos de la tesis doctoral \u00ab<strong>Revisi\u00f3n de la catalogaci\u00f3n y contextualizaci\u00f3n del epistolario de san jos\u00e9 de calasanz mediante las tecnolog\u00edas de la informaci\u00f3n. un nuevo instrumento para acceder a su pensamiento pedag\u00f3gico<\/strong>\u00ab<\/h3>\n<ul>\n<li><strong>T\u00edtulo de la tesis:<\/strong>\u00a0 Revisi\u00f3n de la catalogaci\u00f3n y contextualizaci\u00f3n del epistolario de san jos\u00e9 de calasanz mediante las tecnolog\u00edas de la informaci\u00f3n. un nuevo instrumento para acceder a su pensamiento pedag\u00f3gico <\/li>\n<li><strong>Autor:<\/strong>\u00a0 Ricardo Cerver\u00f3n Lle\u00f3 <\/li>\n<li><strong>Universidad:<\/strong>\u00a0 Cat\u00f3lica de Valencia san vicente m\u00e1rtir<\/li>\n<li><strong>Fecha de lectura de la tesis:<\/strong>\u00a0 29\/06\/2007<\/li>\n<\/ul>\n<p>&nbsp;<\/p>\n<h3>Direcci\u00f3n y tribunal<\/h3>\n<ul>\n<li><strong>Director de la tesis<\/strong>\n<ul>\n<li>Jos\u00e9 Ignacio Prats Mora<\/li>\n<\/ul>\n<\/li>\n<li><strong>Tribunal<\/strong>\n<ul>\n<li>Presidente del tribunal: vicente Faubell zapata <\/li>\n<li>joan Mar\u00eda Senent s\u00e1nchez (vocal)<\/li>\n<li>marco Pizzo (vocal)<\/li>\n<li>Mar\u00eda  carmen Labrador herr\u00e1iz (vocal)<\/li>\n<\/ul>\n<\/li>\n<\/ul>\n<p>&nbsp;<\/p>\n","protected":false},"excerpt":{"rendered":"<p>Tesis doctoral de Ricardo Cerver\u00f3n Lle\u00f3 En la presente tesis realizamos un estudio sobre el epistolario de san jos\u00e9 de [&hellip;]<\/p>\n","protected":false},"author":1,"featured_media":0,"comment_status":"open","ping_status":"open","sticky":false,"template":"","format":"standard","meta":{"site-sidebar-layout":"default","site-content-layout":"","ast-site-content-layout":"","site-content-style":"default","site-sidebar-style":"default","ast-global-header-display":"","ast-banner-title-visibility":"","ast-main-header-display":"","ast-hfb-above-header-display":"","ast-hfb-below-header-display":"","ast-hfb-mobile-header-display":"","site-post-title":"","ast-breadcrumbs-content":"","ast-featured-img":"","footer-sml-layout":"","theme-transparent-header-meta":"","adv-header-id-meta":"","stick-header-meta":"","header-above-stick-meta":"","header-main-stick-meta":"","header-below-stick-meta":"","astra-migrate-meta-layouts":"default","ast-page-background-enabled":"default","ast-page-background-meta":{"desktop":{"background-color":"var(--ast-global-color-4)","background-image":"","background-repeat":"repeat","background-position":"center center","background-size":"auto","background-attachment":"scroll","background-type":"","background-media":"","overlay-type":"","overlay-color":"","overlay-gradient":""},"tablet":{"background-color":"","background-image":"","background-repeat":"repeat","background-position":"center center","background-size":"auto","background-attachment":"scroll","background-type":"","background-media":"","overlay-type":"","overlay-color":"","overlay-gradient":""},"mobile":{"background-color":"","background-image":"","background-repeat":"repeat","background-position":"center center","background-size":"auto","background-attachment":"scroll","background-type":"","background-media":"","overlay-type":"","overlay-color":"","overlay-gradient":""}},"ast-content-background-meta":{"desktop":{"background-color":"var(--ast-global-color-5)","background-image":"","background-repeat":"repeat","background-position":"center center","background-size":"auto","background-attachment":"scroll","background-type":"","background-media":"","overlay-type":"","overlay-color":"","overlay-gradient":""},"tablet":{"background-color":"var(--ast-global-color-5)","background-image":"","background-repeat":"repeat","background-position":"center center","background-size":"auto","background-attachment":"scroll","background-type":"","background-media":"","overlay-type":"","overlay-color":"","overlay-gradient":""},"mobile":{"background-color":"var(--ast-global-color-5)","background-image":"","background-repeat":"repeat","background-position":"center center","background-size":"auto","background-attachment":"scroll","background-type":"","background-media":"","overlay-type":"","overlay-color":"","overlay-gradient":""}},"footnotes":""},"categories":[6314,954,131541,5526,1141],"tags":[131543,41570,131544,7695,131542,44148],"class_list":["post-59537","post","type-post","status-publish","format-standard","hentry","category-bases-de-datos","category-biografias","category-catolica-de-valencia-san-vicente-martir","category-documentacion","category-pedagogia","tag-joan-maria-senent-sanchez","tag-jose-ignacio-prats-mora","tag-marco-pizzo","tag-maria-carmen-labrador-herraiz","tag-ricardo-cerveron-lleo","tag-vicente-faubell-zapata"],"_links":{"self":[{"href":"https:\/\/www.deberes.net\/tesis\/wp-json\/wp\/v2\/posts\/59537","targetHints":{"allow":["GET"]}}],"collection":[{"href":"https:\/\/www.deberes.net\/tesis\/wp-json\/wp\/v2\/posts"}],"about":[{"href":"https:\/\/www.deberes.net\/tesis\/wp-json\/wp\/v2\/types\/post"}],"author":[{"embeddable":true,"href":"https:\/\/www.deberes.net\/tesis\/wp-json\/wp\/v2\/users\/1"}],"replies":[{"embeddable":true,"href":"https:\/\/www.deberes.net\/tesis\/wp-json\/wp\/v2\/comments?post=59537"}],"version-history":[{"count":0,"href":"https:\/\/www.deberes.net\/tesis\/wp-json\/wp\/v2\/posts\/59537\/revisions"}],"wp:attachment":[{"href":"https:\/\/www.deberes.net\/tesis\/wp-json\/wp\/v2\/media?parent=59537"}],"wp:term":[{"taxonomy":"category","embeddable":true,"href":"https:\/\/www.deberes.net\/tesis\/wp-json\/wp\/v2\/categories?post=59537"},{"taxonomy":"post_tag","embeddable":true,"href":"https:\/\/www.deberes.net\/tesis\/wp-json\/wp\/v2\/tags?post=59537"}],"curies":[{"name":"wp","href":"https:\/\/api.w.org\/{rel}","templated":true}]}}