{"id":59553,"date":"2018-03-09T22:47:25","date_gmt":"2018-03-09T22:47:25","guid":{"rendered":"https:\/\/www.deberes.net\/tesis\/sin-categoria\/la-gestion-del-patrimonio-historico-como-instrumento-para-un-desarrollo-sostenible-un-caso-practico-el-proyecto-de-desarrollo-local-aos-ambientes-do-ara\/"},"modified":"2018-03-09T22:47:25","modified_gmt":"2018-03-09T22:47:25","slug":"la-gestion-del-patrimonio-historico-como-instrumento-para-un-desarrollo-sostenible-un-caso-practico-el-proyecto-de-desarrollo-local-aos-ambientes-do-ara","status":"publish","type":"post","link":"https:\/\/www.deberes.net\/tesis\/antropologia-cultural\/la-gestion-del-patrimonio-historico-como-instrumento-para-un-desarrollo-sostenible-un-caso-practico-el-proyecto-de-desarrollo-local-aos-ambientes-do-ara\/","title":{"rendered":"La gesti\u00f3n del patrimonio hist\u00f3rico como instrumento para un desarrollo sostenible. un caso pr\u00e1ctico. el proyecto de desarrollo local \u00c2\u00bfos ambientes do ar\u00c2\u00bf."},"content":{"rendered":"<h2>Tesis doctoral de <strong> Ana Mar\u00eda Barbero Franco <\/strong><\/h2>\n<p>La aparici\u00f3n de nuevas tecnolog\u00edas, el desarrollo de nuevos campos para el ocio y el turismo, y la propia globalizaci\u00f3n, han desviado el debate relativo a los aspectos culturales hacia el papel que juegan, pueden o deben jugar la cultura y el patrimonio en estos contextos: territorial y global. En este sentido, dos de las discusiones fundamentales que se plantean son:   c\u00f3mo integrar los proyectos de puesta en valor del patrimonio cultural y natural en las estrategias y las pol\u00edticas de desarrollo sostenible; y de qu\u00e9 forma el uso social del patrimonio debe ser entendido como un recurso para el desarrollo de las comunidades  que deben ser incorporadas en los proyectos que formen parte de dichas estrategias.   de esta forma, surge la necesidad de reflexionar sobre aspectos tales como los propios conceptos de cultura, desarrollo sostenible, globalizaci\u00f3n, comunidad, lugar, gesti\u00f3n&#8230;  una primera afirmaci\u00f3n al estudiar dichos temas es que no existe una \u00fanica definici\u00f3n que pueda ser aplicada de forma un\u00edvoca a dichos conceptos al igual que no existe un modelo \u00fanico de puesta en valor del patrimonio.  Al tradicional ciclo de gesti\u00f3n del patrimonio (investigar, documentar, conservar, divulgar) se le a\u00f1aden ahora otras preocupaciones como la funci\u00f3n que esa gesti\u00f3n debe jugar en nuestra sociedad y la forma en la puede favorecer al desarrollo end\u00f3geno y sostenible de una regi\u00f3n (es decir, de que maneras contribuye al crecimiento econ\u00f3mico sostenido, a la cohesi\u00f3n social y econ\u00f3mica y a la conservaci\u00f3n del medio ambiente a la vez que procura mejorar la calidad de vida de las personas).  as\u00ed es como llegamos a nuestra hip\u00f3tesis principal de trabajo, es decir, un  proyecto de gesti\u00f3n del patrimonio cultural debe ser considerado un proyecto social de desarrollo comunitario.<\/p>\n<p>&nbsp;<\/p>\n<h3>Datos acad\u00e9micos de la tesis doctoral \u00ab<strong>La gesti\u00f3n del patrimonio hist\u00f3rico como instrumento para un desarrollo sostenible. un caso pr\u00e1ctico. el proyecto de desarrollo local \u00c2\u00bfos ambientes do ar\u00c2\u00bf.<\/strong>\u00ab<\/h3>\n<ul>\n<li><strong>T\u00edtulo de la tesis:<\/strong>\u00a0 La gesti\u00f3n del patrimonio hist\u00f3rico como instrumento para un desarrollo sostenible. un caso pr\u00e1ctico. el proyecto de desarrollo local \u00c2\u00bfos ambientes do ar\u00c2\u00bf. <\/li>\n<li><strong>Autor:<\/strong>\u00a0 Ana Mar\u00eda Barbero Franco <\/li>\n<li><strong>Universidad:<\/strong>\u00a0 Salamanca<\/li>\n<li><strong>Fecha de lectura de la tesis:<\/strong>\u00a0 29\/06\/2007<\/li>\n<\/ul>\n<p>&nbsp;<\/p>\n<h3>Direcci\u00f3n y tribunal<\/h3>\n<ul>\n<li><strong>Director de la tesis<\/strong>\n<ul>\n<li>carralero L\u00f3pez S\u00e1nchez<\/li>\n<\/ul>\n<\/li>\n<li><strong>Tribunal<\/strong>\n<ul>\n<li>Presidente del tribunal: julio alberto Martin  martin <\/li>\n<li>domingo Oliver rubio (vocal)<\/li>\n<li>Jos\u00e9 Gomes silvestre (vocal)<\/li>\n<li>constancio Collado jare\u00f1o (vocal)<\/li>\n<\/ul>\n<\/li>\n<\/ul>\n<p>&nbsp;<\/p>\n","protected":false},"excerpt":{"rendered":"<p>Tesis doctoral de Ana Mar\u00eda Barbero Franco La aparici\u00f3n de nuevas tecnolog\u00edas, el desarrollo de nuevos campos para el ocio [&hellip;]<\/p>\n","protected":false},"author":1,"featured_media":0,"comment_status":"open","ping_status":"open","sticky":false,"template":"","format":"standard","meta":{"site-sidebar-layout":"default","site-content-layout":"","ast-site-content-layout":"","site-content-style":"default","site-sidebar-style":"default","ast-global-header-display":"","ast-banner-title-visibility":"","ast-main-header-display":"","ast-hfb-above-header-display":"","ast-hfb-below-header-display":"","ast-hfb-mobile-header-display":"","site-post-title":"","ast-breadcrumbs-content":"","ast-featured-img":"","footer-sml-layout":"","theme-transparent-header-meta":"","adv-header-id-meta":"","stick-header-meta":"","header-above-stick-meta":"","header-main-stick-meta":"","header-below-stick-meta":"","astra-migrate-meta-layouts":"default","ast-page-background-enabled":"default","ast-page-background-meta":{"desktop":{"background-color":"var(--ast-global-color-4)","background-image":"","background-repeat":"repeat","background-position":"center center","background-size":"auto","background-attachment":"scroll","background-type":"","background-media":"","overlay-type":"","overlay-color":"","overlay-gradient":""},"tablet":{"background-color":"","background-image":"","background-repeat":"repeat","background-position":"center center","background-size":"auto","background-attachment":"scroll","background-type":"","background-media":"","overlay-type":"","overlay-color":"","overlay-gradient":""},"mobile":{"background-color":"","background-image":"","background-repeat":"repeat","background-position":"center center","background-size":"auto","background-attachment":"scroll","background-type":"","background-media":"","overlay-type":"","overlay-color":"","overlay-gradient":""}},"ast-content-background-meta":{"desktop":{"background-color":"var(--ast-global-color-5)","background-image":"","background-repeat":"repeat","background-position":"center center","background-size":"auto","background-attachment":"scroll","background-type":"","background-media":"","overlay-type":"","overlay-color":"","overlay-gradient":""},"tablet":{"background-color":"var(--ast-global-color-5)","background-image":"","background-repeat":"repeat","background-position":"center center","background-size":"auto","background-attachment":"scroll","background-type":"","background-media":"","overlay-type":"","overlay-color":"","overlay-gradient":""},"mobile":{"background-color":"var(--ast-global-color-5)","background-image":"","background-repeat":"repeat","background-position":"center center","background-size":"auto","background-attachment":"scroll","background-type":"","background-media":"","overlay-type":"","overlay-color":"","overlay-gradient":""}},"footnotes":""},"categories":[983,6217,9386,2232],"tags":[131575,81347,67668,3975,131577,131576],"class_list":["post-59553","post","type-post","status-publish","format-standard","hentry","category-antropologia-cultural","category-cambio-y-desarrollo-social","category-salamanca","category-sociologia-cultural","tag-ana-maria-barbero-franco","tag-carralero-lopez-sanchez","tag-constancio-collado-jareno","tag-domingo-oliver-rubio","tag-jose-gomes-silvestre","tag-julio-alberto-martin-martin"],"_links":{"self":[{"href":"https:\/\/www.deberes.net\/tesis\/wp-json\/wp\/v2\/posts\/59553","targetHints":{"allow":["GET"]}}],"collection":[{"href":"https:\/\/www.deberes.net\/tesis\/wp-json\/wp\/v2\/posts"}],"about":[{"href":"https:\/\/www.deberes.net\/tesis\/wp-json\/wp\/v2\/types\/post"}],"author":[{"embeddable":true,"href":"https:\/\/www.deberes.net\/tesis\/wp-json\/wp\/v2\/users\/1"}],"replies":[{"embeddable":true,"href":"https:\/\/www.deberes.net\/tesis\/wp-json\/wp\/v2\/comments?post=59553"}],"version-history":[{"count":0,"href":"https:\/\/www.deberes.net\/tesis\/wp-json\/wp\/v2\/posts\/59553\/revisions"}],"wp:attachment":[{"href":"https:\/\/www.deberes.net\/tesis\/wp-json\/wp\/v2\/media?parent=59553"}],"wp:term":[{"taxonomy":"category","embeddable":true,"href":"https:\/\/www.deberes.net\/tesis\/wp-json\/wp\/v2\/categories?post=59553"},{"taxonomy":"post_tag","embeddable":true,"href":"https:\/\/www.deberes.net\/tesis\/wp-json\/wp\/v2\/tags?post=59553"}],"curies":[{"name":"wp","href":"https:\/\/api.w.org\/{rel}","templated":true}]}}