{"id":59558,"date":"2018-03-09T22:47:25","date_gmt":"2018-03-09T22:47:25","guid":{"rendered":"https:\/\/www.deberes.net\/tesis\/sin-categoria\/los-centros-educativos-como-organizaciones-y-como-comunidades\/"},"modified":"2018-03-09T22:47:25","modified_gmt":"2018-03-09T22:47:25","slug":"los-centros-educativos-como-organizaciones-y-como-comunidades","status":"publish","type":"post","link":"https:\/\/www.deberes.net\/tesis\/organizacion-y-direccion-de-las-instituciones-educativas\/los-centros-educativos-como-organizaciones-y-como-comunidades\/","title":{"rendered":"Los centros educativos como organizaciones y como comunidades"},"content":{"rendered":"<h2>Tesis doctoral de <strong> Pedro Javier Bello Guerra <\/strong><\/h2>\n<p>El presente trabajo tiene entre sus prop\u00f3sitos detectar los rasgos fundamentales de una organizaci\u00f3n y de una comunidad en si, y tambi\u00e9n referidos a las escuelas, sin embargo, el objetivo fundamental es construir un instrumento de an\u00e1lisis que nos ayude a distinguir entre colegios que se comportan m\u00e1s como organizaciones o como comunidades. Para tal efecto se procedi\u00f3 a la fundamentaci\u00f3n te\u00f3rica de lo que es una organizaci\u00f3n y lo que es una comunidad humana as\u00ed como su aplicaci\u00f3n al \u00e1mbito educativo, es decir en la organizaci\u00f3n escolar  y comunidad escolar, para lo cual se seleccionaron algunos autores reconocidos como especialistas en la materia, a partir de los cuales se lleg\u00f3 a los siguientes conceptos:  entendemos por comunidad \u00abuna agrupaci\u00f3n natural de personas basada en lazos de afecto casi familiar y sentido de pertenencia, con un pasado com\u00fan que implica unos valores compartidos, unos lazos de sangre, parentesco o afinidad, una historia y un destino com\u00fan que a todos interesa preservar a lo largo del tiempo y de una generaci\u00f3n a otra, lo cual les conduce a la   realizaci\u00f3n de acciones de participaci\u00f3n solidaria para el logro de fines compartidos propios de la comunidad -no identificables con la mera suma de intereses particulares-. Por su parte, las agrupaciones humanas llamadas organizaciones son  \u00abun conjunto de personas (recursos humanos) interrelacionadas entre si mediante una estructura y un modelo organizacional que define sus funciones permiti\u00e9ndoles coordinar sus acciones para aportar su tiempo, esfuerzo y aptitudes personales (\u00e1reas de actividad y tareas tipicas) empleando los recursos materiales disponibles para alcanzar uno o varios prop\u00f3sitos comunes propios de la organizaci\u00f3n a cambio de una remuneraci\u00f3n o incentivos tangibles o intangibles (objetivos).Una vez terminada la fundamentaci\u00f3n te\u00f3rica en cuyas conclusiones se recogieron los rasgos caracter\u00edsticos de una organizaci\u00f3n y de una comunidad escolar se procedi\u00f3 a partir de ellos, al dise\u00f1o de un instrumento de an\u00e1lisis consistente en un cuestionario de 36 preguntas que una vez validado por especialistas se aplic\u00f3 de forma piloto a 3 directivos, 3 profesores y 3 padres de familia en 5 colegios seleccionados que conven\u00edan para el estudio a realizar, y que fundamentalmente abarcaban las siguientes caracter\u00edsticas: con prestigio acad\u00e9mico en la ciudad, con educaci\u00f3n mixta y diferenciada, con formaci\u00f3n religiosa y sin ella, p\u00fablicos y privados.Entre las conclusiones podemos destacar que el instrumento de medici\u00f3n es adecuado para el prop\u00f3sito que fue dise\u00f1ado: distinguir los rasgos que como organizaci\u00f3n o comunidad presentan los colegios; adem\u00e1s se puede inferir de las respuestas obtenidas que tanto las cualidades propias de la organizaci\u00f3n como las de una comunidad educativa, son importantes, siendo esta \u00faltima, a trav\u00e9s de los valores compartidos y los lazos de afecto casi familiares, la que constituye un foco humanizante de la persona del educando. Finalmente podr\u00edamos decir que la escuela se deber\u00eda parecer m\u00e1s al modelo organizacional tipo \u00abinstituci\u00f3n\u00bb que incorpora en mayor proporci\u00f3n elementos propios de las comunidades y no tanto a los modelos mec\u00e1nicos o burocr\u00e1ticos ni a los org\u00e1nicos que tanto abundan en otros \u00e1mbitos del mundo laboral y que reflejan m\u00e1s fr\u00edamente la relaci\u00f3n organizacional impersonal<\/p>\n<p>&nbsp;<\/p>\n<h3>Datos acad\u00e9micos de la tesis doctoral \u00ab<strong>Los centros educativos como organizaciones y como comunidades<\/strong>\u00ab<\/h3>\n<ul>\n<li><strong>T\u00edtulo de la tesis:<\/strong>\u00a0 Los centros educativos como organizaciones y como comunidades <\/li>\n<li><strong>Autor:<\/strong>\u00a0 Pedro Javier Bello Guerra <\/li>\n<li><strong>Universidad:<\/strong>\u00a0 Navarra<\/li>\n<li><strong>Fecha de lectura de la tesis:<\/strong>\u00a0 29\/06\/2007<\/li>\n<\/ul>\n<p>&nbsp;<\/p>\n<h3>Direcci\u00f3n y tribunal<\/h3>\n<ul>\n<li><strong>Director de la tesis<\/strong>\n<ul>\n<li>David Isaacs<\/li>\n<\/ul>\n<\/li>\n<li><strong>Tribunal<\/strong>\n<ul>\n<li>Presidente del tribunal: gonz\u00e1lo V\u00e1zquez g\u00f3mez <\/li>\n<li>gerardo Castillo ceballos (vocal)<\/li>\n<li>Francisco Javier Vergara ciordia (vocal)<\/li>\n<li>Juan  Andr\u00e9s Mu\u00f1oz arnau (vocal)<\/li>\n<\/ul>\n<\/li>\n<\/ul>\n<p>&nbsp;<\/p>\n","protected":false},"excerpt":{"rendered":"<p>Tesis doctoral de Pedro Javier Bello Guerra El presente trabajo tiene entre sus prop\u00f3sitos detectar los rasgos fundamentales de una [&hellip;]<\/p>\n","protected":false},"author":1,"featured_media":0,"comment_status":"open","ping_status":"open","sticky":false,"template":"","format":"standard","meta":{"site-sidebar-layout":"default","site-content-layout":"","ast-site-content-layout":"","site-content-style":"default","site-sidebar-style":"default","ast-global-header-display":"","ast-banner-title-visibility":"","ast-main-header-display":"","ast-hfb-above-header-display":"","ast-hfb-below-header-display":"","ast-hfb-mobile-header-display":"","site-post-title":"","ast-breadcrumbs-content":"","ast-featured-img":"","footer-sml-layout":"","theme-transparent-header-meta":"","adv-header-id-meta":"","stick-header-meta":"","header-above-stick-meta":"","header-main-stick-meta":"","header-below-stick-meta":"","astra-migrate-meta-layouts":"default","ast-page-background-enabled":"default","ast-page-background-meta":{"desktop":{"background-color":"var(--ast-global-color-4)","background-image":"","background-repeat":"repeat","background-position":"center center","background-size":"auto","background-attachment":"scroll","background-type":"","background-media":"","overlay-type":"","overlay-color":"","overlay-gradient":""},"tablet":{"background-color":"","background-image":"","background-repeat":"repeat","background-position":"center center","background-size":"auto","background-attachment":"scroll","background-type":"","background-media":"","overlay-type":"","overlay-color":"","overlay-gradient":""},"mobile":{"background-color":"","background-image":"","background-repeat":"repeat","background-position":"center center","background-size":"auto","background-attachment":"scroll","background-type":"","background-media":"","overlay-type":"","overlay-color":"","overlay-gradient":""}},"ast-content-background-meta":{"desktop":{"background-color":"var(--ast-global-color-5)","background-image":"","background-repeat":"repeat","background-position":"center center","background-size":"auto","background-attachment":"scroll","background-type":"","background-media":"","overlay-type":"","overlay-color":"","overlay-gradient":""},"tablet":{"background-color":"var(--ast-global-color-5)","background-image":"","background-repeat":"repeat","background-position":"center center","background-size":"auto","background-attachment":"scroll","background-type":"","background-media":"","overlay-type":"","overlay-color":"","overlay-gradient":""},"mobile":{"background-color":"var(--ast-global-color-5)","background-image":"","background-repeat":"repeat","background-position":"center center","background-size":"auto","background-attachment":"scroll","background-type":"","background-media":"","overlay-type":"","overlay-color":"","overlay-gradient":""}},"footnotes":""},"categories":[17749,7611],"tags":[67842,17236,67942,6224,17396,131586],"class_list":["post-59558","post","type-post","status-publish","format-standard","hentry","category-navarra","category-organizacion-y-direccion-de-las-instituciones-educativas","tag-david-isaacs","tag-francisco-javier-vergara-ciordia","tag-gerardo-castillo-ceballos","tag-gonzalo-vazquez-gomez","tag-juan-andres-munoz-arnau","tag-pedro-javier-bello-guerra"],"_links":{"self":[{"href":"https:\/\/www.deberes.net\/tesis\/wp-json\/wp\/v2\/posts\/59558","targetHints":{"allow":["GET"]}}],"collection":[{"href":"https:\/\/www.deberes.net\/tesis\/wp-json\/wp\/v2\/posts"}],"about":[{"href":"https:\/\/www.deberes.net\/tesis\/wp-json\/wp\/v2\/types\/post"}],"author":[{"embeddable":true,"href":"https:\/\/www.deberes.net\/tesis\/wp-json\/wp\/v2\/users\/1"}],"replies":[{"embeddable":true,"href":"https:\/\/www.deberes.net\/tesis\/wp-json\/wp\/v2\/comments?post=59558"}],"version-history":[{"count":0,"href":"https:\/\/www.deberes.net\/tesis\/wp-json\/wp\/v2\/posts\/59558\/revisions"}],"wp:attachment":[{"href":"https:\/\/www.deberes.net\/tesis\/wp-json\/wp\/v2\/media?parent=59558"}],"wp:term":[{"taxonomy":"category","embeddable":true,"href":"https:\/\/www.deberes.net\/tesis\/wp-json\/wp\/v2\/categories?post=59558"},{"taxonomy":"post_tag","embeddable":true,"href":"https:\/\/www.deberes.net\/tesis\/wp-json\/wp\/v2\/tags?post=59558"}],"curies":[{"name":"wp","href":"https:\/\/api.w.org\/{rel}","templated":true}]}}