{"id":59566,"date":"2007-02-07T00:00:00","date_gmt":"2007-02-07T00:00:00","guid":{"rendered":"https:\/\/www.deberes.net\/tesis\/sin-categoria\/estudios-sobre-la-expresion-y-localizacion-de-la-guanilil-ciclasa-sensible-a-no-gcno-en-celulas-nerviosas\/"},"modified":"2007-02-07T00:00:00","modified_gmt":"2007-02-07T00:00:00","slug":"estudios-sobre-la-expresion-y-localizacion-de-la-guanilil-ciclasa-sensible-a-no-gcno-en-celulas-nerviosas","status":"publish","type":"post","link":"https:\/\/www.deberes.net\/tesis\/bioquimica-molecular\/estudios-sobre-la-expresion-y-localizacion-de-la-guanilil-ciclasa-sensible-a-no-gcno-en-celulas-nerviosas\/","title":{"rendered":"Estudios sobre la expresi\u00f3n y localizaci\u00f3n de la guanilil ciclasa sensible a no (gcno) en c\u00e9lulas nerviosas"},"content":{"rendered":"<h2>Tesis doctoral de <strong> Paula Pifarr\u00e9 M\u00aa <\/strong><\/h2>\n<p>La guanilil ciclasa sensible a no (gcno) es la principal diana del no en el snc. Esta enzima cataliza la formaci\u00f3n del segundo mensajero gmpc a partir de gtp. El gmpc es el mediador de las importantes acciones neuro-reguladoras del no. La gcno est\u00e1 presente en la mayor\u00eda de las c\u00e9lulas de mam\u00edferos como un heterod\u00edmero compuesto por una subunidad   y una  . Dos isoformas de cada subunidad,  1-2 y  1-2, han sido clonadas. Durante el desarrollo de esta tesis hemos estudiado la distribuci\u00f3n anat\u00f3mica de los mrnas de las subunidades de la gcno en cerebro de rata y mono. Nuestros resultados revelan que en ambas especies el mrna de la subunidad  1 es el m\u00e1s abundante, siendo m\u00e1xima su expresi\u00f3n en caudado-putamen, n\u00facleo accumbens, tub\u00e9rculo olfatorio, corteza, giro dentado e hipocampo, as\u00ed como en varios n\u00facleos tal\u00e1micos e hipotal\u00e1micos, am\u00edgdala y cerebelo. Por el contrario, el mrna de la subunidad  2 no pudo ser detectado en ninguna de las dos especies estudiadas. La distribuci\u00f3n de las subunidades present\u00f3 similitudes en el sistema l\u00edmbico y en el caudado-putamen de ambas especies. sin embargo, existen peque\u00f1as diferencias en la distribuci\u00f3n laminar de la corteza cerebral. Mientras que en la rata la expresi\u00f3n de la subunidad 1 es elevadas en capas externas corticales, en el mono lo es en capas internas. Por otro lado, el mrna de 1 es m\u00e1s ubicuo en cerebro demono y el mrna de 2 en el de rata. una elevada expresi\u00f3n de las tres subunidades se observ\u00f3 en los ganglios basales, el sistema olfatorio, el hipocampo y la corteza cerebral. Sin embargo, tambi\u00e9n encontramos regiones donde la expresi\u00f3n de la subunidad 1 era muy alta y por el contrario la expresi\u00f3n de ambas subunidades muy baja o indetectable. En la rata, esta situaci\u00f3n se apreci\u00f3 en las islasde calleja, la mayor\u00eda de los n\u00facleos tal\u00e1micos y el col\u00edculo superior, y en cerebro de mono en los n\u00facleos tal\u00e1micos y en el claustrum. Teniendo en cuenta que el sistema no-gmpc ha sid<\/p>\n<p>&nbsp;<\/p>\n<h3>Datos acad\u00e9micos de la tesis doctoral \u00ab<strong>Estudios sobre la expresi\u00f3n y localizaci\u00f3n de la guanilil ciclasa sensible a no (gcno) en c\u00e9lulas nerviosas<\/strong>\u00ab<\/h3>\n<ul>\n<li><strong>T\u00edtulo de la tesis:<\/strong>\u00a0 Estudios sobre la expresi\u00f3n y localizaci\u00f3n de la guanilil ciclasa sensible a no (gcno) en c\u00e9lulas nerviosas <\/li>\n<li><strong>Autor:<\/strong>\u00a0 Paula Pifarr\u00e9 M\u00aa <\/li>\n<li><strong>Universidad:<\/strong>\u00a0 Aut\u00f3noma de barcelona<\/li>\n<li><strong>Fecha de lectura de la tesis:<\/strong>\u00a0 02\/07\/2007<\/li>\n<\/ul>\n<p>&nbsp;<\/p>\n<h3>Direcci\u00f3n y tribunal<\/h3>\n<ul>\n<li><strong>Director de la tesis<\/strong>\n<ul>\n<li>Agustina Garc\u00eda S\u00e1nchez<\/li>\n<\/ul>\n<\/li>\n<li><strong>Tribunal<\/strong>\n<ul>\n<li>Presidente del tribunal: magdalena Torres molina <\/li>\n<li>josep Saura mart\u00ed (vocal)<\/li>\n<li>teresa Vilar\u00f3 (vocal)<\/li>\n<li>laia Acarin p\u00e9rez (vocal)<\/li>\n<\/ul>\n<\/li>\n<\/ul>\n<p>&nbsp;<\/p>\n","protected":false},"excerpt":{"rendered":"<p>Tesis doctoral de Paula Pifarr\u00e9 M\u00aa La guanilil ciclasa sensible a no (gcno) es la principal diana del no en [&hellip;]<\/p>\n","protected":false},"author":1,"featured_media":0,"comment_status":"open","ping_status":"open","sticky":false,"template":"","format":"standard","meta":{"site-sidebar-layout":"default","site-content-layout":"","ast-site-content-layout":"","site-content-style":"default","site-sidebar-style":"default","ast-global-header-display":"","ast-banner-title-visibility":"","ast-main-header-display":"","ast-hfb-above-header-display":"","ast-hfb-below-header-display":"","ast-hfb-mobile-header-display":"","site-post-title":"","ast-breadcrumbs-content":"","ast-featured-img":"","footer-sml-layout":"","theme-transparent-header-meta":"","adv-header-id-meta":"","stick-header-meta":"","header-above-stick-meta":"","header-main-stick-meta":"","header-below-stick-meta":"","astra-migrate-meta-layouts":"default","ast-page-background-enabled":"default","ast-page-background-meta":{"desktop":{"background-color":"var(--ast-global-color-4)","background-image":"","background-repeat":"repeat","background-position":"center center","background-size":"auto","background-attachment":"scroll","background-type":"","background-media":"","overlay-type":"","overlay-color":"","overlay-gradient":""},"tablet":{"background-color":"","background-image":"","background-repeat":"repeat","background-position":"center center","background-size":"auto","background-attachment":"scroll","background-type":"","background-media":"","overlay-type":"","overlay-color":"","overlay-gradient":""},"mobile":{"background-color":"","background-image":"","background-repeat":"repeat","background-position":"center center","background-size":"auto","background-attachment":"scroll","background-type":"","background-media":"","overlay-type":"","overlay-color":"","overlay-gradient":""}},"ast-content-background-meta":{"desktop":{"background-color":"var(--ast-global-color-5)","background-image":"","background-repeat":"repeat","background-position":"center center","background-size":"auto","background-attachment":"scroll","background-type":"","background-media":"","overlay-type":"","overlay-color":"","overlay-gradient":""},"tablet":{"background-color":"var(--ast-global-color-5)","background-image":"","background-repeat":"repeat","background-position":"center center","background-size":"auto","background-attachment":"scroll","background-type":"","background-media":"","overlay-type":"","overlay-color":"","overlay-gradient":""},"mobile":{"background-color":"var(--ast-global-color-5)","background-image":"","background-repeat":"repeat","background-position":"center center","background-size":"auto","background-attachment":"scroll","background-type":"","background-media":"","overlay-type":"","overlay-color":"","overlay-gradient":""}},"footnotes":""},"categories":[115],"tags":[14198,14194,118388,39716,131599,131600],"class_list":["post-59566","post","type-post","status-publish","format-standard","hentry","category-bioquimica-molecular","tag-agustina-garcia-sanchez","tag-josep-saura-marti","tag-laia-acarin-perez","tag-magdalena-torres-molina","tag-paula-pifarre-ma","tag-teresa-vilaro"],"_links":{"self":[{"href":"https:\/\/www.deberes.net\/tesis\/wp-json\/wp\/v2\/posts\/59566","targetHints":{"allow":["GET"]}}],"collection":[{"href":"https:\/\/www.deberes.net\/tesis\/wp-json\/wp\/v2\/posts"}],"about":[{"href":"https:\/\/www.deberes.net\/tesis\/wp-json\/wp\/v2\/types\/post"}],"author":[{"embeddable":true,"href":"https:\/\/www.deberes.net\/tesis\/wp-json\/wp\/v2\/users\/1"}],"replies":[{"embeddable":true,"href":"https:\/\/www.deberes.net\/tesis\/wp-json\/wp\/v2\/comments?post=59566"}],"version-history":[{"count":0,"href":"https:\/\/www.deberes.net\/tesis\/wp-json\/wp\/v2\/posts\/59566\/revisions"}],"wp:attachment":[{"href":"https:\/\/www.deberes.net\/tesis\/wp-json\/wp\/v2\/media?parent=59566"}],"wp:term":[{"taxonomy":"category","embeddable":true,"href":"https:\/\/www.deberes.net\/tesis\/wp-json\/wp\/v2\/categories?post=59566"},{"taxonomy":"post_tag","embeddable":true,"href":"https:\/\/www.deberes.net\/tesis\/wp-json\/wp\/v2\/tags?post=59566"}],"curies":[{"name":"wp","href":"https:\/\/api.w.org\/{rel}","templated":true}]}}