{"id":59570,"date":"2007-02-07T00:00:00","date_gmt":"2007-02-07T00:00:00","guid":{"rendered":"https:\/\/www.deberes.net\/tesis\/sin-categoria\/trastorno-obsesivo-compulsivo-y-trastornos-de-la-alimentacion-estudio-comparativo-de-casos\/"},"modified":"2007-02-07T00:00:00","modified_gmt":"2007-02-07T00:00:00","slug":"trastorno-obsesivo-compulsivo-y-trastornos-de-la-alimentacion-estudio-comparativo-de-casos","status":"publish","type":"post","link":"https:\/\/www.deberes.net\/tesis\/psicopatologia\/trastorno-obsesivo-compulsivo-y-trastornos-de-la-alimentacion-estudio-comparativo-de-casos\/","title":{"rendered":"Trastorno obsesivo compulsivo y trastornos de la alimentaci\u00f3n: estudio comparativo de casos"},"content":{"rendered":"<h2>Tesis doctoral de <strong> Susana Jimenez Murcia <\/strong><\/h2>\n<p>Objetivo     determinar los rasgos sintomatol\u00f3gicos y psicopatol\u00f3gicos similares y diferenciales entre el trastorno obsesivo-compulsico (toc) y los trastornos de la conducta alimentaria (tca): determinar en qu\u00e9 medida del toc y los tca aparecen de forma com\u00f3rbida: evaluar en qu\u00e9 medida los pacientes con toc y los pacientes con toc y los pacientes con tca se diferencia en cuanto a sintomatolog\u00eda obsesiva y alimentaria, incluso tras haber controlado las variables peso y edad: analizar si los pacientes con toc, que presentan un tca com\u00f3rbido; muestran o no mayor severidad de su cuadro obsesivo, analizar la posible asociaci\u00f3n, en pacientes con un tca, entre sintomatolog\u00eda alimentaria y obesidad.  m\u00e9todo     la muestra estaba formada por 90 mujeres (30 diagnosticadas de toc; 30 de anorexia nerviosa y 30 de bulimia nerviosa), que hab\u00edan consultado de forma consecutiva en el servicio de psiquiatr\u00eda del hospital universitario de bellvitge. Todas las pacientes hab\u00edan sido diagn\u00f3sticadas siguiendo los criterios propuestos por el manual diang\u00f3stico y estad\u00edstico de los trastornos mentales, en su cuarta edici\u00f3n (dsm-iv). Como instrumentos se aplicaron una serie de cuestionarios ampliamente utilizados en el diagn\u00f3stico del toc, de los tac y de la sintomatolog\u00eda depresiva: (inventario obsesivo-compulsivo de maudsley (moci); cuestionario de rasgos y personalidad obsesiva de vallejo (crpov); eating attitudes test (eat -40); eating disorder inventory (edi); inventari de depresi\u00f3n de beck (bdi).  resultados     anova y ancova (tomando las variables edad y bmi como covariantes) revelaron la existencia  de diferencias estad\u00edsticamente significativas entre el toc y los tca; s\u00edntomas obsesivo-compulsivos (moci, p menor 001), s\u00edntomas alimentarios (eat, p menor 001) y psicopatolog\u00eda alimentaria (edi, p menor 001). Se observ\u00f3 que dos rasgos de personalidad (perfeccionismo y desconfianza interpersonal) no eran espec\u00edficos de los tca. En el grupo de pacien<\/p>\n<p>&nbsp;<\/p>\n<h3>Datos acad\u00e9micos de la tesis doctoral \u00ab<strong>Trastorno obsesivo compulsivo y trastornos de la alimentaci\u00f3n: estudio comparativo de casos<\/strong>\u00ab<\/h3>\n<ul>\n<li><strong>T\u00edtulo de la tesis:<\/strong>\u00a0 Trastorno obsesivo compulsivo y trastornos de la alimentaci\u00f3n: estudio comparativo de casos <\/li>\n<li><strong>Autor:<\/strong>\u00a0 Susana Jimenez Murcia <\/li>\n<li><strong>Universidad:<\/strong>\u00a0 Aut\u00f3noma de barcelona<\/li>\n<li><strong>Fecha de lectura de la tesis:<\/strong>\u00a0 02\/07\/2007<\/li>\n<\/ul>\n<p>&nbsp;<\/p>\n<h3>Direcci\u00f3n y tribunal<\/h3>\n<ul>\n<li><strong>Director de la tesis<\/strong>\n<ul>\n<li>Rosa Mar\u00eda Raich Escursell<\/li>\n<\/ul>\n<\/li>\n<li><strong>Tribunal<\/strong>\n<ul>\n<li>Presidente del tribunal: julio Vallejo ruiloba <\/li>\n<li>Jos\u00e9 Manuel Menchon magri\u00f1a (vocal)<\/li>\n<li>Juan  Antonio Cruzado rodriguez (vocal)<\/li>\n<li>Luis S\u00e1nchez planell (vocal)<\/li>\n<\/ul>\n<\/li>\n<\/ul>\n<p>&nbsp;<\/p>\n","protected":false},"excerpt":{"rendered":"<p>Tesis doctoral de Susana Jimenez Murcia Objetivo determinar los rasgos sintomatol\u00f3gicos y psicopatol\u00f3gicos similares y diferenciales entre el trastorno obsesivo-compulsico [&hellip;]<\/p>\n","protected":false},"author":1,"featured_media":0,"comment_status":"open","ping_status":"open","sticky":false,"template":"","format":"standard","meta":{"site-sidebar-layout":"default","site-content-layout":"","ast-site-content-layout":"","site-content-style":"default","site-sidebar-style":"default","ast-global-header-display":"","ast-banner-title-visibility":"","ast-main-header-display":"","ast-hfb-above-header-display":"","ast-hfb-below-header-display":"","ast-hfb-mobile-header-display":"","site-post-title":"","ast-breadcrumbs-content":"","ast-featured-img":"","footer-sml-layout":"","theme-transparent-header-meta":"","adv-header-id-meta":"","stick-header-meta":"","header-above-stick-meta":"","header-main-stick-meta":"","header-below-stick-meta":"","astra-migrate-meta-layouts":"default","ast-page-background-enabled":"default","ast-page-background-meta":{"desktop":{"background-color":"var(--ast-global-color-4)","background-image":"","background-repeat":"repeat","background-position":"center center","background-size":"auto","background-attachment":"scroll","background-type":"","background-media":"","overlay-type":"","overlay-color":"","overlay-gradient":""},"tablet":{"background-color":"","background-image":"","background-repeat":"repeat","background-position":"center center","background-size":"auto","background-attachment":"scroll","background-type":"","background-media":"","overlay-type":"","overlay-color":"","overlay-gradient":""},"mobile":{"background-color":"","background-image":"","background-repeat":"repeat","background-position":"center center","background-size":"auto","background-attachment":"scroll","background-type":"","background-media":"","overlay-type":"","overlay-color":"","overlay-gradient":""}},"ast-content-background-meta":{"desktop":{"background-color":"var(--ast-global-color-5)","background-image":"","background-repeat":"repeat","background-position":"center center","background-size":"auto","background-attachment":"scroll","background-type":"","background-media":"","overlay-type":"","overlay-color":"","overlay-gradient":""},"tablet":{"background-color":"var(--ast-global-color-5)","background-image":"","background-repeat":"repeat","background-position":"center center","background-size":"auto","background-attachment":"scroll","background-type":"","background-media":"","overlay-type":"","overlay-color":"","overlay-gradient":""},"mobile":{"background-color":"var(--ast-global-color-5)","background-image":"","background-repeat":"repeat","background-position":"center center","background-size":"auto","background-attachment":"scroll","background-type":"","background-media":"","overlay-type":"","overlay-color":"","overlay-gradient":""}},"footnotes":""},"categories":[1175,5111,961,325],"tags":[131609,7304,20012,47607,1180,131608],"class_list":["post-59570","post","type-post","status-publish","format-standard","hentry","category-evaluacion-y-diagnostico-en-psicologia","category-psicologia-comparada","category-psicologia-de-la-anormalidad","category-psicopatologia","tag-jose-manuel-menchon-magrina","tag-juan-antonio-cruzado-rodriguez","tag-julio-vallejo-ruiloba","tag-luis-sanchez-planell","tag-rosa-maria-raich-escursell","tag-susana-jimenez-murcia"],"_links":{"self":[{"href":"https:\/\/www.deberes.net\/tesis\/wp-json\/wp\/v2\/posts\/59570","targetHints":{"allow":["GET"]}}],"collection":[{"href":"https:\/\/www.deberes.net\/tesis\/wp-json\/wp\/v2\/posts"}],"about":[{"href":"https:\/\/www.deberes.net\/tesis\/wp-json\/wp\/v2\/types\/post"}],"author":[{"embeddable":true,"href":"https:\/\/www.deberes.net\/tesis\/wp-json\/wp\/v2\/users\/1"}],"replies":[{"embeddable":true,"href":"https:\/\/www.deberes.net\/tesis\/wp-json\/wp\/v2\/comments?post=59570"}],"version-history":[{"count":0,"href":"https:\/\/www.deberes.net\/tesis\/wp-json\/wp\/v2\/posts\/59570\/revisions"}],"wp:attachment":[{"href":"https:\/\/www.deberes.net\/tesis\/wp-json\/wp\/v2\/media?parent=59570"}],"wp:term":[{"taxonomy":"category","embeddable":true,"href":"https:\/\/www.deberes.net\/tesis\/wp-json\/wp\/v2\/categories?post=59570"},{"taxonomy":"post_tag","embeddable":true,"href":"https:\/\/www.deberes.net\/tesis\/wp-json\/wp\/v2\/tags?post=59570"}],"curies":[{"name":"wp","href":"https:\/\/api.w.org\/{rel}","templated":true}]}}