{"id":59576,"date":"2007-02-07T00:00:00","date_gmt":"2007-02-07T00:00:00","guid":{"rendered":"https:\/\/www.deberes.net\/tesis\/sin-categoria\/genero-y-familia-el-rol-paternal-en-adolescentes\/"},"modified":"2007-02-07T00:00:00","modified_gmt":"2007-02-07T00:00:00","slug":"genero-y-familia-el-rol-paternal-en-adolescentes","status":"publish","type":"post","link":"https:\/\/www.deberes.net\/tesis\/psicologia\/genero-y-familia-el-rol-paternal-en-adolescentes\/","title":{"rendered":"G\u00e9nero y familia: el rol paternal en adolescentes"},"content":{"rendered":"<h2>Tesis doctoral de <strong> Beatriz Palacios Vicario <\/strong><\/h2>\n<p>Actualmente, existen muchas investigaciones que demuestran la desigualdad entre hombres y mujeres en nuestra sociedad. Quiz\u00e1s, el \u00e1mbito o contexto en el que son m\u00e1s tangibles es el entorno laboral. Sin embargo, otros contextos como la familia enmascaran u ocultan dichas diferencias. el objetivo de esta tesis es el estudio de las diferencias de g\u00e9nero en la familia, centr\u00e1ndonos en un aspecto que creemos puede ser uno de los desencadenantes de dichas diferencias, el rol paternal. Hemos querido conocer cu\u00e1l ser\u00eda la valoraci\u00f3n de rol paternal con tareas tales como la crianza de los hijos y las tareas dom\u00e9sticas. As\u00ed mismo, en este trabajo nos hemos interesado por qu\u00e9 variables estar\u00edan implicadas en dicha valoraci\u00f3n o compromiso.     el estudio emp\u00edrico se ha llevado a cabo mediante un dise\u00f1o experimental pretest-postest, con una muestra de 338 adolescentes salamantinos, con seis grupos control y seis grupos experimentales. Se ha utilizado una doble metodolog\u00eda de an\u00e1lisis, cualitativa y cuantitativa. Los datos se han analizado con el programa nudist y spps. Como conclusi\u00f3n, las variables estudiadas no han sido significativas. Sin embargo, en general se ha obtenido una aceptable valoraci\u00f3n del rol paternal propuesto por parte de la muestra.<\/p>\n<p>&nbsp;<\/p>\n<h3>Datos acad\u00e9micos de la tesis doctoral \u00ab<strong>G\u00e9nero y familia: el rol paternal en adolescentes<\/strong>\u00ab<\/h3>\n<ul>\n<li><strong>T\u00edtulo de la tesis:<\/strong>\u00a0 G\u00e9nero y familia: el rol paternal en adolescentes <\/li>\n<li><strong>Autor:<\/strong>\u00a0 Beatriz Palacios Vicario <\/li>\n<li><strong>Universidad:<\/strong>\u00a0 Pontificia de salamanca<\/li>\n<li><strong>Fecha de lectura de la tesis:<\/strong>\u00a0 02\/07\/2007<\/li>\n<\/ul>\n<p>&nbsp;<\/p>\n<h3>Direcci\u00f3n y tribunal<\/h3>\n<ul>\n<li><strong>Director de la tesis<\/strong>\n<ul>\n<li>Mar\u00eda  Francisca Martin Tabernero<\/li>\n<\/ul>\n<\/li>\n<li><strong>Tribunal<\/strong>\n<ul>\n<li>Presidente del tribunal: eliseo alfonso Barca lozano <\/li>\n<li>Mar\u00eda paz Quevedo aguado (vocal)<\/li>\n<li>Jos\u00e9 Luis Marcos malmierca (vocal)<\/li>\n<li>Mar\u00eda  dolores Perez grande (vocal)<\/li>\n<\/ul>\n<\/li>\n<\/ul>\n<p>&nbsp;<\/p>\n","protected":false},"excerpt":{"rendered":"<p>Tesis doctoral de Beatriz Palacios Vicario Actualmente, existen muchas investigaciones que demuestran la desigualdad entre hombres y mujeres en nuestra [&hellip;]<\/p>\n","protected":false},"author":1,"featured_media":0,"comment_status":"open","ping_status":"open","sticky":false,"template":"","format":"standard","meta":{"site-sidebar-layout":"default","site-content-layout":"","ast-site-content-layout":"","site-content-style":"default","site-sidebar-style":"default","ast-global-header-display":"","ast-banner-title-visibility":"","ast-main-header-display":"","ast-hfb-above-header-display":"","ast-hfb-below-header-display":"","ast-hfb-mobile-header-display":"","site-post-title":"","ast-breadcrumbs-content":"","ast-featured-img":"","footer-sml-layout":"","theme-transparent-header-meta":"","adv-header-id-meta":"","stick-header-meta":"","header-above-stick-meta":"","header-main-stick-meta":"","header-below-stick-meta":"","astra-migrate-meta-layouts":"default","ast-page-background-enabled":"default","ast-page-background-meta":{"desktop":{"background-color":"var(--ast-global-color-4)","background-image":"","background-repeat":"repeat","background-position":"center center","background-size":"auto","background-attachment":"scroll","background-type":"","background-media":"","overlay-type":"","overlay-color":"","overlay-gradient":""},"tablet":{"background-color":"","background-image":"","background-repeat":"repeat","background-position":"center center","background-size":"auto","background-attachment":"scroll","background-type":"","background-media":"","overlay-type":"","overlay-color":"","overlay-gradient":""},"mobile":{"background-color":"","background-image":"","background-repeat":"repeat","background-position":"center center","background-size":"auto","background-attachment":"scroll","background-type":"","background-media":"","overlay-type":"","overlay-color":"","overlay-gradient":""}},"ast-content-background-meta":{"desktop":{"background-color":"var(--ast-global-color-5)","background-image":"","background-repeat":"repeat","background-position":"center center","background-size":"auto","background-attachment":"scroll","background-type":"","background-media":"","overlay-type":"","overlay-color":"","overlay-gradient":""},"tablet":{"background-color":"var(--ast-global-color-5)","background-image":"","background-repeat":"repeat","background-position":"center center","background-size":"auto","background-attachment":"scroll","background-type":"","background-media":"","overlay-type":"","overlay-color":"","overlay-gradient":""},"mobile":{"background-color":"var(--ast-global-color-5)","background-image":"","background-repeat":"repeat","background-position":"center center","background-size":"auto","background-attachment":"scroll","background-type":"","background-media":"","overlay-type":"","overlay-color":"","overlay-gradient":""}},"footnotes":""},"categories":[948,324],"tags":[131622,21321,18376,36565,8,46114],"class_list":["post-59576","post","type-post","status-publish","format-standard","hentry","category-pontificia-de-salamanca","category-psicologia","tag-beatriz-palacios-vicario","tag-eliseo-alfonso-barca-lozano","tag-jose-luis-marcos-malmierca","tag-maria-dolores-perez-grande","tag-maria-francisca-martin-tabernero","tag-maria-paz-quevedo-aguado"],"_links":{"self":[{"href":"https:\/\/www.deberes.net\/tesis\/wp-json\/wp\/v2\/posts\/59576","targetHints":{"allow":["GET"]}}],"collection":[{"href":"https:\/\/www.deberes.net\/tesis\/wp-json\/wp\/v2\/posts"}],"about":[{"href":"https:\/\/www.deberes.net\/tesis\/wp-json\/wp\/v2\/types\/post"}],"author":[{"embeddable":true,"href":"https:\/\/www.deberes.net\/tesis\/wp-json\/wp\/v2\/users\/1"}],"replies":[{"embeddable":true,"href":"https:\/\/www.deberes.net\/tesis\/wp-json\/wp\/v2\/comments?post=59576"}],"version-history":[{"count":0,"href":"https:\/\/www.deberes.net\/tesis\/wp-json\/wp\/v2\/posts\/59576\/revisions"}],"wp:attachment":[{"href":"https:\/\/www.deberes.net\/tesis\/wp-json\/wp\/v2\/media?parent=59576"}],"wp:term":[{"taxonomy":"category","embeddable":true,"href":"https:\/\/www.deberes.net\/tesis\/wp-json\/wp\/v2\/categories?post=59576"},{"taxonomy":"post_tag","embeddable":true,"href":"https:\/\/www.deberes.net\/tesis\/wp-json\/wp\/v2\/tags?post=59576"}],"curies":[{"name":"wp","href":"https:\/\/api.w.org\/{rel}","templated":true}]}}