{"id":59618,"date":"2007-03-07T00:00:00","date_gmt":"2007-03-07T00:00:00","guid":{"rendered":"https:\/\/www.deberes.net\/tesis\/sin-categoria\/ramon-vazquez-molezun-arquitecto\/"},"modified":"2007-03-07T00:00:00","modified_gmt":"2007-03-07T00:00:00","slug":"ramon-vazquez-molezun-arquitecto","status":"publish","type":"post","link":"https:\/\/www.deberes.net\/tesis\/arquitectura\/ramon-vazquez-molezun-arquitecto\/","title":{"rendered":"Ram\u00f3n v\u00e1zquez molezun, arquitecto"},"content":{"rendered":"<h2>Tesis doctoral de <strong> Marta Garcia Alonso <\/strong><\/h2>\n<p>Titulo: ram\u00f3n v\u00e1zquez molezun, arquitecto #resumen: ram\u00f3n v\u00e1zquez molez\u00fan (a coru\u00f1a 1922, Madrid 1993), form\u00f3 junto con jos\u00e9 antonio corrales una de las parejas m\u00e1s emblem\u00e1ticas de la arquitectura de los a\u00f1os cincuenta en espa\u00f1a. La fortuna cr\u00edtica que obtuvieron a partir del pabell\u00f3n de espa\u00f1a en la exposici\u00f3n universal de bruselas de 1958 fue s\u00f3lo el comienzo de una dilatada y exitosa carrera en colaboraci\u00f3n que ha hecho que sus apellidos permanezcan para siempre unidos. Esta tesis doctoral persigue recuperar la faceta m\u00e1s desconocida del arquitecto coru\u00f1\u00e9s y estudiar sus posibles aportaciones a la arquitectura espa\u00f1ola de aquellos a\u00f1os. Para ello ha centrado su atenci\u00f3n en los inicios de su carrera y en su obra m\u00e1s desconocida. La estructura de esta investigaci\u00f3n pretende constatar dos etapas diferenciadas de la vida del arquitecto: el primer cap\u00edtulo corresponde a los a\u00f1os que siguieron a la consecuci\u00f3n del t\u00edtulo, un periodo caracterizado por su estancia en roma, sus viajes y la convivencia con otros artistas. Fue en aquellos a\u00f1os en los que tuvo lugar la forja de ram\u00f3n v\u00e1zquez molez\u00fan como arquitecto. El- segundo cap\u00edtulo se centra en el periodo aparentemente m\u00e1s conocido del arquitecto en el que la construcci\u00f3n de la arquitectura constituye el eje central de su creatividad. Tras el estudio del arquitecto y de su obra, el tercer cap\u00edtulo de la tesis la arquitectura de ram\u00f3n v\u00e1zquez molez\u00fan trata de identificar, apoy\u00e1ndose en el cat\u00e1logo de sus obras, las componentes de su po\u00e9tica, prestando atenci\u00f3n a los vectores expresivos de su arquitectura.<\/p>\n<p>&nbsp;<\/p>\n<h3>Datos acad\u00e9micos de la tesis doctoral \u00ab<strong>Ram\u00f3n v\u00e1zquez molezun, arquitecto<\/strong>\u00ab<\/h3>\n<ul>\n<li><strong>T\u00edtulo de la tesis:<\/strong>\u00a0 Ram\u00f3n v\u00e1zquez molezun, arquitecto <\/li>\n<li><strong>Autor:<\/strong>\u00a0 Marta Garcia Alonso <\/li>\n<li><strong>Universidad:<\/strong>\u00a0 Navarra<\/li>\n<li><strong>Fecha de lectura de la tesis:<\/strong>\u00a0 03\/07\/2007<\/li>\n<\/ul>\n<p>&nbsp;<\/p>\n<h3>Direcci\u00f3n y tribunal<\/h3>\n<ul>\n<li><strong>Director de la tesis<\/strong>\n<ul>\n<li>Mar\u00eda no Jos\u00e9 Gonz\u00e1lez Presencio<\/li>\n<\/ul>\n<\/li>\n<li><strong>Tribunal<\/strong>\n<ul>\n<li>Presidente del tribunal: Juan  Miguel Ochotorena elizegui <\/li>\n<li>Jes\u00fas Mar\u00eda Aparicio guisado (vocal)<\/li>\n<li>Alberto Campo baeza (vocal)<\/li>\n<li>justo Fernandez trapa de isasi (vocal)<\/li>\n<\/ul>\n<\/li>\n<\/ul>\n<p>&nbsp;<\/p>\n","protected":false},"excerpt":{"rendered":"<p>Tesis doctoral de Marta Garcia Alonso Titulo: ram\u00f3n v\u00e1zquez molezun, arquitecto #resumen: ram\u00f3n v\u00e1zquez molez\u00fan (a coru\u00f1a 1922, Madrid 1993), [&hellip;]<\/p>\n","protected":false},"author":1,"featured_media":0,"comment_status":"open","ping_status":"open","sticky":false,"template":"","format":"standard","meta":{"site-sidebar-layout":"default","site-content-layout":"","ast-site-content-layout":"","site-content-style":"default","site-sidebar-style":"default","ast-global-header-display":"","ast-banner-title-visibility":"","ast-main-header-display":"","ast-hfb-above-header-display":"","ast-hfb-below-header-display":"","ast-hfb-mobile-header-display":"","site-post-title":"","ast-breadcrumbs-content":"","ast-featured-img":"","footer-sml-layout":"","theme-transparent-header-meta":"","adv-header-id-meta":"","stick-header-meta":"","header-above-stick-meta":"","header-main-stick-meta":"","header-below-stick-meta":"","astra-migrate-meta-layouts":"default","ast-page-background-enabled":"default","ast-page-background-meta":{"desktop":{"background-color":"var(--ast-global-color-4)","background-image":"","background-repeat":"repeat","background-position":"center center","background-size":"auto","background-attachment":"scroll","background-type":"","background-media":"","overlay-type":"","overlay-color":"","overlay-gradient":""},"tablet":{"background-color":"","background-image":"","background-repeat":"repeat","background-position":"center center","background-size":"auto","background-attachment":"scroll","background-type":"","background-media":"","overlay-type":"","overlay-color":"","overlay-gradient":""},"mobile":{"background-color":"","background-image":"","background-repeat":"repeat","background-position":"center center","background-size":"auto","background-attachment":"scroll","background-type":"","background-media":"","overlay-type":"","overlay-color":"","overlay-gradient":""}},"ast-content-background-meta":{"desktop":{"background-color":"var(--ast-global-color-5)","background-image":"","background-repeat":"repeat","background-position":"center center","background-size":"auto","background-attachment":"scroll","background-type":"","background-media":"","overlay-type":"","overlay-color":"","overlay-gradient":""},"tablet":{"background-color":"var(--ast-global-color-5)","background-image":"","background-repeat":"repeat","background-position":"center center","background-size":"auto","background-attachment":"scroll","background-type":"","background-media":"","overlay-type":"","overlay-color":"","overlay-gradient":""},"mobile":{"background-color":"var(--ast-global-color-5)","background-image":"","background-repeat":"repeat","background-position":"center center","background-size":"auto","background-attachment":"scroll","background-type":"","background-media":"","overlay-type":"","overlay-color":"","overlay-gradient":""}},"footnotes":""},"categories":[4509,17749],"tags":[30585,30584,16362,43050,16361,131706],"class_list":["post-59618","post","type-post","status-publish","format-standard","hentry","category-arquitectura","category-navarra","tag-alberto-campo-baeza","tag-jesus-maria-aparicio-guisado","tag-juan-miguel-ochotorena-elizegui","tag-justo-fernandez-trapa-de-isasi","tag-maria-no-jose-gonzalez-presencio","tag-marta-garcia-alonso"],"_links":{"self":[{"href":"https:\/\/www.deberes.net\/tesis\/wp-json\/wp\/v2\/posts\/59618","targetHints":{"allow":["GET"]}}],"collection":[{"href":"https:\/\/www.deberes.net\/tesis\/wp-json\/wp\/v2\/posts"}],"about":[{"href":"https:\/\/www.deberes.net\/tesis\/wp-json\/wp\/v2\/types\/post"}],"author":[{"embeddable":true,"href":"https:\/\/www.deberes.net\/tesis\/wp-json\/wp\/v2\/users\/1"}],"replies":[{"embeddable":true,"href":"https:\/\/www.deberes.net\/tesis\/wp-json\/wp\/v2\/comments?post=59618"}],"version-history":[{"count":0,"href":"https:\/\/www.deberes.net\/tesis\/wp-json\/wp\/v2\/posts\/59618\/revisions"}],"wp:attachment":[{"href":"https:\/\/www.deberes.net\/tesis\/wp-json\/wp\/v2\/media?parent=59618"}],"wp:term":[{"taxonomy":"category","embeddable":true,"href":"https:\/\/www.deberes.net\/tesis\/wp-json\/wp\/v2\/categories?post=59618"},{"taxonomy":"post_tag","embeddable":true,"href":"https:\/\/www.deberes.net\/tesis\/wp-json\/wp\/v2\/tags?post=59618"}],"curies":[{"name":"wp","href":"https:\/\/api.w.org\/{rel}","templated":true}]}}