{"id":59696,"date":"2007-06-07T00:00:00","date_gmt":"2007-06-07T00:00:00","guid":{"rendered":"https:\/\/www.deberes.net\/tesis\/sin-categoria\/los-cuentos-mexicanos-de-max-aub-la-recreacion-del-ambito-nacional-de-mexico\/"},"modified":"2007-06-07T00:00:00","modified_gmt":"2007-06-07T00:00:00","slug":"los-cuentos-mexicanos-de-max-aub-la-recreacion-del-ambito-nacional-de-mexico","status":"publish","type":"post","link":"https:\/\/www.deberes.net\/tesis\/analisis-literario\/los-cuentos-mexicanos-de-max-aub-la-recreacion-del-ambito-nacional-de-mexico\/","title":{"rendered":"Los cuentos mexicanos de max aub: la recreaci\u00f3n del \u00e1mbito nacional de m\u00e9xico"},"content":{"rendered":"<h2>Tesis doctoral de <strong>  Hern\u00e1ndez Cuevas Juan  Carlos <\/strong><\/h2>\n<p>Los cuentos mexicanos de max aub mohrenwitz (1903-1972) retratan el complejo socio-hist\u00f3rico y pol\u00edtico que prosigue a la revoluci\u00f3n mexicana de 1910. Los relatos asimismo reflejan un conocimiento absoluto de la historia, sociedad, lengua y cultura de m\u00e9xico.  este trabajo analiza esta narrativa breve y la inserta en las letras mexicanas. Aub recrea el \u00e1mbito nacional posrevolucionario (1917-1952), a trav\u00e9s de los siguientes cuentos: teresita (1944), amanecer en cuernavaca (1948), turbi\u00f3n (1948), tr\u00f3pico noche (1948), los cuentos mexicanos de cr\u00edmenes ejemplares (1957), cuentos mexicanos con pil\u00f3n (1959), la ampliaci\u00f3n de estos en el zopilote y otros cuentos mexicanos (1964), la verdadera historia de la muerte de francisco franco (1960), la merced (1960), homenaje a l\u00e1zaro vald\u00e9s (1964), los hijos (1967), los cuentos in\u00e9ditos, velorio, la carnitas, el portero, el desaparecido, de farmacias, versi\u00f3n \u00faltima, y un crimen, sin t\u00edtulo, encontrados en la secciones iv e infanticidios del borrador de cr\u00edmenes y epitafios mexicanos, y algo de suicidios y gastronom\u00eda.<\/p>\n<p>&nbsp;<\/p>\n<h3>Datos acad\u00e9micos de la tesis doctoral \u00ab<strong>Los cuentos mexicanos de max aub: la recreaci\u00f3n del \u00e1mbito nacional de m\u00e9xico<\/strong>\u00ab<\/h3>\n<ul>\n<li><strong>T\u00edtulo de la tesis:<\/strong>\u00a0 Los cuentos mexicanos de max aub: la recreaci\u00f3n del \u00e1mbito nacional de m\u00e9xico <\/li>\n<li><strong>Autor:<\/strong>\u00a0  Hern\u00e1ndez Cuevas Juan  Carlos <\/li>\n<li><strong>Universidad:<\/strong>\u00a0 Alicante<\/li>\n<li><strong>Fecha de lectura de la tesis:<\/strong>\u00a0 06\/07\/2007<\/li>\n<\/ul>\n<p>&nbsp;<\/p>\n<h3>Direcci\u00f3n y tribunal<\/h3>\n<ul>\n<li><strong>Director de la tesis<\/strong>\n<ul>\n<li>Miguel Angel Lozano Marco<\/li>\n<\/ul>\n<\/li>\n<li><strong>Tribunal<\/strong>\n<ul>\n<li>Presidente del tribunal: Jos\u00e9 Carlos Rovira soler <\/li>\n<li>Jos\u00e9 Antonio Perez bowie (vocal)<\/li>\n<li>Manuel Aznar soler (vocal)<\/li>\n<li>Javier Lluch prats (vocal)<\/li>\n<\/ul>\n<\/li>\n<\/ul>\n<p>&nbsp;<\/p>\n","protected":false},"excerpt":{"rendered":"<p>Tesis doctoral de Hern\u00e1ndez Cuevas Juan Carlos Los cuentos mexicanos de max aub mohrenwitz (1903-1972) retratan el complejo socio-hist\u00f3rico y [&hellip;]<\/p>\n","protected":false},"author":1,"featured_media":0,"comment_status":"open","ping_status":"open","sticky":false,"template":"","format":"standard","meta":{"site-sidebar-layout":"default","site-content-layout":"","ast-site-content-layout":"","site-content-style":"default","site-sidebar-style":"default","ast-global-header-display":"","ast-banner-title-visibility":"","ast-main-header-display":"","ast-hfb-above-header-display":"","ast-hfb-below-header-display":"","ast-hfb-mobile-header-display":"","site-post-title":"","ast-breadcrumbs-content":"","ast-featured-img":"","footer-sml-layout":"","theme-transparent-header-meta":"","adv-header-id-meta":"","stick-header-meta":"","header-above-stick-meta":"","header-main-stick-meta":"","header-below-stick-meta":"","astra-migrate-meta-layouts":"default","ast-page-background-enabled":"default","ast-page-background-meta":{"desktop":{"background-color":"var(--ast-global-color-4)","background-image":"","background-repeat":"repeat","background-position":"center center","background-size":"auto","background-attachment":"scroll","background-type":"","background-media":"","overlay-type":"","overlay-color":"","overlay-gradient":""},"tablet":{"background-color":"","background-image":"","background-repeat":"repeat","background-position":"center center","background-size":"auto","background-attachment":"scroll","background-type":"","background-media":"","overlay-type":"","overlay-color":"","overlay-gradient":""},"mobile":{"background-color":"","background-image":"","background-repeat":"repeat","background-position":"center center","background-size":"auto","background-attachment":"scroll","background-type":"","background-media":"","overlay-type":"","overlay-color":"","overlay-gradient":""}},"ast-content-background-meta":{"desktop":{"background-color":"var(--ast-global-color-5)","background-image":"","background-repeat":"repeat","background-position":"center center","background-size":"auto","background-attachment":"scroll","background-type":"","background-media":"","overlay-type":"","overlay-color":"","overlay-gradient":""},"tablet":{"background-color":"var(--ast-global-color-5)","background-image":"","background-repeat":"repeat","background-position":"center center","background-size":"auto","background-attachment":"scroll","background-type":"","background-media":"","overlay-type":"","overlay-color":"","overlay-gradient":""},"mobile":{"background-color":"var(--ast-global-color-5)","background-image":"","background-repeat":"repeat","background-position":"center center","background-size":"auto","background-attachment":"scroll","background-type":"","background-media":"","overlay-type":"","overlay-color":"","overlay-gradient":""}},"footnotes":""},"categories":[19166,148,149],"tags":[131858,63418,6655,10917,13642,5034],"class_list":["post-59696","post","type-post","status-publish","format-standard","hentry","category-alicante","category-analisis-literario","category-critica-de-textos","tag-hernandez-cuevas-juan-carlos","tag-javier-lluch-prats","tag-jose-antonio-perez-bowie","tag-jose-carlos-rovira-soler","tag-manuel-aznar-soler","tag-miguel-angel-lozano-marco"],"_links":{"self":[{"href":"https:\/\/www.deberes.net\/tesis\/wp-json\/wp\/v2\/posts\/59696","targetHints":{"allow":["GET"]}}],"collection":[{"href":"https:\/\/www.deberes.net\/tesis\/wp-json\/wp\/v2\/posts"}],"about":[{"href":"https:\/\/www.deberes.net\/tesis\/wp-json\/wp\/v2\/types\/post"}],"author":[{"embeddable":true,"href":"https:\/\/www.deberes.net\/tesis\/wp-json\/wp\/v2\/users\/1"}],"replies":[{"embeddable":true,"href":"https:\/\/www.deberes.net\/tesis\/wp-json\/wp\/v2\/comments?post=59696"}],"version-history":[{"count":0,"href":"https:\/\/www.deberes.net\/tesis\/wp-json\/wp\/v2\/posts\/59696\/revisions"}],"wp:attachment":[{"href":"https:\/\/www.deberes.net\/tesis\/wp-json\/wp\/v2\/media?parent=59696"}],"wp:term":[{"taxonomy":"category","embeddable":true,"href":"https:\/\/www.deberes.net\/tesis\/wp-json\/wp\/v2\/categories?post=59696"},{"taxonomy":"post_tag","embeddable":true,"href":"https:\/\/www.deberes.net\/tesis\/wp-json\/wp\/v2\/tags?post=59696"}],"curies":[{"name":"wp","href":"https:\/\/api.w.org\/{rel}","templated":true}]}}