{"id":59725,"date":"2007-06-07T00:00:00","date_gmt":"2007-06-07T00:00:00","guid":{"rendered":"https:\/\/www.deberes.net\/tesis\/sin-categoria\/ensenanzas-practicas-espacios-para-la-docencia-y-la-investigacion-en-la-obra-de-fernando-moreno-barbera\/"},"modified":"2007-06-07T00:00:00","modified_gmt":"2007-06-07T00:00:00","slug":"ensenanzas-practicas-espacios-para-la-docencia-y-la-investigacion-en-la-obra-de-fernando-moreno-barbera","status":"publish","type":"post","link":"https:\/\/www.deberes.net\/tesis\/biografias\/ensenanzas-practicas-espacios-para-la-docencia-y-la-investigacion-en-la-obra-de-fernando-moreno-barbera\/","title":{"rendered":"Ense\u00f1anzas pr\u00e1cticas. espacios para  la docencia y la investigaci\u00f3n en la obra de fernando moreno barber\u00e1"},"content":{"rendered":"<h2>Tesis doctoral de <strong> Juan  Antonio Bravo Bravo <\/strong><\/h2>\n<p>El objeto central del presente trabajo est\u00e1 constituido por aquellos espacios para la docencia y la investigaci\u00f3n proyectados por fernando moreno barber\u00e1 a lo largo de su carrera profesional como arquitecto en ejercicio. Espacios que, adem\u00e1s, en su mayor\u00eda estaban destinados a impartir ense\u00f1anzas pr\u00e1cticas, por lo que su programa inclu\u00eda locales destinados a tareas de tipo experimental -laboratorios o talleres-, tanto para la ense\u00f1anza como, en muchas ocasiones, para la investigaci\u00f3n. Por otro lado, el t\u00edtulo alude tambi\u00e9n al perfil de profesional estricto del arquitecto que, como tal, conceb\u00eda la arquitectura como una actividad eminentemente pr\u00e1ctica, de manera que \u00fanicamente a trav\u00e9s de su ejercicio riguroso y exigente pod\u00edan derivarse las ense\u00f1anzas consiguientes. Esa ha sido, precisamente, una de las m\u00e1s importantes consecuencias de la presente investigaci\u00f3n: aprehender aquellas lecciones inherentes al ejercicio profesional de fernando moreno barber\u00e1 que ha sido posible deducir a trav\u00e9s del an\u00e1lisis de los planteamientos, metodolog\u00eda y resultados del conjunto de sus espacios dedicados a las funciones docente y de investigaci\u00f3n. fernando moreno barber\u00e1 (ceuta, 1913-Madrid, 1998) realiz\u00f3 sus estudios de arquitectura en la escuela de Madrid durante la d\u00e9cada de los treinta. Titulado en 1940, su carrera profesional se desarroll\u00f3 en su mayor parte durante los a\u00f1os de la dictadura franquista, a la que le un\u00eda una manifiesta sinton\u00eda ideol\u00f3gica. Su obra entronca claramente con la modernidad arquitect\u00f3nica, con cuyos principios se aline\u00f3 pr\u00e1cticamente desde los comienzos de su actividad. Establecido en Madrid, su carrera profesional abarca pr\u00e1cticamente completa la segunda mitad del siglo xx, comprendiendo un numeroso conjunto de obras y proyectos repartidos por toda la geograf\u00eda espa\u00f1ola y contando tambi\u00e9n con una considerable actividad en el extranjero.<\/p>\n<p>&nbsp;<\/p>\n<h3>Datos acad\u00e9micos de la tesis doctoral \u00ab<strong>Ense\u00f1anzas pr\u00e1cticas. espacios para  la docencia y la investigaci\u00f3n en la obra de fernando moreno barber\u00e1<\/strong>\u00ab<\/h3>\n<ul>\n<li><strong>T\u00edtulo de la tesis:<\/strong>\u00a0 Ense\u00f1anzas pr\u00e1cticas. espacios para  la docencia y la investigaci\u00f3n en la obra de fernando moreno barber\u00e1 <\/li>\n<li><strong>Autor:<\/strong>\u00a0 Juan  Antonio Bravo Bravo <\/li>\n<li><strong>Universidad:<\/strong>\u00a0 Polit\u00e9cnica de Valencia<\/li>\n<li><strong>Fecha de lectura de la tesis:<\/strong>\u00a0 06\/07\/2007<\/li>\n<\/ul>\n<p>&nbsp;<\/p>\n<h3>Direcci\u00f3n y tribunal<\/h3>\n<ul>\n<li><strong>Director de la tesis<\/strong>\n<ul>\n<li>Carmen Jord\u00e1 Such<\/li>\n<\/ul>\n<\/li>\n<li><strong>Tribunal<\/strong>\n<ul>\n<li>Presidente del tribunal: helena Iglesias rodriguez <\/li>\n<li>Javier Cenicacelaya mariJuan (vocal)<\/li>\n<li>victor Perez escolano (vocal)<\/li>\n<li> Ros andreu Jos\u00e9 lu\u00eds (vocal)<\/li>\n<\/ul>\n<\/li>\n<\/ul>\n<p>&nbsp;<\/p>\n","protected":false},"excerpt":{"rendered":"<p>Tesis doctoral de Juan Antonio Bravo Bravo El objeto central del presente trabajo est\u00e1 constituido por aquellos espacios para la [&hellip;]<\/p>\n","protected":false},"author":1,"featured_media":0,"comment_status":"open","ping_status":"open","sticky":false,"template":"","format":"standard","meta":{"site-sidebar-layout":"default","site-content-layout":"","ast-site-content-layout":"","site-content-style":"default","site-sidebar-style":"default","ast-global-header-display":"","ast-banner-title-visibility":"","ast-main-header-display":"","ast-hfb-above-header-display":"","ast-hfb-below-header-display":"","ast-hfb-mobile-header-display":"","site-post-title":"","ast-breadcrumbs-content":"","ast-featured-img":"","footer-sml-layout":"","theme-transparent-header-meta":"","adv-header-id-meta":"","stick-header-meta":"","header-above-stick-meta":"","header-main-stick-meta":"","header-below-stick-meta":"","astra-migrate-meta-layouts":"default","ast-page-background-enabled":"default","ast-page-background-meta":{"desktop":{"background-color":"var(--ast-global-color-4)","background-image":"","background-repeat":"repeat","background-position":"center center","background-size":"auto","background-attachment":"scroll","background-type":"","background-media":"","overlay-type":"","overlay-color":"","overlay-gradient":""},"tablet":{"background-color":"","background-image":"","background-repeat":"repeat","background-position":"center center","background-size":"auto","background-attachment":"scroll","background-type":"","background-media":"","overlay-type":"","overlay-color":"","overlay-gradient":""},"mobile":{"background-color":"","background-image":"","background-repeat":"repeat","background-position":"center center","background-size":"auto","background-attachment":"scroll","background-type":"","background-media":"","overlay-type":"","overlay-color":"","overlay-gradient":""}},"ast-content-background-meta":{"desktop":{"background-color":"var(--ast-global-color-5)","background-image":"","background-repeat":"repeat","background-position":"center center","background-size":"auto","background-attachment":"scroll","background-type":"","background-media":"","overlay-type":"","overlay-color":"","overlay-gradient":""},"tablet":{"background-color":"var(--ast-global-color-5)","background-image":"","background-repeat":"repeat","background-position":"center center","background-size":"auto","background-attachment":"scroll","background-type":"","background-media":"","overlay-type":"","overlay-color":"","overlay-gradient":""},"mobile":{"background-color":"var(--ast-global-color-5)","background-image":"","background-repeat":"repeat","background-position":"center center","background-size":"auto","background-attachment":"scroll","background-type":"","background-media":"","overlay-type":"","overlay-color":"","overlay-gradient":""}},"footnotes":""},"categories":[4509,954,16820],"tags":[61111,16202,28077,131921,83593,11230],"class_list":["post-59725","post","type-post","status-publish","format-standard","hentry","category-arquitectura","category-biografias","category-politecnica-de-valencia","tag-carmen-jorda-such","tag-helena-iglesias-rodriguez","tag-javier-cenicacelaya-marijuan","tag-juan-antonio-bravo-bravo","tag-ros-andreu-jose-luis","tag-victor-perez-escolano"],"_links":{"self":[{"href":"https:\/\/www.deberes.net\/tesis\/wp-json\/wp\/v2\/posts\/59725","targetHints":{"allow":["GET"]}}],"collection":[{"href":"https:\/\/www.deberes.net\/tesis\/wp-json\/wp\/v2\/posts"}],"about":[{"href":"https:\/\/www.deberes.net\/tesis\/wp-json\/wp\/v2\/types\/post"}],"author":[{"embeddable":true,"href":"https:\/\/www.deberes.net\/tesis\/wp-json\/wp\/v2\/users\/1"}],"replies":[{"embeddable":true,"href":"https:\/\/www.deberes.net\/tesis\/wp-json\/wp\/v2\/comments?post=59725"}],"version-history":[{"count":0,"href":"https:\/\/www.deberes.net\/tesis\/wp-json\/wp\/v2\/posts\/59725\/revisions"}],"wp:attachment":[{"href":"https:\/\/www.deberes.net\/tesis\/wp-json\/wp\/v2\/media?parent=59725"}],"wp:term":[{"taxonomy":"category","embeddable":true,"href":"https:\/\/www.deberes.net\/tesis\/wp-json\/wp\/v2\/categories?post=59725"},{"taxonomy":"post_tag","embeddable":true,"href":"https:\/\/www.deberes.net\/tesis\/wp-json\/wp\/v2\/tags?post=59725"}],"curies":[{"name":"wp","href":"https:\/\/api.w.org\/{rel}","templated":true}]}}