{"id":59752,"date":"2007-06-07T00:00:00","date_gmt":"2007-06-07T00:00:00","guid":{"rendered":"https:\/\/www.deberes.net\/tesis\/sin-categoria\/la-atencion-primaria-de-salud-y-su-impronta-en-el-proceso-de-salud-enfermedad-atencion-de-los-inmigrantes-ecuatorianos-residentes-en-el-municipio-de-lorca\/"},"modified":"2007-06-07T00:00:00","modified_gmt":"2007-06-07T00:00:00","slug":"la-atencion-primaria-de-salud-y-su-impronta-en-el-proceso-de-salud-enfermedad-atencion-de-los-inmigrantes-ecuatorianos-residentes-en-el-municipio-de-lorca","status":"publish","type":"post","link":"https:\/\/www.deberes.net\/tesis\/sector-de-la-salud\/la-atencion-primaria-de-salud-y-su-impronta-en-el-proceso-de-salud-enfermedad-atencion-de-los-inmigrantes-ecuatorianos-residentes-en-el-municipio-de-lorca\/","title":{"rendered":"La atenci\u00f3n primaria de salud y su impronta en el proceso de salud\/ enfermedad\/ atenci\u00f3n de los inmigrantes ecuatorianos residentes en el municipio de lorca."},"content":{"rendered":"<h2>Tesis doctoral de <strong> Juan  Ignacio Rico Becerra <\/strong><\/h2>\n<p>La atenci\u00f3n primaria de salud y su impronta en el proceso de salud\/enfermedad\/atenci\u00f3n de los inmigrantes ecuatorianos residentes en el municipio murciano de lorca  el fen\u00f3meno de la inmigraci\u00f3n ha irrumpido en poco tiempo y con mucha fuerza en espa\u00f1a y de manera particular en la comunidad aut\u00f3noma de murcia. Sus efectos se hacen especialmente patentes en los contextos sociosanitarios. Es por ello que esta tesis se ocupa de los procesos de salud\/enfermedad\/atenci\u00f3n de uno de los grupos de  inmigrantes m\u00e1s numerosos -los ecuatorianos- en el municipio murciano de lorca, en especial desde su encuentro con la atenci\u00f3n primaria de salud. Tenida en cuenta la heterogeneidad ling\u00ed\u00bc\u00edstica, \u00e9tnica y\/o cultural desplegada por los nuevos conciudadanos que se instalan en nuestro medio, de la mano de los discursos de los inmigrantes (ecuatorianos) y de los profesionales sanitarios del municipio citado, se entra a revisar las distintas tem\u00e1ticas que se generan en la interacci\u00f3n. Asimismo, la influencia aportada por los bagajes que acompa\u00f1an a los migrantes -vinculaci\u00f3n origen\/destino- me lleva a incorporar en el an\u00e1lisis un amplio material extra\u00eddo de las entrevistas realizadas en ecuador a distintos sanadores de la medicina convencional y no convencional, junto a familiares de emigrantes que escogieron espa\u00f1a como destino migratorio. Y es que, el enfoque procesual de las migraciones, enriquece la interpretaci\u00f3n de lo que observamos en destino.<\/p>\n<p>&nbsp;<\/p>\n<h3>Datos acad\u00e9micos de la tesis doctoral \u00ab<strong>La atenci\u00f3n primaria de salud y su impronta en el proceso de salud\/ enfermedad\/ atenci\u00f3n de los inmigrantes ecuatorianos residentes en el municipio de lorca.<\/strong>\u00ab<\/h3>\n<ul>\n<li><strong>T\u00edtulo de la tesis:<\/strong>\u00a0 La atenci\u00f3n primaria de salud y su impronta en el proceso de salud\/ enfermedad\/ atenci\u00f3n de los inmigrantes ecuatorianos residentes en el municipio de lorca. <\/li>\n<li><strong>Autor:<\/strong>\u00a0 Juan  Ignacio Rico Becerra <\/li>\n<li><strong>Universidad:<\/strong>\u00a0 Cat\u00f3lica san antonio<\/li>\n<li><strong>Fecha de lectura de la tesis:<\/strong>\u00a0 06\/07\/2007<\/li>\n<\/ul>\n<p>&nbsp;<\/p>\n<h3>Direcci\u00f3n y tribunal<\/h3>\n<ul>\n<li><strong>Director de la tesis<\/strong>\n<ul>\n<li>Antonio Izquierdo Escribano<\/li>\n<\/ul>\n<\/li>\n<li><strong>Tribunal<\/strong>\n<ul>\n<li>Presidente del tribunal: ubaldo Martinez veiga <\/li>\n<li>ram\u00f3n Castej\u00f3n bolea (vocal)<\/li>\n<li>Jos\u00e9 Carlos Losada d\u00edaz (vocal)<\/li>\n<li>Francisco Molina dur\u00e1n (vocal)<\/li>\n<\/ul>\n<\/li>\n<\/ul>\n<p>&nbsp;<\/p>\n","protected":false},"excerpt":{"rendered":"<p>Tesis doctoral de Juan Ignacio Rico Becerra La atenci\u00f3n primaria de salud y su impronta en el proceso de salud\/enfermedad\/atenci\u00f3n [&hellip;]<\/p>\n","protected":false},"author":1,"featured_media":0,"comment_status":"open","ping_status":"open","sticky":false,"template":"","format":"standard","meta":{"site-sidebar-layout":"default","site-content-layout":"","ast-site-content-layout":"","site-content-style":"default","site-sidebar-style":"default","ast-global-header-display":"","ast-banner-title-visibility":"","ast-main-header-display":"","ast-hfb-above-header-display":"","ast-hfb-below-header-display":"","ast-hfb-mobile-header-display":"","site-post-title":"","ast-breadcrumbs-content":"","ast-featured-img":"","footer-sml-layout":"","theme-transparent-header-meta":"","adv-header-id-meta":"","stick-header-meta":"","header-above-stick-meta":"","header-main-stick-meta":"","header-below-stick-meta":"","astra-migrate-meta-layouts":"default","ast-page-background-enabled":"default","ast-page-background-meta":{"desktop":{"background-color":"var(--ast-global-color-4)","background-image":"","background-repeat":"repeat","background-position":"center center","background-size":"auto","background-attachment":"scroll","background-type":"","background-media":"","overlay-type":"","overlay-color":"","overlay-gradient":""},"tablet":{"background-color":"","background-image":"","background-repeat":"repeat","background-position":"center center","background-size":"auto","background-attachment":"scroll","background-type":"","background-media":"","overlay-type":"","overlay-color":"","overlay-gradient":""},"mobile":{"background-color":"","background-image":"","background-repeat":"repeat","background-position":"center center","background-size":"auto","background-attachment":"scroll","background-type":"","background-media":"","overlay-type":"","overlay-color":"","overlay-gradient":""}},"ast-content-background-meta":{"desktop":{"background-color":"var(--ast-global-color-5)","background-image":"","background-repeat":"repeat","background-position":"center center","background-size":"auto","background-attachment":"scroll","background-type":"","background-media":"","overlay-type":"","overlay-color":"","overlay-gradient":""},"tablet":{"background-color":"var(--ast-global-color-5)","background-image":"","background-repeat":"repeat","background-position":"center center","background-size":"auto","background-attachment":"scroll","background-type":"","background-media":"","overlay-type":"","overlay-color":"","overlay-gradient":""},"mobile":{"background-color":"var(--ast-global-color-5)","background-image":"","background-repeat":"repeat","background-position":"center center","background-size":"auto","background-attachment":"scroll","background-type":"","background-media":"","overlay-type":"","overlay-color":"","overlay-gradient":""}},"footnotes":""},"categories":[59772,12380],"tags":[23725,131987,54355,131986,21816,17281],"class_list":["post-59752","post","type-post","status-publish","format-standard","hentry","category-catolica-san-antonio","category-sector-de-la-salud","tag-antonio-izquierdo-escribano","tag-francisco-molina-duran","tag-jose-carlos-losada-diaz","tag-juan-ignacio-rico-becerra","tag-ramon-castejon-bolea","tag-ubaldo-Martinez-veiga"],"_links":{"self":[{"href":"https:\/\/www.deberes.net\/tesis\/wp-json\/wp\/v2\/posts\/59752","targetHints":{"allow":["GET"]}}],"collection":[{"href":"https:\/\/www.deberes.net\/tesis\/wp-json\/wp\/v2\/posts"}],"about":[{"href":"https:\/\/www.deberes.net\/tesis\/wp-json\/wp\/v2\/types\/post"}],"author":[{"embeddable":true,"href":"https:\/\/www.deberes.net\/tesis\/wp-json\/wp\/v2\/users\/1"}],"replies":[{"embeddable":true,"href":"https:\/\/www.deberes.net\/tesis\/wp-json\/wp\/v2\/comments?post=59752"}],"version-history":[{"count":0,"href":"https:\/\/www.deberes.net\/tesis\/wp-json\/wp\/v2\/posts\/59752\/revisions"}],"wp:attachment":[{"href":"https:\/\/www.deberes.net\/tesis\/wp-json\/wp\/v2\/media?parent=59752"}],"wp:term":[{"taxonomy":"category","embeddable":true,"href":"https:\/\/www.deberes.net\/tesis\/wp-json\/wp\/v2\/categories?post=59752"},{"taxonomy":"post_tag","embeddable":true,"href":"https:\/\/www.deberes.net\/tesis\/wp-json\/wp\/v2\/tags?post=59752"}],"curies":[{"name":"wp","href":"https:\/\/api.w.org\/{rel}","templated":true}]}}