{"id":59775,"date":"2007-09-07T00:00:00","date_gmt":"2007-09-07T00:00:00","guid":{"rendered":"https:\/\/www.deberes.net\/tesis\/sin-categoria\/la-biblioteca-de-los-jesuitas-del-colegio-de-san-esteban-de-murcia\/"},"modified":"2007-09-07T00:00:00","modified_gmt":"2007-09-07T00:00:00","slug":"la-biblioteca-de-los-jesuitas-del-colegio-de-san-esteban-de-murcia","status":"publish","type":"post","link":"https:\/\/www.deberes.net\/tesis\/historia-general\/la-biblioteca-de-los-jesuitas-del-colegio-de-san-esteban-de-murcia\/","title":{"rendered":"La biblioteca de los jesuitas del colegio de san esteban de murcia"},"content":{"rendered":"<h2>Tesis doctoral de <strong>  J\u00e1tiva Miralles Mar\u00eda Victoria <\/strong><\/h2>\n<p>Se reconstruye la biblioteca de la compa\u00f1\u00eda de jes\u00fas del colegio de san esteban de murcia. A trav\u00e9s del estudio del inventario del fondo bibliogr\u00e1fico, realizado con motivo de la expulsi\u00f3n de los jesuitas en 1767 por orden de carlos iii, se establece una metodolog\u00eda de trabajo para proceder a la identificaci\u00f3n y clasificaci\u00f3n de los t\u00edtulos y las ediciones.  El resultado es un cat\u00e1logo concordado, en base a la informaci\u00f3n que, sobre los libros, ofrece el inventario y las descripciones bibliogr\u00e1ficas de los mismos, relacionado con las ense\u00f1anazas, regladas por el sistema educativo de los jesuitas, habitualmente practicadas en los colegios de la orden.<\/p>\n<p>&nbsp;<\/p>\n<h3>Datos acad\u00e9micos de la tesis doctoral \u00ab<strong>La biblioteca de los jesuitas del colegio de san esteban de murcia<\/strong>\u00ab<\/h3>\n<ul>\n<li><strong>T\u00edtulo de la tesis:<\/strong>\u00a0 La biblioteca de los jesuitas del colegio de san esteban de murcia <\/li>\n<li><strong>Autor:<\/strong>\u00a0  J\u00e1tiva Miralles Mar\u00eda Victoria <\/li>\n<li><strong>Universidad:<\/strong>\u00a0 Murcia<\/li>\n<li><strong>Fecha de lectura de la tesis:<\/strong>\u00a0 09\/07\/2007<\/li>\n<\/ul>\n<p>&nbsp;<\/p>\n<h3>Direcci\u00f3n y tribunal<\/h3>\n<ul>\n<li><strong>Director de la tesis<\/strong>\n<ul>\n<li>Cristina Herrero Pascual<\/li>\n<\/ul>\n<\/li>\n<li><strong>Tribunal<\/strong>\n<ul>\n<li>Presidente del tribunal: Mar\u00eda Pinto molina <\/li>\n<li> Fuentes romero Juan  Jos\u00e9 (vocal)<\/li>\n<li> Reyes g\u00f3mez ferm\u00edn de los (vocal)<\/li>\n<li>Mar\u00eda  desamparados Garcia cuadrado (vocal)<\/li>\n<\/ul>\n<\/li>\n<\/ul>\n<p>&nbsp;<\/p>\n","protected":false},"excerpt":{"rendered":"<p>Tesis doctoral de J\u00e1tiva Miralles Mar\u00eda Victoria Se reconstruye la biblioteca de la compa\u00f1\u00eda de jes\u00fas del colegio de san [&hellip;]<\/p>\n","protected":false},"author":1,"featured_media":0,"comment_status":"open","ping_status":"open","sticky":false,"template":"","format":"standard","meta":{"site-sidebar-layout":"default","site-content-layout":"","ast-site-content-layout":"","site-content-style":"default","site-sidebar-style":"default","ast-global-header-display":"","ast-banner-title-visibility":"","ast-main-header-display":"","ast-hfb-above-header-display":"","ast-hfb-below-header-display":"","ast-hfb-mobile-header-display":"","site-post-title":"","ast-breadcrumbs-content":"","ast-featured-img":"","footer-sml-layout":"","theme-transparent-header-meta":"","adv-header-id-meta":"","stick-header-meta":"","header-above-stick-meta":"","header-main-stick-meta":"","header-below-stick-meta":"","astra-migrate-meta-layouts":"default","ast-page-background-enabled":"default","ast-page-background-meta":{"desktop":{"background-color":"var(--ast-global-color-4)","background-image":"","background-repeat":"repeat","background-position":"center center","background-size":"auto","background-attachment":"scroll","background-type":"","background-media":"","overlay-type":"","overlay-color":"","overlay-gradient":""},"tablet":{"background-color":"","background-image":"","background-repeat":"repeat","background-position":"center center","background-size":"auto","background-attachment":"scroll","background-type":"","background-media":"","overlay-type":"","overlay-color":"","overlay-gradient":""},"mobile":{"background-color":"","background-image":"","background-repeat":"repeat","background-position":"center center","background-size":"auto","background-attachment":"scroll","background-type":"","background-media":"","overlay-type":"","overlay-color":"","overlay-gradient":""}},"ast-content-background-meta":{"desktop":{"background-color":"var(--ast-global-color-5)","background-image":"","background-repeat":"repeat","background-position":"center center","background-size":"auto","background-attachment":"scroll","background-type":"","background-media":"","overlay-type":"","overlay-color":"","overlay-gradient":""},"tablet":{"background-color":"var(--ast-global-color-5)","background-image":"","background-repeat":"repeat","background-position":"center center","background-size":"auto","background-attachment":"scroll","background-type":"","background-media":"","overlay-type":"","overlay-color":"","overlay-gradient":""},"mobile":{"background-color":"var(--ast-global-color-5)","background-image":"","background-repeat":"repeat","background-position":"center center","background-size":"auto","background-attachment":"scroll","background-type":"","background-media":"","overlay-type":"","overlay-color":"","overlay-gradient":""}},"footnotes":""},"categories":[5526,106,8235],"tags":[50623,25024,132032,132033,43707,24224],"class_list":["post-59775","post","type-post","status-publish","format-standard","hentry","category-documentacion","category-historia-general","category-murcia","tag-cristina-herrero-pascual","tag-fuentes-romero-juan-jose","tag-jativa-miralles-maria-victoria","tag-maria-desamparados-garcia-cuadrado","tag-maria-pinto-molina","tag-reyes-gomez-fermin-de-los"],"_links":{"self":[{"href":"https:\/\/www.deberes.net\/tesis\/wp-json\/wp\/v2\/posts\/59775","targetHints":{"allow":["GET"]}}],"collection":[{"href":"https:\/\/www.deberes.net\/tesis\/wp-json\/wp\/v2\/posts"}],"about":[{"href":"https:\/\/www.deberes.net\/tesis\/wp-json\/wp\/v2\/types\/post"}],"author":[{"embeddable":true,"href":"https:\/\/www.deberes.net\/tesis\/wp-json\/wp\/v2\/users\/1"}],"replies":[{"embeddable":true,"href":"https:\/\/www.deberes.net\/tesis\/wp-json\/wp\/v2\/comments?post=59775"}],"version-history":[{"count":0,"href":"https:\/\/www.deberes.net\/tesis\/wp-json\/wp\/v2\/posts\/59775\/revisions"}],"wp:attachment":[{"href":"https:\/\/www.deberes.net\/tesis\/wp-json\/wp\/v2\/media?parent=59775"}],"wp:term":[{"taxonomy":"category","embeddable":true,"href":"https:\/\/www.deberes.net\/tesis\/wp-json\/wp\/v2\/categories?post=59775"},{"taxonomy":"post_tag","embeddable":true,"href":"https:\/\/www.deberes.net\/tesis\/wp-json\/wp\/v2\/tags?post=59775"}],"curies":[{"name":"wp","href":"https:\/\/api.w.org\/{rel}","templated":true}]}}