{"id":59790,"date":"2007-09-07T00:00:00","date_gmt":"2007-09-07T00:00:00","guid":{"rendered":"https:\/\/www.deberes.net\/tesis\/sin-categoria\/el-reino-de-mallorca-y-el-mundo-atlantico\/"},"modified":"2007-09-07T00:00:00","modified_gmt":"2007-09-07T00:00:00","slug":"el-reino-de-mallorca-y-el-mundo-atlantico","status":"publish","type":"post","link":"https:\/\/www.deberes.net\/tesis\/historia-medieval\/el-reino-de-mallorca-y-el-mundo-atlantico\/","title":{"rendered":"El reino de mallorca y el mundo atl\u00e1ntico"},"content":{"rendered":"<h2>Tesis doctoral de <strong> Antonio Ortega Villoslada <\/strong><\/h2>\n<p>Los contactos pol\u00edtico-mercantiles del conjunto de los territorios de la casa de mallorca con el atl\u00e1ntico entre 1230 y 1349 constituyen el eje de la presente obra. Se analizan los buques cristianos y su incidencia en aguas oce\u00e1nicas, as\u00ed como la infraestructura portuaria palmesana y los instrumentos de navegaci\u00f3n que posibilitaron las derrotas a enclaves isl\u00e1micos o nordeuropeos, titulares de normas legales diferenciadas de la tradici\u00f3n latina. Comandas y pr\u00e9stamos mar\u00edtimos sustentan la actividad de las compa\u00f1\u00edas comerciales y sus operadores en plazas merin\u00edes, flamencas e inglesas: \u00fanicamente perturbada por el corso y pirater\u00eda, cuyas consecuencias se contrarrestan con las cartas de aseguramiento y los reparadores laudos. La mentalidad, supervivencia y vida a bordo son, asimismo, objeto de estudio.<\/p>\n<p>&nbsp;<\/p>\n<h3>Datos acad\u00e9micos de la tesis doctoral \u00ab<strong>El reino de mallorca y el mundo atl\u00e1ntico<\/strong>\u00ab<\/h3>\n<ul>\n<li><strong>T\u00edtulo de la tesis:<\/strong>\u00a0 El reino de mallorca y el mundo atl\u00e1ntico <\/li>\n<li><strong>Autor:<\/strong>\u00a0 Antonio Ortega Villoslada <\/li>\n<li><strong>Universidad:<\/strong>\u00a0 Nacional de educaci\u00f3n a distancia<\/li>\n<li><strong>Fecha de lectura de la tesis:<\/strong>\u00a0 09\/07\/2007<\/li>\n<\/ul>\n<p>&nbsp;<\/p>\n<h3>Direcci\u00f3n y tribunal<\/h3>\n<ul>\n<li><strong>Director de la tesis<\/strong>\n<ul>\n<li>Enrique Cantera Montenegro<\/li>\n<\/ul>\n<\/li>\n<li><strong>Tribunal<\/strong>\n<ul>\n<li>Presidente del tribunal: pau Cateura benn\u00ed\u00a0sser <\/li>\n<li> Caunedo del potro betsab\u00e9 (vocal)<\/li>\n<li>Juli\u00e1n Donado vara (vocal)<\/li>\n<li>elisa Ferreira priegue (vocal)<\/li>\n<\/ul>\n<\/li>\n<\/ul>\n<p>&nbsp;<\/p>\n","protected":false},"excerpt":{"rendered":"<p>Tesis doctoral de Antonio Ortega Villoslada Los contactos pol\u00edtico-mercantiles del conjunto de los territorios de la casa de mallorca con [&hellip;]<\/p>\n","protected":false},"author":1,"featured_media":0,"comment_status":"open","ping_status":"open","sticky":false,"template":"","format":"standard","meta":{"site-sidebar-layout":"default","site-content-layout":"","ast-site-content-layout":"","site-content-style":"default","site-sidebar-style":"default","ast-global-header-display":"","ast-banner-title-visibility":"","ast-main-header-display":"","ast-hfb-above-header-display":"","ast-hfb-below-header-display":"","ast-hfb-mobile-header-display":"","site-post-title":"","ast-breadcrumbs-content":"","ast-featured-img":"","footer-sml-layout":"","theme-transparent-header-meta":"","adv-header-id-meta":"","stick-header-meta":"","header-above-stick-meta":"","header-main-stick-meta":"","header-below-stick-meta":"","astra-migrate-meta-layouts":"default","ast-page-background-enabled":"default","ast-page-background-meta":{"desktop":{"background-color":"var(--ast-global-color-4)","background-image":"","background-repeat":"repeat","background-position":"center center","background-size":"auto","background-attachment":"scroll","background-type":"","background-media":"","overlay-type":"","overlay-color":"","overlay-gradient":""},"tablet":{"background-color":"","background-image":"","background-repeat":"repeat","background-position":"center center","background-size":"auto","background-attachment":"scroll","background-type":"","background-media":"","overlay-type":"","overlay-color":"","overlay-gradient":""},"mobile":{"background-color":"","background-image":"","background-repeat":"repeat","background-position":"center center","background-size":"auto","background-attachment":"scroll","background-type":"","background-media":"","overlay-type":"","overlay-color":"","overlay-gradient":""}},"ast-content-background-meta":{"desktop":{"background-color":"var(--ast-global-color-5)","background-image":"","background-repeat":"repeat","background-position":"center center","background-size":"auto","background-attachment":"scroll","background-type":"","background-media":"","overlay-type":"","overlay-color":"","overlay-gradient":""},"tablet":{"background-color":"var(--ast-global-color-5)","background-image":"","background-repeat":"repeat","background-position":"center center","background-size":"auto","background-attachment":"scroll","background-type":"","background-media":"","overlay-type":"","overlay-color":"","overlay-gradient":""},"mobile":{"background-color":"var(--ast-global-color-5)","background-image":"","background-repeat":"repeat","background-position":"center center","background-size":"auto","background-attachment":"scroll","background-type":"","background-media":"","overlay-type":"","overlay-color":"","overlay-gradient":""}},"footnotes":""},"categories":[119,17070],"tags":[132063,61059,132066,5300,132065,132064],"class_list":["post-59790","post","type-post","status-publish","format-standard","hentry","category-historia-medieval","category-nacional-de-educacion-a-distancia","tag-antonio-ortega-villoslada","tag-caunedo-del-potro-betsabe","tag-elisa-ferreira-priegue","tag-enrique-cantera-montenegro","tag-julian-donado-vara","tag-pau-cateura-benni-sser"],"_links":{"self":[{"href":"https:\/\/www.deberes.net\/tesis\/wp-json\/wp\/v2\/posts\/59790","targetHints":{"allow":["GET"]}}],"collection":[{"href":"https:\/\/www.deberes.net\/tesis\/wp-json\/wp\/v2\/posts"}],"about":[{"href":"https:\/\/www.deberes.net\/tesis\/wp-json\/wp\/v2\/types\/post"}],"author":[{"embeddable":true,"href":"https:\/\/www.deberes.net\/tesis\/wp-json\/wp\/v2\/users\/1"}],"replies":[{"embeddable":true,"href":"https:\/\/www.deberes.net\/tesis\/wp-json\/wp\/v2\/comments?post=59790"}],"version-history":[{"count":0,"href":"https:\/\/www.deberes.net\/tesis\/wp-json\/wp\/v2\/posts\/59790\/revisions"}],"wp:attachment":[{"href":"https:\/\/www.deberes.net\/tesis\/wp-json\/wp\/v2\/media?parent=59790"}],"wp:term":[{"taxonomy":"category","embeddable":true,"href":"https:\/\/www.deberes.net\/tesis\/wp-json\/wp\/v2\/categories?post=59790"},{"taxonomy":"post_tag","embeddable":true,"href":"https:\/\/www.deberes.net\/tesis\/wp-json\/wp\/v2\/tags?post=59790"}],"curies":[{"name":"wp","href":"https:\/\/api.w.org\/{rel}","templated":true}]}}