{"id":59799,"date":"2007-09-07T00:00:00","date_gmt":"2007-09-07T00:00:00","guid":{"rendered":"https:\/\/www.deberes.net\/tesis\/sin-categoria\/metodologa%c2%ada-de-la-tecnica-piana%c2%adstica-y-su-pedagoga%c2%ada-en-valencia-1879-1916\/"},"modified":"2007-09-07T00:00:00","modified_gmt":"2007-09-07T00:00:00","slug":"metodologa%c2%ada-de-la-tecnica-piana%c2%adstica-y-su-pedagoga%c2%ada-en-valencia-1879-1916","status":"publish","type":"post","link":"https:\/\/www.deberes.net\/tesis\/musica-y-musicologia\/metodologa%c2%ada-de-la-tecnica-piana%c2%adstica-y-su-pedagoga%c2%ada-en-valencia-1879-1916\/","title":{"rendered":"Metodolog\u00eda de la t\u00e9cnica pian\u00edstica y su pedagogia en Valencia, 1879-1916"},"content":{"rendered":"<h2>Tesis doctoral de <strong> Victoria Eugenia Alemany Ferrer <\/strong><\/h2>\n<p>Este trabajo tiene como prop\u00f3sito analizar las pautas t\u00e9cnico-pedag\u00f3gicas que rigieron la ejecuci\u00f3n al piano de los int\u00e9rpretes Valencianos entre 1879 y 1916. Para ello, se ha tomado como punto de partida un conjunto de diez obras que versan sobre t\u00e9cnica pian\u00edstica y tienen finalidad did\u00e1ctica, que fueron escritas -o compuestas- por cinco autores Valencianos: roberto segura villalba (*1849; \u00c2\u00bf1902), manuel penella raga (*1847; \u00c2\u00bf1909), vicente peydr\u00f3 d\u00edez (*1861; \u00c2\u00bf1938), jos\u00e9 salvador mart\u00ed (*1874; \u00c2\u00bf1947) y ram\u00f3n mart\u00ednez carrasco (*1872; \u00c2\u00bf1966); y se publicaron en Valencia en ese per\u00edodo. Las conclusiones de dicho an\u00e1lisis han posibilitado la comparaci\u00f3n de las referidas pautas locales con las vigentes entonces en el resto de espa\u00f1a y europa, y han permitido valorar el elevado grado de actualizaci\u00f3n (o modernidad) que alcanz\u00f3 en aquella \u00e9poca la t\u00e9cnica pian\u00edstica Valenciana, y la notable funci\u00f3n que \u00e9sta desempe\u00f1\u00f3 dentro de la evoluci\u00f3n general experimentada por la t\u00e9cnica pian\u00edstica espa\u00f1ola durante el per\u00edodo entre siglos. adem\u00e1s, con la finalidad de dar un marco socio-cultural al pianismo Valenciano practicado entre 1879 y 1916, se ha recabado documentaci\u00f3n de tipo m\u00e1s general sobre otros aspectos que influyeron decisivamente en su conformaci\u00f3n, como fueron: el proceso de implantaci\u00f3n social del piano en Valencia (que tuvo lugar entre 1830c y 1875c); la fabricaci\u00f3n Valenciana de pianos; el comercio musical y de instrumentos en Valencia durante el siglo xix; la edici\u00f3n musical local; la participaci\u00f3n del piano en actos musicales p\u00fablicos, bien de tipo concert\u00edstico (en recital o grupos de m\u00fasica de c\u00e1mara), bien en otros \u00e1mbitos m\u00e1s \u00abl\u00fadicos\u00bb (caf\u00e9s-concierto); o las caracter\u00edsticas que present\u00f3 el ejercicio de la docencia pian\u00edstica en la ciudad desde el primer tercio del siglo xix hasta 1916.<\/p>\n<p>&nbsp;<\/p>\n<h3>Datos acad\u00e9micos de la tesis doctoral \u00ab<strong>Metodolog\u00eda de la t\u00e9cnica pian\u00edstica y su pedagogia en Valencia, 1879-1916<\/strong>\u00ab<\/h3>\n<ul>\n<li><strong>T\u00edtulo de la tesis:<\/strong>\u00a0 Metodolog\u00eda de la t\u00e9cnica pian\u00edstica y su pedagogia en Valencia, 1879-1916 <\/li>\n<li><strong>Autor:<\/strong>\u00a0 Victoria Eugenia Alemany Ferrer <\/li>\n<li><strong>Universidad:<\/strong>\u00a0 Polit\u00e9cnica de Valencia<\/li>\n<li><strong>Fecha de lectura de la tesis:<\/strong>\u00a0 09\/07\/2007<\/li>\n<\/ul>\n<p>&nbsp;<\/p>\n<h3>Direcci\u00f3n y tribunal<\/h3>\n<ul>\n<li><strong>Director de la tesis<\/strong>\n<ul>\n<li>Antonio Ezquerro Esteban<\/li>\n<\/ul>\n<\/li>\n<li><strong>Tribunal<\/strong>\n<ul>\n<li>Presidente del tribunal: Joaqu\u00edn Arnau Amo <\/li>\n<li>Mar\u00eda Sanhuesa Fonseca (vocal)<\/li>\n<li>Carmen Garcia Mallo (vocal)<\/li>\n<li>Mar\u00eda  Carmen Alfaro Giner (vocal)<\/li>\n<\/ul>\n<\/li>\n<\/ul>\n<p>&nbsp;<\/p>\n","protected":false},"excerpt":{"rendered":"<p>Tesis doctoral de Victoria Eugenia Alemany Ferrer Este trabajo tiene como prop\u00f3sito analizar las pautas t\u00e9cnico-pedag\u00f3gicas que rigieron la ejecuci\u00f3n [&hellip;]<\/p>\n","protected":false},"author":1,"featured_media":0,"comment_status":"open","ping_status":"open","sticky":false,"template":"","format":"standard","meta":{"site-sidebar-layout":"default","site-content-layout":"","ast-site-content-layout":"","site-content-style":"default","site-sidebar-style":"default","ast-global-header-display":"","ast-banner-title-visibility":"","ast-main-header-display":"","ast-hfb-above-header-display":"","ast-hfb-below-header-display":"","ast-hfb-mobile-header-display":"","site-post-title":"","ast-breadcrumbs-content":"","ast-featured-img":"","footer-sml-layout":"","theme-transparent-header-meta":"","adv-header-id-meta":"","stick-header-meta":"","header-above-stick-meta":"","header-main-stick-meta":"","header-below-stick-meta":"","astra-migrate-meta-layouts":"default","ast-page-background-enabled":"default","ast-page-background-meta":{"desktop":{"background-color":"var(--ast-global-color-4)","background-image":"","background-repeat":"repeat","background-position":"center center","background-size":"auto","background-attachment":"scroll","background-type":"","background-media":"","overlay-type":"","overlay-color":"","overlay-gradient":""},"tablet":{"background-color":"","background-image":"","background-repeat":"repeat","background-position":"center center","background-size":"auto","background-attachment":"scroll","background-type":"","background-media":"","overlay-type":"","overlay-color":"","overlay-gradient":""},"mobile":{"background-color":"","background-image":"","background-repeat":"repeat","background-position":"center center","background-size":"auto","background-attachment":"scroll","background-type":"","background-media":"","overlay-type":"","overlay-color":"","overlay-gradient":""}},"ast-content-background-meta":{"desktop":{"background-color":"var(--ast-global-color-5)","background-image":"","background-repeat":"repeat","background-position":"center center","background-size":"auto","background-attachment":"scroll","background-type":"","background-media":"","overlay-type":"","overlay-color":"","overlay-gradient":""},"tablet":{"background-color":"var(--ast-global-color-5)","background-image":"","background-repeat":"repeat","background-position":"center center","background-size":"auto","background-attachment":"scroll","background-type":"","background-media":"","overlay-type":"","overlay-color":"","overlay-gradient":""},"mobile":{"background-color":"var(--ast-global-color-5)","background-image":"","background-repeat":"repeat","background-position":"center center","background-size":"auto","background-attachment":"scroll","background-type":"","background-media":"","overlay-type":"","overlay-color":"","overlay-gradient":""}},"footnotes":""},"categories":[9132,16820],"tags":[82355,132083,16942,24161,94135,132082],"class_list":["post-59799","post","type-post","status-publish","format-standard","hentry","category-musica-y-musicologia","category-politecnica-de-valencia","tag-antonio-ezquerro-esteban","tag-carmen-garcia-mallo","tag-joaquin-arnau-amo","tag-maria-carmen-alfaro-giner","tag-maria-sanhuesa-fonseca","tag-victoria-eugenia-alemany-ferrer"],"_links":{"self":[{"href":"https:\/\/www.deberes.net\/tesis\/wp-json\/wp\/v2\/posts\/59799","targetHints":{"allow":["GET"]}}],"collection":[{"href":"https:\/\/www.deberes.net\/tesis\/wp-json\/wp\/v2\/posts"}],"about":[{"href":"https:\/\/www.deberes.net\/tesis\/wp-json\/wp\/v2\/types\/post"}],"author":[{"embeddable":true,"href":"https:\/\/www.deberes.net\/tesis\/wp-json\/wp\/v2\/users\/1"}],"replies":[{"embeddable":true,"href":"https:\/\/www.deberes.net\/tesis\/wp-json\/wp\/v2\/comments?post=59799"}],"version-history":[{"count":0,"href":"https:\/\/www.deberes.net\/tesis\/wp-json\/wp\/v2\/posts\/59799\/revisions"}],"wp:attachment":[{"href":"https:\/\/www.deberes.net\/tesis\/wp-json\/wp\/v2\/media?parent=59799"}],"wp:term":[{"taxonomy":"category","embeddable":true,"href":"https:\/\/www.deberes.net\/tesis\/wp-json\/wp\/v2\/categories?post=59799"},{"taxonomy":"post_tag","embeddable":true,"href":"https:\/\/www.deberes.net\/tesis\/wp-json\/wp\/v2\/tags?post=59799"}],"curies":[{"name":"wp","href":"https:\/\/api.w.org\/{rel}","templated":true}]}}