{"id":59813,"date":"2007-10-07T00:00:00","date_gmt":"2007-10-07T00:00:00","guid":{"rendered":"https:\/\/www.deberes.net\/tesis\/sin-categoria\/capital-humano-como-factor-de-convergencia-analisis-econometrico-de-la-eurorregion-galicia-norte-de-portugal-1995-2002\/"},"modified":"2007-10-07T00:00:00","modified_gmt":"2007-10-07T00:00:00","slug":"capital-humano-como-factor-de-convergencia-analisis-econometrico-de-la-eurorregion-galicia-norte-de-portugal-1995-2002","status":"publish","type":"post","link":"https:\/\/www.deberes.net\/tesis\/economia-del-area-europea\/capital-humano-como-factor-de-convergencia-analisis-econometrico-de-la-eurorregion-galicia-norte-de-portugal-1995-2002\/","title":{"rendered":"Capital humano como factor de convergencia: an\u00e1lisis econom\u00e9trico de la eurorregi\u00f3n. galicia-norte de portugal (1995-2002)"},"content":{"rendered":"<h2>Tesis doctoral de <strong> Elvira Pacheco Vieira <\/strong><\/h2>\n<p>El aumento del protagonismo concedido a la pol\u00edtica regional comunitaria, cuya dotaci\u00f3n presupuestaria ha aumentado exponencialmente de a\u00f1o en a\u00f1o, viene motivando la progresiva realizaci\u00f3n de trabajos regionales, con mayores niveles de desagregaci\u00f3n espacial. El presente estudio incide sobre las nuts iii de la euroregi\u00f3n galicia-norte de portugal, en el cual intentamos identificar las similitudes y asimetr\u00edas regionales, a trav\u00e9s del an\u00e1lisis comparativo de las principales variables macroecon\u00f3micas, para el per\u00edodo comprendido entre 1995 y 2002, para despu\u00e9s establecer la relaci\u00f3n emp\u00edrica entre el capital humano y el proceso de crecimiento econ\u00f3mico de cada regi\u00f3n. el an\u00e1lisis de esta relaci\u00f3n se concreta mediante su estudio econom\u00e9trico, basado en el modelo de solow ampliado estimado a trav\u00e9s de la cl\u00e1sica funci\u00f3n de producci\u00f3n de cobb-douglas, para los sectores de actividad secundario y terciario, con el objetivo de comprobar su efecto positivo sobre el desarrollo y determinar hasta que punto las unidades territoriales consideradas, han disminuido sus diferenciales en los respectivos estadios de desarrollo, convergiendo hacia un mismo estado estacionario, a medio y largo plazo.<\/p>\n<p>&nbsp;<\/p>\n<h3>Datos acad\u00e9micos de la tesis doctoral \u00ab<strong>Capital humano como factor de convergencia: an\u00e1lisis econom\u00e9trico de la eurorregi\u00f3n. galicia-norte de portugal (1995-2002)<\/strong>\u00ab<\/h3>\n<ul>\n<li><strong>T\u00edtulo de la tesis:<\/strong>\u00a0 Capital humano como factor de convergencia: an\u00e1lisis econom\u00e9trico de la eurorregi\u00f3n. galicia-norte de portugal (1995-2002) <\/li>\n<li><strong>Autor:<\/strong>\u00a0 Elvira Pacheco Vieira <\/li>\n<li><strong>Universidad:<\/strong>\u00a0 Santiago de compostela<\/li>\n<li><strong>Fecha de lectura de la tesis:<\/strong>\u00a0 10\/07\/2007<\/li>\n<\/ul>\n<p>&nbsp;<\/p>\n<h3>Direcci\u00f3n y tribunal<\/h3>\n<ul>\n<li><strong>Director de la tesis<\/strong>\n<ul>\n<li>M\u00aa Isabel Neira Gomez<\/li>\n<\/ul>\n<\/li>\n<li><strong>Tribunal<\/strong>\n<ul>\n<li>Presidente del tribunal: Mar\u00eda del carmen Guisan seijas <\/li>\n<li>gerard Lassibille (vocal)<\/li>\n<li>Mar\u00eda luc\u00eda Navarro g\u00f3mez (vocal)<\/li>\n<li> Santos proen\u00ed\u00a7a almeida Mar\u00eda margarida (vocal)<\/li>\n<\/ul>\n<\/li>\n<\/ul>\n<p>&nbsp;<\/p>\n","protected":false},"excerpt":{"rendered":"<p>Tesis doctoral de Elvira Pacheco Vieira El aumento del protagonismo concedido a la pol\u00edtica regional comunitaria, cuya dotaci\u00f3n presupuestaria ha [&hellip;]<\/p>\n","protected":false},"author":1,"featured_media":0,"comment_status":"open","ping_status":"open","sticky":false,"template":"","format":"standard","meta":{"site-sidebar-layout":"default","site-content-layout":"","ast-site-content-layout":"","site-content-style":"default","site-sidebar-style":"default","ast-global-header-display":"","ast-banner-title-visibility":"","ast-main-header-display":"","ast-hfb-above-header-display":"","ast-hfb-below-header-display":"","ast-hfb-mobile-header-display":"","site-post-title":"","ast-breadcrumbs-content":"","ast-featured-img":"","footer-sml-layout":"","theme-transparent-header-meta":"","adv-header-id-meta":"","stick-header-meta":"","header-above-stick-meta":"","header-main-stick-meta":"","header-below-stick-meta":"","astra-migrate-meta-layouts":"default","ast-page-background-enabled":"default","ast-page-background-meta":{"desktop":{"background-color":"var(--ast-global-color-4)","background-image":"","background-repeat":"repeat","background-position":"center center","background-size":"auto","background-attachment":"scroll","background-type":"","background-media":"","overlay-type":"","overlay-color":"","overlay-gradient":""},"tablet":{"background-color":"","background-image":"","background-repeat":"repeat","background-position":"center center","background-size":"auto","background-attachment":"scroll","background-type":"","background-media":"","overlay-type":"","overlay-color":"","overlay-gradient":""},"mobile":{"background-color":"","background-image":"","background-repeat":"repeat","background-position":"center center","background-size":"auto","background-attachment":"scroll","background-type":"","background-media":"","overlay-type":"","overlay-color":"","overlay-gradient":""}},"ast-content-background-meta":{"desktop":{"background-color":"var(--ast-global-color-5)","background-image":"","background-repeat":"repeat","background-position":"center center","background-size":"auto","background-attachment":"scroll","background-type":"","background-media":"","overlay-type":"","overlay-color":"","overlay-gradient":""},"tablet":{"background-color":"var(--ast-global-color-5)","background-image":"","background-repeat":"repeat","background-position":"center center","background-size":"auto","background-attachment":"scroll","background-type":"","background-media":"","overlay-type":"","overlay-color":"","overlay-gradient":""},"mobile":{"background-color":"var(--ast-global-color-5)","background-image":"","background-repeat":"repeat","background-position":"center center","background-size":"auto","background-attachment":"scroll","background-type":"","background-media":"","overlay-type":"","overlay-color":"","overlay-gradient":""}},"footnotes":""},"categories":[83,524,977],"tags":[132113,132114,12835,22395,99727,132115],"class_list":["post-59813","post","type-post","status-publish","format-standard","hentry","category-economia-del-area-europea","category-modelos-econometricos","category-santiago-de-compostela","tag-elvira-pacheco-vieira","tag-gerard-lassibille","tag-maria-del-carmen-guisan-seijas","tag-maria-lucia-navarro-gomez","tag-ma-isabel-neira-gomez","tag-santos-proenia-almeida-maria-margarida"],"_links":{"self":[{"href":"https:\/\/www.deberes.net\/tesis\/wp-json\/wp\/v2\/posts\/59813","targetHints":{"allow":["GET"]}}],"collection":[{"href":"https:\/\/www.deberes.net\/tesis\/wp-json\/wp\/v2\/posts"}],"about":[{"href":"https:\/\/www.deberes.net\/tesis\/wp-json\/wp\/v2\/types\/post"}],"author":[{"embeddable":true,"href":"https:\/\/www.deberes.net\/tesis\/wp-json\/wp\/v2\/users\/1"}],"replies":[{"embeddable":true,"href":"https:\/\/www.deberes.net\/tesis\/wp-json\/wp\/v2\/comments?post=59813"}],"version-history":[{"count":0,"href":"https:\/\/www.deberes.net\/tesis\/wp-json\/wp\/v2\/posts\/59813\/revisions"}],"wp:attachment":[{"href":"https:\/\/www.deberes.net\/tesis\/wp-json\/wp\/v2\/media?parent=59813"}],"wp:term":[{"taxonomy":"category","embeddable":true,"href":"https:\/\/www.deberes.net\/tesis\/wp-json\/wp\/v2\/categories?post=59813"},{"taxonomy":"post_tag","embeddable":true,"href":"https:\/\/www.deberes.net\/tesis\/wp-json\/wp\/v2\/tags?post=59813"}],"curies":[{"name":"wp","href":"https:\/\/api.w.org\/{rel}","templated":true}]}}