{"id":59817,"date":"2007-10-07T00:00:00","date_gmt":"2007-10-07T00:00:00","guid":{"rendered":"https:\/\/www.deberes.net\/tesis\/sin-categoria\/efecto-y-distribucion-sobre-las-pola%c2%adticas-de-fomento-a-la-innovacion-en-la-empresa\/"},"modified":"2007-10-07T00:00:00","modified_gmt":"2007-10-07T00:00:00","slug":"efecto-y-distribucion-sobre-las-pola%c2%adticas-de-fomento-a-la-innovacion-en-la-empresa","status":"publish","type":"post","link":"https:\/\/www.deberes.net\/tesis\/politica-cientifica-y-tecnologica\/efecto-y-distribucion-sobre-las-pola%c2%adticas-de-fomento-a-la-innovacion-en-la-empresa\/","title":{"rendered":"Efecto y distribuci\u00f3n sobre las pol\u00edticas de fomento a la innovaci\u00f3n en la empresa"},"content":{"rendered":"<h2>Tesis doctoral de <strong> Liliana Herrera Danny <\/strong><\/h2>\n<p>En la investigaci\u00f3n se analiz\u00f3 conjuntamente la distribuci\u00f3n y el efecto de las pol\u00edticas de innovaci\u00f3n en la actividad innovadora de las empresas. Concretamente, el estudio analizo el efecto de las subvenciones a la i+d sobre un n\u00famero amplio de indicadores de la actividad innovadora de las empresas espa\u00f1olas que comprendieron: la generaci\u00f3n y adquisici\u00f3n de tecnolog\u00eda, el esfuerzo en i+d, el capital humano, la importaci\u00f3n y exportaci\u00f3n de tecnolog\u00eda, la propensi\u00f3n a patentar y la propensi\u00f3n a innovar en productos. Las estimaciones se hicieron en una muestra general que abarco todos los tipos de subvenciones disponibles a la empresas espa\u00f1olas desde las distintas administraciones p\u00fablicas (regional, nacional y europea) y en dos submuestras por origen de los fondos recibidos con el objetivo de hacer un an\u00e1lisis comparativo entre la pol\u00edtica de subvenciones nacional y regional.<\/p>\n<p>&nbsp;<\/p>\n<h3>Datos acad\u00e9micos de la tesis doctoral \u00ab<strong>Efecto y distribuci\u00f3n sobre las pol\u00edticas de fomento a la innovaci\u00f3n en la empresa<\/strong>\u00ab<\/h3>\n<ul>\n<li><strong>T\u00edtulo de la tesis:<\/strong>\u00a0 Efecto y distribuci\u00f3n sobre las pol\u00edticas de fomento a la innovaci\u00f3n en la empresa <\/li>\n<li><strong>Autor:<\/strong>\u00a0 Liliana Herrera Danny <\/li>\n<li><strong>Universidad:<\/strong>\u00a0 Le\u00f3n<\/li>\n<li><strong>Fecha de lectura de la tesis:<\/strong>\u00a0 10\/07\/2007<\/li>\n<\/ul>\n<p>&nbsp;<\/p>\n<h3>Direcci\u00f3n y tribunal<\/h3>\n<ul>\n<li><strong>Director de la tesis<\/strong>\n<ul>\n<li>Mar\u00eda no Nieto Antol\u00edn<\/li>\n<\/ul>\n<\/li>\n<li><strong>Tribunal<\/strong>\n<ul>\n<li>Presidente del tribunal: jose Molero zayas <\/li>\n<li>Jos\u00e9 Emilio Navas l\u00f3pez (vocal)<\/li>\n<li>ignacio Fernandez de lucio (vocal)<\/li>\n<li>jaume Valls passola (vocal)<\/li>\n<\/ul>\n<\/li>\n<\/ul>\n<p>&nbsp;<\/p>\n","protected":false},"excerpt":{"rendered":"<p>Tesis doctoral de Liliana Herrera Danny En la investigaci\u00f3n se analiz\u00f3 conjuntamente la distribuci\u00f3n y el efecto de las pol\u00edticas [&hellip;]<\/p>\n","protected":false},"author":1,"featured_media":0,"comment_status":"open","ping_status":"open","sticky":false,"template":"","format":"standard","meta":{"site-sidebar-layout":"default","site-content-layout":"","ast-site-content-layout":"","site-content-style":"default","site-sidebar-style":"default","ast-global-header-display":"","ast-banner-title-visibility":"","ast-main-header-display":"","ast-hfb-above-header-display":"","ast-hfb-below-header-display":"","ast-hfb-mobile-header-display":"","site-post-title":"","ast-breadcrumbs-content":"","ast-featured-img":"","footer-sml-layout":"","theme-transparent-header-meta":"","adv-header-id-meta":"","stick-header-meta":"","header-above-stick-meta":"","header-main-stick-meta":"","header-below-stick-meta":"","astra-migrate-meta-layouts":"default","ast-page-background-enabled":"default","ast-page-background-meta":{"desktop":{"background-color":"var(--ast-global-color-4)","background-image":"","background-repeat":"repeat","background-position":"center center","background-size":"auto","background-attachment":"scroll","background-type":"","background-media":"","overlay-type":"","overlay-color":"","overlay-gradient":""},"tablet":{"background-color":"","background-image":"","background-repeat":"repeat","background-position":"center center","background-size":"auto","background-attachment":"scroll","background-type":"","background-media":"","overlay-type":"","overlay-color":"","overlay-gradient":""},"mobile":{"background-color":"","background-image":"","background-repeat":"repeat","background-position":"center center","background-size":"auto","background-attachment":"scroll","background-type":"","background-media":"","overlay-type":"","overlay-color":"","overlay-gradient":""}},"ast-content-background-meta":{"desktop":{"background-color":"var(--ast-global-color-5)","background-image":"","background-repeat":"repeat","background-position":"center center","background-size":"auto","background-attachment":"scroll","background-type":"","background-media":"","overlay-type":"","overlay-color":"","overlay-gradient":""},"tablet":{"background-color":"var(--ast-global-color-5)","background-image":"","background-repeat":"repeat","background-position":"center center","background-size":"auto","background-attachment":"scroll","background-type":"","background-media":"","overlay-type":"","overlay-color":"","overlay-gradient":""},"mobile":{"background-color":"var(--ast-global-color-5)","background-image":"","background-repeat":"repeat","background-position":"center center","background-size":"auto","background-attachment":"scroll","background-type":"","background-media":"","overlay-type":"","overlay-color":"","overlay-gradient":""}},"footnotes":""},"categories":[25738,991,4430,837,20807],"tags":[69259,40469,5987,6489,132123,6529],"class_list":["post-59817","post","type-post","status-publish","format-standard","hentry","category-economia-de-la-investigacion-y-del-desarrollo","category-innovacion-tecnologica","category-leon","category-politica-cientifica-y-tecnologica","category-sector-de-investigacion-y-desarrollo","tag-ignacio-fernandez-de-lucio","tag-jaume-valls-passola","tag-jose-emilio-navas-lopez","tag-jose-molero-zayas","tag-liliana-herrera-danny","tag-maria-no-nieto-antolin"],"_links":{"self":[{"href":"https:\/\/www.deberes.net\/tesis\/wp-json\/wp\/v2\/posts\/59817","targetHints":{"allow":["GET"]}}],"collection":[{"href":"https:\/\/www.deberes.net\/tesis\/wp-json\/wp\/v2\/posts"}],"about":[{"href":"https:\/\/www.deberes.net\/tesis\/wp-json\/wp\/v2\/types\/post"}],"author":[{"embeddable":true,"href":"https:\/\/www.deberes.net\/tesis\/wp-json\/wp\/v2\/users\/1"}],"replies":[{"embeddable":true,"href":"https:\/\/www.deberes.net\/tesis\/wp-json\/wp\/v2\/comments?post=59817"}],"version-history":[{"count":0,"href":"https:\/\/www.deberes.net\/tesis\/wp-json\/wp\/v2\/posts\/59817\/revisions"}],"wp:attachment":[{"href":"https:\/\/www.deberes.net\/tesis\/wp-json\/wp\/v2\/media?parent=59817"}],"wp:term":[{"taxonomy":"category","embeddable":true,"href":"https:\/\/www.deberes.net\/tesis\/wp-json\/wp\/v2\/categories?post=59817"},{"taxonomy":"post_tag","embeddable":true,"href":"https:\/\/www.deberes.net\/tesis\/wp-json\/wp\/v2\/tags?post=59817"}],"curies":[{"name":"wp","href":"https:\/\/api.w.org\/{rel}","templated":true}]}}