{"id":5990,"date":"1995-01-01T00:00:00","date_gmt":"1995-01-01T00:00:00","guid":{"rendered":"https:\/\/www.deberes.net\/tesis\/1995\/01\/01\/el-sistema-espanol-de-clases-pasivas-del-estado\/"},"modified":"1995-01-01T00:00:00","modified_gmt":"1995-01-01T00:00:00","slug":"el-sistema-espanol-de-clases-pasivas-del-estado","status":"publish","type":"post","link":"https:\/\/www.deberes.net\/tesis\/ciencias-juridicas-y-derecho\/el-sistema-espanol-de-clases-pasivas-del-estado\/","title":{"rendered":"El sistema espa\u00f1ol de clases pasivas del estado"},"content":{"rendered":"<h2>Tesis doctoral de <strong> Alvaro Canales Gil <\/strong><\/h2>\n<p>En la tesis examino el origen historico, concepto y naturaleza juridica, regimen juridico vigente, y posible evolucion del sistema espa\u00f1ol de clases pasivas del estado. Para ello la investigacion la he realizado en cinco partes: parte primera, \u00abel sistema de clases pasivas del estado. Concepto y naturaleza\u00bb; parte segunda, \u00aborigen historico y evolucion del sistema espa\u00f1ol de clases pasivas del estado\u00bb; parte tercera, \u00abestado actual del sistema de clases pasivas del estado\u00bb; parte cuarta, \u00abla aproximacion de los sistemas de pensiones publicas\u00bb; y, parte quinta, \u00abconclusiones\u00bb.  en cuanto al origen historico, enmarcado dentro del concepto mas amplio de prevision social, coincide con el del mutualismo para derivar hacia las pensiones consideradas como gracia especial, y posteriormente, a partir de 1850, transformarse en un derecho del servidor publico. Respecto a concepto y naturaleza juridica del sistema de clases pasivas del estado lo considero como un seguro publico. En relacion a la normativa juridica vigente lo analizo con amplitud. Por ultimo, opino que el futuro del sistema de clases pasivas es unificarse con el regimen general de la seguridad social porque, ya desde la ley de bases de seguridad social de 1963, la unicidad de cobertura debia de haberse conseguido. Actualmente, en mi opinion, nada justifica la supervivencia del sistema de clases pasivas del estado como medio de cobertura independiente.<\/p>\n<p>&nbsp;<\/p>\n<h3>Datos acad\u00e9micos de la tesis doctoral \u00ab<strong>El sistema espa\u00f1ol de clases pasivas del estado<\/strong>\u00ab<\/h3>\n<ul>\n<li><strong>T\u00edtulo de la tesis:<\/strong>\u00a0 El sistema espa\u00f1ol de clases pasivas del estado <\/li>\n<li><strong>Autor:<\/strong>\u00a0 Alvaro Canales Gil <\/li>\n<li><strong>Universidad:<\/strong>\u00a0 Complutense de Madrid<\/li>\n<li><strong>Fecha de lectura de la tesis:<\/strong>\u00a0 01\/01\/1995<\/li>\n<\/ul>\n<p>&nbsp;<\/p>\n<h3>Direcci\u00f3n y tribunal<\/h3>\n<ul>\n<li><strong>Director de la tesis<\/strong>\n<ul>\n<li>Jos\u00e9 Luis Pi\u00f1ar Ma\u00f1as<\/li>\n<\/ul>\n<\/li>\n<li><strong>Tribunal<\/strong>\n<ul>\n<li>Presidente del tribunal: Lorenzo Martin Retortillo Baquer <\/li>\n<li> Parejo Alfonso Luciano J. (vocal)<\/li>\n<li>Jos\u00e9 Ram\u00f3n Parada V\u00e1zquez (vocal)<\/li>\n<li>Lu\u00eds Ignacio Ortega \u00e1lvarez (vocal)<\/li>\n<\/ul>\n<\/li>\n<\/ul>\n<p>&nbsp;<\/p>\n","protected":false},"excerpt":{"rendered":"<p>Tesis doctoral de Alvaro Canales Gil En la tesis examino el origen historico, concepto y naturaleza juridica, regimen juridico vigente, [&hellip;]<\/p>\n","protected":false},"author":1,"featured_media":0,"comment_status":"open","ping_status":"open","sticky":false,"template":"","format":"standard","meta":{"site-sidebar-layout":"default","site-content-layout":"","ast-site-content-layout":"","site-content-style":"default","site-sidebar-style":"default","ast-global-header-display":"","ast-banner-title-visibility":"","ast-main-header-display":"","ast-hfb-above-header-display":"","ast-hfb-below-header-display":"","ast-hfb-mobile-header-display":"","site-post-title":"","ast-breadcrumbs-content":"","ast-featured-img":"","footer-sml-layout":"","theme-transparent-header-meta":"","adv-header-id-meta":"","stick-header-meta":"","header-above-stick-meta":"","header-main-stick-meta":"","header-below-stick-meta":"","astra-migrate-meta-layouts":"default","ast-page-background-enabled":"default","ast-page-background-meta":{"desktop":{"background-color":"var(--ast-global-color-4)","background-image":"","background-repeat":"repeat","background-position":"center center","background-size":"auto","background-attachment":"scroll","background-type":"","background-media":"","overlay-type":"","overlay-color":"","overlay-gradient":""},"tablet":{"background-color":"","background-image":"","background-repeat":"repeat","background-position":"center center","background-size":"auto","background-attachment":"scroll","background-type":"","background-media":"","overlay-type":"","overlay-color":"","overlay-gradient":""},"mobile":{"background-color":"","background-image":"","background-repeat":"repeat","background-position":"center center","background-size":"auto","background-attachment":"scroll","background-type":"","background-media":"","overlay-type":"","overlay-color":"","overlay-gradient":""}},"ast-content-background-meta":{"desktop":{"background-color":"var(--ast-global-color-5)","background-image":"","background-repeat":"repeat","background-position":"center center","background-size":"auto","background-attachment":"scroll","background-type":"","background-media":"","overlay-type":"","overlay-color":"","overlay-gradient":""},"tablet":{"background-color":"var(--ast-global-color-5)","background-image":"","background-repeat":"repeat","background-position":"center center","background-size":"auto","background-attachment":"scroll","background-type":"","background-media":"","overlay-type":"","overlay-color":"","overlay-gradient":""},"mobile":{"background-color":"var(--ast-global-color-5)","background-image":"","background-repeat":"repeat","background-position":"center center","background-size":"auto","background-attachment":"scroll","background-type":"","background-media":"","overlay-type":"","overlay-color":"","overlay-gradient":""}},"footnotes":""},"categories":[612,1442,979],"tags":[22925,6455,1918,6452,6454,18454],"class_list":["post-5990","post","type-post","status-publish","format-standard","hentry","category-ciencias-juridicas-y-derecho","category-derecho-administrativo","category-derecho-y-legislacion-nacionales","tag-alvaro-canales-gil","tag-jose-luis-pinar-manas","tag-jose-ramon-parada-vazquez","tag-lorenzo-martin-retortillo-baquer","tag-luis-ignacio-ortega-alvarez","tag-parejo-alfonso-luciano-j"],"_links":{"self":[{"href":"https:\/\/www.deberes.net\/tesis\/wp-json\/wp\/v2\/posts\/5990","targetHints":{"allow":["GET"]}}],"collection":[{"href":"https:\/\/www.deberes.net\/tesis\/wp-json\/wp\/v2\/posts"}],"about":[{"href":"https:\/\/www.deberes.net\/tesis\/wp-json\/wp\/v2\/types\/post"}],"author":[{"embeddable":true,"href":"https:\/\/www.deberes.net\/tesis\/wp-json\/wp\/v2\/users\/1"}],"replies":[{"embeddable":true,"href":"https:\/\/www.deberes.net\/tesis\/wp-json\/wp\/v2\/comments?post=5990"}],"version-history":[{"count":0,"href":"https:\/\/www.deberes.net\/tesis\/wp-json\/wp\/v2\/posts\/5990\/revisions"}],"wp:attachment":[{"href":"https:\/\/www.deberes.net\/tesis\/wp-json\/wp\/v2\/media?parent=5990"}],"wp:term":[{"taxonomy":"category","embeddable":true,"href":"https:\/\/www.deberes.net\/tesis\/wp-json\/wp\/v2\/categories?post=5990"},{"taxonomy":"post_tag","embeddable":true,"href":"https:\/\/www.deberes.net\/tesis\/wp-json\/wp\/v2\/tags?post=5990"}],"curies":[{"name":"wp","href":"https:\/\/api.w.org\/{rel}","templated":true}]}}