{"id":59911,"date":"2007-12-07T00:00:00","date_gmt":"2007-12-07T00:00:00","guid":{"rendered":"https:\/\/www.deberes.net\/tesis\/sin-categoria\/la-flauta-dulce-en-el-area-de-expresion-arta%c2%adstica-de-la-educacion-primaria-comunidad-autonoma-de-extremadura-realidad-implicacion-y-propuestas-para-el-profesorado\/"},"modified":"2007-12-07T00:00:00","modified_gmt":"2007-12-07T00:00:00","slug":"la-flauta-dulce-en-el-area-de-expresion-arta%c2%adstica-de-la-educacion-primaria-comunidad-autonoma-de-extremadura-realidad-implicacion-y-propuestas-para-el-profesorado","status":"publish","type":"post","link":"https:\/\/www.deberes.net\/tesis\/extremadura\/la-flauta-dulce-en-el-area-de-expresion-arta%c2%adstica-de-la-educacion-primaria-comunidad-autonoma-de-extremadura-realidad-implicacion-y-propuestas-para-el-profesorado\/","title":{"rendered":"La flauta dulce en el \u00e1rea de expresi\u00f3n art\u00edstica de la educaci\u00f3n primaria. comunidad aut\u00f3noma de extremadura. realidad, implicaci\u00f3n y propuestas para el profesorado"},"content":{"rendered":"<h2>Tesis doctoral de <strong> M\u00aa Esperanza Jambrina Leal <\/strong><\/h2>\n<p>:  este trabajo de investigaci\u00f3n, es un estudio del panorama de la flauta dulce en extremadura. En primer lugar para tratar de entender porqu\u00e9 es un instrumento id\u00f3neo para introducir la m\u00fasica en los centros escolares de educaci\u00f3n primaria, y por otro lado para tratar de optimizar su uso, interpretaci\u00f3n y difusi\u00f3n en la educaci\u00f3n musical.           se desarrolla en dos vertientes: la formaci\u00f3n inicial de maestros y su contacto con el instrumento en los planes de estudio de las escuelas de magisterio (hoy facultades de educaci\u00f3n y formaci\u00f3n del profesorado) y el alumnado de educaci\u00f3n primaria en el centro escolar. En el estudio anal\u00edtico se ha consultado al profesorado de m\u00fasica y did\u00e1ctica de la expresi\u00f3n musical de las facultades de c\u00e1ceres y badajoz, y a los maestros de educaci\u00f3n musical de extremadura, para averiguar su relaci\u00f3n con el instrumento  flauta dulce y los problemas que surgen en el aula de m\u00fasica.         se aporta a este trabajo de investigaci\u00f3n adem\u00e1s de una propuesta did\u00e1ctica s\u00f3lida, un material nuevo y adaptado para incorporar multiples repertorios  en los dos \u00e1mbitos educativos.<\/p>\n<p>&nbsp;<\/p>\n<h3>Datos acad\u00e9micos de la tesis doctoral \u00ab<strong>La flauta dulce en el \u00e1rea de expresi\u00f3n art\u00edstica de la educaci\u00f3n primaria. comunidad aut\u00f3noma de extremadura. realidad, implicaci\u00f3n y propuestas para el profesorado<\/strong>\u00ab<\/h3>\n<ul>\n<li><strong>T\u00edtulo de la tesis:<\/strong>\u00a0 La flauta dulce en el \u00e1rea de expresi\u00f3n art\u00edstica de la educaci\u00f3n primaria. comunidad aut\u00f3noma de extremadura. realidad, implicaci\u00f3n y propuestas para el profesorado <\/li>\n<li><strong>Autor:<\/strong>\u00a0 M\u00aa Esperanza Jambrina Leal <\/li>\n<li><strong>Universidad:<\/strong>\u00a0 Extremadura<\/li>\n<li><strong>Fecha de lectura de la tesis:<\/strong>\u00a0 12\/07\/2007<\/li>\n<\/ul>\n<p>&nbsp;<\/p>\n<h3>Direcci\u00f3n y tribunal<\/h3>\n<ul>\n<li><strong>Director de la tesis<\/strong>\n<ul>\n<li>M\u00aa Pilar Barrios Manzano<\/li>\n<\/ul>\n<\/li>\n<li><strong>Tribunal<\/strong>\n<ul>\n<li>Presidente del tribunal: nicol\u00e1s Oriol de alarc\u00f3n <\/li>\n<li>Jos\u00e9 ignacio Palacios sanz (vocal)<\/li>\n<li>rosario Guerra iglesias (vocal)<\/li>\n<li>  (vocal)<\/li>\n<\/ul>\n<\/li>\n<\/ul>\n<p>&nbsp;<\/p>\n","protected":false},"excerpt":{"rendered":"<p>Tesis doctoral de M\u00aa Esperanza Jambrina Leal : este trabajo de investigaci\u00f3n, es un estudio del panorama de la flauta [&hellip;]<\/p>\n","protected":false},"author":1,"featured_media":0,"comment_status":"open","ping_status":"open","sticky":false,"template":"","format":"standard","meta":{"site-sidebar-layout":"default","site-content-layout":"","ast-site-content-layout":"","site-content-style":"default","site-sidebar-style":"default","ast-global-header-display":"","ast-banner-title-visibility":"","ast-main-header-display":"","ast-hfb-above-header-display":"","ast-hfb-below-header-display":"","ast-hfb-mobile-header-display":"","site-post-title":"","ast-breadcrumbs-content":"","ast-featured-img":"","footer-sml-layout":"","theme-transparent-header-meta":"","adv-header-id-meta":"","stick-header-meta":"","header-above-stick-meta":"","header-main-stick-meta":"","header-below-stick-meta":"","astra-migrate-meta-layouts":"default","ast-page-background-enabled":"default","ast-page-background-meta":{"desktop":{"background-color":"var(--ast-global-color-4)","background-image":"","background-repeat":"repeat","background-position":"center center","background-size":"auto","background-attachment":"scroll","background-type":"","background-media":"","overlay-type":"","overlay-color":"","overlay-gradient":""},"tablet":{"background-color":"","background-image":"","background-repeat":"repeat","background-position":"center center","background-size":"auto","background-attachment":"scroll","background-type":"","background-media":"","overlay-type":"","overlay-color":"","overlay-gradient":""},"mobile":{"background-color":"","background-image":"","background-repeat":"repeat","background-position":"center center","background-size":"auto","background-attachment":"scroll","background-type":"","background-media":"","overlay-type":"","overlay-color":"","overlay-gradient":""}},"ast-content-background-meta":{"desktop":{"background-color":"var(--ast-global-color-5)","background-image":"","background-repeat":"repeat","background-position":"center center","background-size":"auto","background-attachment":"scroll","background-type":"","background-media":"","overlay-type":"","overlay-color":"","overlay-gradient":""},"tablet":{"background-color":"var(--ast-global-color-5)","background-image":"","background-repeat":"repeat","background-position":"center center","background-size":"auto","background-attachment":"scroll","background-type":"","background-media":"","overlay-type":"","overlay-color":"","overlay-gradient":""},"mobile":{"background-color":"var(--ast-global-color-5)","background-image":"","background-repeat":"repeat","background-position":"center center","background-size":"auto","background-attachment":"scroll","background-type":"","background-media":"","overlay-type":"","overlay-color":"","overlay-gradient":""}},"footnotes":""},"categories":[949,9132],"tags":[49182,132310,54872,72702,120824],"class_list":["post-59911","post","type-post","status-publish","format-standard","hentry","category-extremadura","category-musica-y-musicologia","tag-jose-ignacio-palacios-sanz","tag-ma-esperanza-jambrina-leal","tag-ma-pilar-barrios-manzano","tag-nicolas-oriol-de-alarcon","tag-rosario-guerra-iglesias"],"_links":{"self":[{"href":"https:\/\/www.deberes.net\/tesis\/wp-json\/wp\/v2\/posts\/59911","targetHints":{"allow":["GET"]}}],"collection":[{"href":"https:\/\/www.deberes.net\/tesis\/wp-json\/wp\/v2\/posts"}],"about":[{"href":"https:\/\/www.deberes.net\/tesis\/wp-json\/wp\/v2\/types\/post"}],"author":[{"embeddable":true,"href":"https:\/\/www.deberes.net\/tesis\/wp-json\/wp\/v2\/users\/1"}],"replies":[{"embeddable":true,"href":"https:\/\/www.deberes.net\/tesis\/wp-json\/wp\/v2\/comments?post=59911"}],"version-history":[{"count":0,"href":"https:\/\/www.deberes.net\/tesis\/wp-json\/wp\/v2\/posts\/59911\/revisions"}],"wp:attachment":[{"href":"https:\/\/www.deberes.net\/tesis\/wp-json\/wp\/v2\/media?parent=59911"}],"wp:term":[{"taxonomy":"category","embeddable":true,"href":"https:\/\/www.deberes.net\/tesis\/wp-json\/wp\/v2\/categories?post=59911"},{"taxonomy":"post_tag","embeddable":true,"href":"https:\/\/www.deberes.net\/tesis\/wp-json\/wp\/v2\/tags?post=59911"}],"curies":[{"name":"wp","href":"https:\/\/api.w.org\/{rel}","templated":true}]}}