{"id":59946,"date":"2018-03-09T22:47:46","date_gmt":"2018-03-09T22:47:46","guid":{"rendered":"https:\/\/www.deberes.net\/tesis\/sin-categoria\/la-imagen-de-la-preadolescente-y-su-representacion-en-el-arte\/"},"modified":"2018-03-09T22:47:46","modified_gmt":"2018-03-09T22:47:46","slug":"la-imagen-de-la-preadolescente-y-su-representacion-en-el-arte","status":"publish","type":"post","link":"https:\/\/www.deberes.net\/tesis\/ciencias-de-las-artes-y-las-letras\/la-imagen-de-la-preadolescente-y-su-representacion-en-el-arte\/","title":{"rendered":"La imagen de la preadolescente y su representaci\u00f3n en el arte"},"content":{"rendered":"<h2>Tesis doctoral de <strong> Mar\u00eda Silvestre Marco <\/strong><\/h2>\n<p>A preadolescente no tuvo una iconograf\u00eda propia en el arte hasta mediados del siglo xviii, cuando se origin\u00f3 un concepto de infancia como estado biol\u00f3gico humano diferente al adulto. Durante el siglo xix en inglaterra, la imagen infantil  y en concreto la de \u00ablas ni\u00f1as\u00bb, se desarroll\u00f3 notablemente a trav\u00e9s de la literatura, la pintura, la ilustraci\u00f3n y la naciente fotograf\u00eda. El fen\u00f3meno cultural, casi obsesivo, de la imagen infantil por parte de numerosos intelectuales y artistas victorianos como john everett millais o lewis carroll, se vino a llamr \u00abculto por las ni\u00f1as\u00bb, que las dotaba de una naturaleza inocente, pura e idealizada, pero por otro lado, les otorgaba misterio y perversidad. A partir del siglo xx hasta la actualidad, las artes y los medios de masas tomar\u00edan la imagen preadolescente generada durante la etapa victoriana como base para la construcci\u00f3n de diversos iconos y estereotipos de la feminidad infantil, como la inocente ambigua shirley temple en el cine de la d\u00e9cada de 1930, las provocadoras escenas con ni\u00f1as desnudas del pintor balthus, la concreci\u00f3n de un icono femenino de naturaleza sensual y n\u00ednfica con nombre propio a trav\u00e9s de la novela lolita de vladimir nabokov, y la repercusi\u00f3n de \u00e9ste, sobre todo en la \u00faltima d\u00e9cada, en manifestaciones art\u00edsticas y visuales como el manga japon\u00e9s o la pornograf\u00eda infantil en internet<\/p>\n<p>&nbsp;<\/p>\n<h3>Datos acad\u00e9micos de la tesis doctoral \u00ab<strong>La imagen de la preadolescente y su representaci\u00f3n en el arte<\/strong>\u00ab<\/h3>\n<ul>\n<li><strong>T\u00edtulo de la tesis:<\/strong>\u00a0 La imagen de la preadolescente y su representaci\u00f3n en el arte <\/li>\n<li><strong>Autor:<\/strong>\u00a0 Mar\u00eda Silvestre Marco <\/li>\n<li><strong>Universidad:<\/strong>\u00a0 Polit\u00e9cnica de Valencia<\/li>\n<li><strong>Fecha de lectura de la tesis:<\/strong>\u00a0 13\/07\/2007<\/li>\n<\/ul>\n<p>&nbsp;<\/p>\n<h3>Direcci\u00f3n y tribunal<\/h3>\n<ul>\n<li><strong>Director de la tesis<\/strong>\n<ul>\n<li>Joaquin Ald\u00e1s Ruiz<\/li>\n<\/ul>\n<\/li>\n<li><strong>Tribunal<\/strong>\n<ul>\n<li>Presidente del tribunal: rom\u00ed\u00a0 De la calle de la calle <\/li>\n<li> Fernandez-zarza rodr\u00edguez victor Francisco (vocal)<\/li>\n<li>Juan  bautista Peiro lopez (vocal)<\/li>\n<li>yolanda Herranz pascual (vocal)<\/li>\n<\/ul>\n<\/li>\n<\/ul>\n<p>&nbsp;<\/p>\n","protected":false},"excerpt":{"rendered":"<p>Tesis doctoral de Mar\u00eda Silvestre Marco A preadolescente no tuvo una iconograf\u00eda propia en el arte hasta mediados del siglo [&hellip;]<\/p>\n","protected":false},"author":1,"featured_media":0,"comment_status":"open","ping_status":"open","sticky":false,"template":"","format":"standard","meta":{"site-sidebar-layout":"default","site-content-layout":"","ast-site-content-layout":"","site-content-style":"default","site-sidebar-style":"default","ast-global-header-display":"","ast-banner-title-visibility":"","ast-main-header-display":"","ast-hfb-above-header-display":"","ast-hfb-below-header-display":"","ast-hfb-mobile-header-display":"","site-post-title":"","ast-breadcrumbs-content":"","ast-featured-img":"","footer-sml-layout":"","theme-transparent-header-meta":"","adv-header-id-meta":"","stick-header-meta":"","header-above-stick-meta":"","header-main-stick-meta":"","header-below-stick-meta":"","astra-migrate-meta-layouts":"default","ast-page-background-enabled":"default","ast-page-background-meta":{"desktop":{"background-color":"var(--ast-global-color-4)","background-image":"","background-repeat":"repeat","background-position":"center center","background-size":"auto","background-attachment":"scroll","background-type":"","background-media":"","overlay-type":"","overlay-color":"","overlay-gradient":""},"tablet":{"background-color":"","background-image":"","background-repeat":"repeat","background-position":"center center","background-size":"auto","background-attachment":"scroll","background-type":"","background-media":"","overlay-type":"","overlay-color":"","overlay-gradient":""},"mobile":{"background-color":"","background-image":"","background-repeat":"repeat","background-position":"center center","background-size":"auto","background-attachment":"scroll","background-type":"","background-media":"","overlay-type":"","overlay-color":"","overlay-gradient":""}},"ast-content-background-meta":{"desktop":{"background-color":"var(--ast-global-color-5)","background-image":"","background-repeat":"repeat","background-position":"center center","background-size":"auto","background-attachment":"scroll","background-type":"","background-media":"","overlay-type":"","overlay-color":"","overlay-gradient":""},"tablet":{"background-color":"var(--ast-global-color-5)","background-image":"","background-repeat":"repeat","background-position":"center center","background-size":"auto","background-attachment":"scroll","background-type":"","background-media":"","overlay-type":"","overlay-color":"","overlay-gradient":""},"mobile":{"background-color":"var(--ast-global-color-5)","background-image":"","background-repeat":"repeat","background-position":"center center","background-size":"auto","background-attachment":"scroll","background-type":"","background-media":"","overlay-type":"","overlay-color":"","overlay-gradient":""}},"footnotes":""},"categories":[147,16820],"tags":[132386,16839,31393,132385,16851,37654],"class_list":["post-59946","post","type-post","status-publish","format-standard","hentry","category-ciencias-de-las-artes-y-las-letras","category-politecnica-de-valencia","tag-fernandez-zarza-rodriguez-victor-francisco","tag-joaquin-aldas-ruiz","tag-juan-bautista-peiro-lopez","tag-maria-silvestre-marco","tag-romi-de-la-calle-de-la-calle","tag-yolanda-herranz-pascual"],"_links":{"self":[{"href":"https:\/\/www.deberes.net\/tesis\/wp-json\/wp\/v2\/posts\/59946","targetHints":{"allow":["GET"]}}],"collection":[{"href":"https:\/\/www.deberes.net\/tesis\/wp-json\/wp\/v2\/posts"}],"about":[{"href":"https:\/\/www.deberes.net\/tesis\/wp-json\/wp\/v2\/types\/post"}],"author":[{"embeddable":true,"href":"https:\/\/www.deberes.net\/tesis\/wp-json\/wp\/v2\/users\/1"}],"replies":[{"embeddable":true,"href":"https:\/\/www.deberes.net\/tesis\/wp-json\/wp\/v2\/comments?post=59946"}],"version-history":[{"count":0,"href":"https:\/\/www.deberes.net\/tesis\/wp-json\/wp\/v2\/posts\/59946\/revisions"}],"wp:attachment":[{"href":"https:\/\/www.deberes.net\/tesis\/wp-json\/wp\/v2\/media?parent=59946"}],"wp:term":[{"taxonomy":"category","embeddable":true,"href":"https:\/\/www.deberes.net\/tesis\/wp-json\/wp\/v2\/categories?post=59946"},{"taxonomy":"post_tag","embeddable":true,"href":"https:\/\/www.deberes.net\/tesis\/wp-json\/wp\/v2\/tags?post=59946"}],"curies":[{"name":"wp","href":"https:\/\/api.w.org\/{rel}","templated":true}]}}