{"id":59953,"date":"2018-03-09T22:47:46","date_gmt":"2018-03-09T22:47:46","guid":{"rendered":"https:\/\/www.deberes.net\/tesis\/sin-categoria\/politicas-publicas-empresa-y-desarrollo-sostenible-un-enfoque-integral-de-evaluacion\/"},"modified":"2018-03-09T22:47:46","modified_gmt":"2018-03-09T22:47:46","slug":"politicas-publicas-empresa-y-desarrollo-sostenible-un-enfoque-integral-de-evaluacion","status":"publish","type":"post","link":"https:\/\/www.deberes.net\/tesis\/gestion-financiera\/politicas-publicas-empresa-y-desarrollo-sostenible-un-enfoque-integral-de-evaluacion\/","title":{"rendered":"Politicas publicas, empresa y desarrollo sostenible. un enfoque integral de evaluacion"},"content":{"rendered":"<h2>Tesis doctoral de <strong> Juan a Mar\u00eda Rivera Lirio <\/strong><\/h2>\n<p>El creciente debate en referencia a la insostenibilidad social y medioambiental de los actuales patrones de crecimiento, est\u00e1 dando lugar a una paulatina modificaci\u00f3n de las responsabilidades tradicionalmente asumidas tanto por autoridades gubernamentales como por el sector privado en torno a un nuevo enfoque de desarrollo denominado desarrollo sostenible. la uni\u00f3n europea no ha sido ajena a dicho debate y ha ido progresivamente asumiendo que, en el largo plazo, la consecuci\u00f3n de los objetivos estrat\u00e9gicos de la misma s\u00f3lo podr\u00e1 alcanzarse en un contexto de coherencia y coordinaci\u00f3n de actuaciones en materia socioecon\u00f3mica y medioambiental. En este contexto, el objetivo planteado en esta tesis doctoral hace referencia al dise\u00f1o de una metodolog\u00eda integral de evaluaci\u00f3n de los fondos p\u00fablicos destinados a apoyar la financiaci\u00f3n de la empresa europea en t\u00e9rminos de sostenibilidad.<\/p>\n<p>&nbsp;<\/p>\n<h3>Datos acad\u00e9micos de la tesis doctoral \u00ab<strong>Politicas publicas, empresa y desarrollo sostenible. un enfoque integral de evaluacion<\/strong>\u00ab<\/h3>\n<ul>\n<li><strong>T\u00edtulo de la tesis:<\/strong>\u00a0 Politicas publicas, empresa y desarrollo sostenible. un enfoque integral de evaluacion <\/li>\n<li><strong>Autor:<\/strong>\u00a0 Juan a Mar\u00eda Rivera Lirio <\/li>\n<li><strong>Universidad:<\/strong>\u00a0 Jaume i de castell\u00f3n<\/li>\n<li><strong>Fecha de lectura de la tesis:<\/strong>\u00a0 13\/07\/2007<\/li>\n<\/ul>\n<p>&nbsp;<\/p>\n<h3>Direcci\u00f3n y tribunal<\/h3>\n<ul>\n<li><strong>Director de la tesis<\/strong>\n<ul>\n<li> Mu\u00f1oz Torres  Mar\u00eda  Jes\u00fas<\/li>\n<\/ul>\n<\/li>\n<li><strong>Tribunal<\/strong>\n<ul>\n<li>Presidente del tribunal:  Garcia alvarez coque Jos\u00e9 Mar\u00eda <\/li>\n<li>Fernando Llena macarulla (vocal)<\/li>\n<li> De la cuesta gonzalez  Marta (vocal)<\/li>\n<li> Ferrer gonzalez  Mar\u00eda  vicenta (vocal)<\/li>\n<\/ul>\n<\/li>\n<\/ul>\n<p>&nbsp;<\/p>\n","protected":false},"excerpt":{"rendered":"<p>Tesis doctoral de Juan a Mar\u00eda Rivera Lirio El creciente debate en referencia a la insostenibilidad social y medioambiental de [&hellip;]<\/p>\n","protected":false},"author":1,"featured_media":0,"comment_status":"open","ping_status":"open","sticky":false,"template":"","format":"standard","meta":{"site-sidebar-layout":"default","site-content-layout":"","ast-site-content-layout":"","site-content-style":"default","site-sidebar-style":"default","ast-global-header-display":"","ast-banner-title-visibility":"","ast-main-header-display":"","ast-hfb-above-header-display":"","ast-hfb-below-header-display":"","ast-hfb-mobile-header-display":"","site-post-title":"","ast-breadcrumbs-content":"","ast-featured-img":"","footer-sml-layout":"","theme-transparent-header-meta":"","adv-header-id-meta":"","stick-header-meta":"","header-above-stick-meta":"","header-main-stick-meta":"","header-below-stick-meta":"","astra-migrate-meta-layouts":"default","ast-page-background-enabled":"default","ast-page-background-meta":{"desktop":{"background-color":"var(--ast-global-color-4)","background-image":"","background-repeat":"repeat","background-position":"center center","background-size":"auto","background-attachment":"scroll","background-type":"","background-media":"","overlay-type":"","overlay-color":"","overlay-gradient":""},"tablet":{"background-color":"","background-image":"","background-repeat":"repeat","background-position":"center center","background-size":"auto","background-attachment":"scroll","background-type":"","background-media":"","overlay-type":"","overlay-color":"","overlay-gradient":""},"mobile":{"background-color":"","background-image":"","background-repeat":"repeat","background-position":"center center","background-size":"auto","background-attachment":"scroll","background-type":"","background-media":"","overlay-type":"","overlay-color":"","overlay-gradient":""}},"ast-content-background-meta":{"desktop":{"background-color":"var(--ast-global-color-5)","background-image":"","background-repeat":"repeat","background-position":"center center","background-size":"auto","background-attachment":"scroll","background-type":"","background-media":"","overlay-type":"","overlay-color":"","overlay-gradient":""},"tablet":{"background-color":"var(--ast-global-color-5)","background-image":"","background-repeat":"repeat","background-position":"center center","background-size":"auto","background-attachment":"scroll","background-type":"","background-media":"","overlay-type":"","overlay-color":"","overlay-gradient":""},"mobile":{"background-color":"var(--ast-global-color-5)","background-image":"","background-repeat":"repeat","background-position":"center center","background-size":"auto","background-attachment":"scroll","background-type":"","background-media":"","overlay-type":"","overlay-color":"","overlay-gradient":""}},"footnotes":""},"categories":[26524,1698,18725,2825],"tags":[132404,132403,132405,53506,132401,132402],"class_list":["post-59953","post","type-post","status-publish","format-standard","hentry","category-contabilidad-social","category-gestion-financiera","category-jaume-i-de-castellon","category-organizacion-industrial-y-sector-publico","tag-de-la-cuesta-gonzalez-marta","tag-fernando-llena-macarulla","tag-ferrer-gonzalez-maria-vicenta","tag-garcia-alvarez-coque-jose-maria","tag-juan-a-maria-rivera-lirio","tag-munoz-torres-maria-jesus"],"_links":{"self":[{"href":"https:\/\/www.deberes.net\/tesis\/wp-json\/wp\/v2\/posts\/59953","targetHints":{"allow":["GET"]}}],"collection":[{"href":"https:\/\/www.deberes.net\/tesis\/wp-json\/wp\/v2\/posts"}],"about":[{"href":"https:\/\/www.deberes.net\/tesis\/wp-json\/wp\/v2\/types\/post"}],"author":[{"embeddable":true,"href":"https:\/\/www.deberes.net\/tesis\/wp-json\/wp\/v2\/users\/1"}],"replies":[{"embeddable":true,"href":"https:\/\/www.deberes.net\/tesis\/wp-json\/wp\/v2\/comments?post=59953"}],"version-history":[{"count":0,"href":"https:\/\/www.deberes.net\/tesis\/wp-json\/wp\/v2\/posts\/59953\/revisions"}],"wp:attachment":[{"href":"https:\/\/www.deberes.net\/tesis\/wp-json\/wp\/v2\/media?parent=59953"}],"wp:term":[{"taxonomy":"category","embeddable":true,"href":"https:\/\/www.deberes.net\/tesis\/wp-json\/wp\/v2\/categories?post=59953"},{"taxonomy":"post_tag","embeddable":true,"href":"https:\/\/www.deberes.net\/tesis\/wp-json\/wp\/v2\/tags?post=59953"}],"curies":[{"name":"wp","href":"https:\/\/api.w.org\/{rel}","templated":true}]}}