{"id":59954,"date":"2018-03-09T22:47:46","date_gmt":"2018-03-09T22:47:46","guid":{"rendered":"https:\/\/www.deberes.net\/tesis\/sin-categoria\/sintesis-audiovisual-realista-personalizable\/"},"modified":"2018-03-09T22:47:46","modified_gmt":"2018-03-09T22:47:46","slug":"sintesis-audiovisual-realista-personalizable","status":"publish","type":"post","link":"https:\/\/www.deberes.net\/tesis\/inteligencia-artificial\/sintesis-audiovisual-realista-personalizable\/","title":{"rendered":"Sintesis audiovisual realista personalizable"},"content":{"rendered":"<h2>Tesis doctoral de <strong> Javier Melenchon Maldonado <\/strong><\/h2>\n<p>Se presenta un esquema \u00fanico para la s\u00edntesis y an\u00e1lisis audiovisual personalizable realista de secuencias audiovisuales de caras parlantes y secuencias visuales de lengua de signos en entorno dom\u00e9stico. En el primer caso, con animaci\u00f3n totalmente sincronizada a trav\u00e9s de una fuente de texto o voz; en el segundo, utilizando la t\u00e9cnica de deletreo de palabras mediante la mano. Sus posibilidades de personalizaci\u00f3n facilitan la creaci\u00f3n de secuencias audiovisuales por parte de usuarios no expertos. Las aplicaciones posibles de este esquema de s\u00edntesis comprenden desde la creaci\u00f3n de personajes virtuales realistas para interacci\u00f3n natural o v\u00eddeo juegos hasta v\u00eddeo conferencia de muy bajo ancho de banda y telefon\u00eda visual para las personas con problemas de o\u00eddo, pasando por ofrecer ayuda en la pronunciaci\u00f3n y la comunicaci\u00f3n a este mismo colectivo. El sistema permite procesar secuencias largas con un consumo de recursos muy reducido gracias al desarrollo de un nuevo procedimiento de c\u00e1lculo incremental para la descomposici\u00f3n en valores singulares con actualizaci\u00f3n de la informaci\u00f3n media.<\/p>\n<p>&nbsp;<\/p>\n<h3>Datos acad\u00e9micos de la tesis doctoral \u00ab<strong>Sintesis audiovisual realista personalizable<\/strong>\u00ab<\/h3>\n<ul>\n<li><strong>T\u00edtulo de la tesis:<\/strong>\u00a0 Sintesis audiovisual realista personalizable <\/li>\n<li><strong>Autor:<\/strong>\u00a0 Javier Melenchon Maldonado <\/li>\n<li><strong>Universidad:<\/strong>\u00a0 Ram\u00f3n llull<\/li>\n<li><strong>Fecha de lectura de la tesis:<\/strong>\u00a0 13\/07\/2007<\/li>\n<\/ul>\n<p>&nbsp;<\/p>\n<h3>Direcci\u00f3n y tribunal<\/h3>\n<ul>\n<li><strong>Director de la tesis<\/strong>\n<ul>\n<li>Elisa Martinez Marroquin<\/li>\n<\/ul>\n<\/li>\n<li><strong>Tribunal<\/strong>\n<ul>\n<li>Presidente del tribunal: gabriel Fern\u00e1ndez i ubiergo <\/li>\n<li>carme Torras gen\u00eds (vocal)<\/li>\n<li>lourdes De agapito  vicente (vocal)<\/li>\n<li>Luis Baumela molina (vocal)<\/li>\n<\/ul>\n<\/li>\n<\/ul>\n<p>&nbsp;<\/p>\n","protected":false},"excerpt":{"rendered":"<p>Tesis doctoral de Javier Melenchon Maldonado Se presenta un esquema \u00fanico para la s\u00edntesis y an\u00e1lisis audiovisual personalizable realista de [&hellip;]<\/p>\n","protected":false},"author":1,"featured_media":0,"comment_status":"open","ping_status":"open","sticky":false,"template":"","format":"standard","meta":{"site-sidebar-layout":"default","site-content-layout":"","ast-site-content-layout":"","site-content-style":"default","site-sidebar-style":"default","ast-global-header-display":"","ast-banner-title-visibility":"","ast-main-header-display":"","ast-hfb-above-header-display":"","ast-hfb-below-header-display":"","ast-hfb-mobile-header-display":"","site-post-title":"","ast-breadcrumbs-content":"","ast-featured-img":"","footer-sml-layout":"","theme-transparent-header-meta":"","adv-header-id-meta":"","stick-header-meta":"","header-above-stick-meta":"","header-main-stick-meta":"","header-below-stick-meta":"","astra-migrate-meta-layouts":"default","ast-page-background-enabled":"default","ast-page-background-meta":{"desktop":{"background-color":"var(--ast-global-color-4)","background-image":"","background-repeat":"repeat","background-position":"center center","background-size":"auto","background-attachment":"scroll","background-type":"","background-media":"","overlay-type":"","overlay-color":"","overlay-gradient":""},"tablet":{"background-color":"","background-image":"","background-repeat":"repeat","background-position":"center center","background-size":"auto","background-attachment":"scroll","background-type":"","background-media":"","overlay-type":"","overlay-color":"","overlay-gradient":""},"mobile":{"background-color":"","background-image":"","background-repeat":"repeat","background-position":"center center","background-size":"auto","background-attachment":"scroll","background-type":"","background-media":"","overlay-type":"","overlay-color":"","overlay-gradient":""}},"ast-content-background-meta":{"desktop":{"background-color":"var(--ast-global-color-5)","background-image":"","background-repeat":"repeat","background-position":"center center","background-size":"auto","background-attachment":"scroll","background-type":"","background-media":"","overlay-type":"","overlay-color":"","overlay-gradient":""},"tablet":{"background-color":"var(--ast-global-color-5)","background-image":"","background-repeat":"repeat","background-position":"center center","background-size":"auto","background-attachment":"scroll","background-type":"","background-media":"","overlay-type":"","overlay-color":"","overlay-gradient":""},"mobile":{"background-color":"var(--ast-global-color-5)","background-image":"","background-repeat":"repeat","background-position":"center center","background-size":"auto","background-attachment":"scroll","background-type":"","background-media":"","overlay-type":"","overlay-color":"","overlay-gradient":""}},"footnotes":""},"categories":[12792,52426,2528,32959],"tags":[30937,132407,132408,132406,59747,30605],"class_list":["post-59954","post","type-post","status-publish","format-standard","hentry","category-algebra-lineal","category-fisiologia-del-lenguaje","category-inteligencia-artificial","category-ramon-llull","tag-carme-torras-genis","tag-elisa-Martinez-marroquin","tag-gabriel-fernandez-i-ubiergo","tag-javier-melenchon-maldonado","tag-lourdes-de-agapito-vicente","tag-luis-baumela-molina"],"_links":{"self":[{"href":"https:\/\/www.deberes.net\/tesis\/wp-json\/wp\/v2\/posts\/59954","targetHints":{"allow":["GET"]}}],"collection":[{"href":"https:\/\/www.deberes.net\/tesis\/wp-json\/wp\/v2\/posts"}],"about":[{"href":"https:\/\/www.deberes.net\/tesis\/wp-json\/wp\/v2\/types\/post"}],"author":[{"embeddable":true,"href":"https:\/\/www.deberes.net\/tesis\/wp-json\/wp\/v2\/users\/1"}],"replies":[{"embeddable":true,"href":"https:\/\/www.deberes.net\/tesis\/wp-json\/wp\/v2\/comments?post=59954"}],"version-history":[{"count":0,"href":"https:\/\/www.deberes.net\/tesis\/wp-json\/wp\/v2\/posts\/59954\/revisions"}],"wp:attachment":[{"href":"https:\/\/www.deberes.net\/tesis\/wp-json\/wp\/v2\/media?parent=59954"}],"wp:term":[{"taxonomy":"category","embeddable":true,"href":"https:\/\/www.deberes.net\/tesis\/wp-json\/wp\/v2\/categories?post=59954"},{"taxonomy":"post_tag","embeddable":true,"href":"https:\/\/www.deberes.net\/tesis\/wp-json\/wp\/v2\/tags?post=59954"}],"curies":[{"name":"wp","href":"https:\/\/api.w.org\/{rel}","templated":true}]}}