{"id":59963,"date":"2018-03-09T22:47:46","date_gmt":"2018-03-09T22:47:46","guid":{"rendered":"https:\/\/www.deberes.net\/tesis\/sin-categoria\/el-gesto-de-senalar-no-comunicativo-una-analoga%c2%ada-con-el-habla-privada\/"},"modified":"2018-03-09T22:47:46","modified_gmt":"2018-03-09T22:47:46","slug":"el-gesto-de-senalar-no-comunicativo-una-analoga%c2%ada-con-el-habla-privada","status":"publish","type":"post","link":"https:\/\/www.deberes.net\/tesis\/psicologia\/el-gesto-de-senalar-no-comunicativo-una-analoga%c2%ada-con-el-habla-privada\/","title":{"rendered":"El gesto de se\u00f1alar no comunicativo: una analogia con el habla privada"},"content":{"rendered":"<h2>Tesis doctoral de <strong> Bego\u00f1a Delgado Egido <\/strong><\/h2>\n<p>El gesto de se\u00f1alar ha recibido mucha atenci\u00f3n por parte de investigadores interesados en el desarrollo comunicativo y ling\u00ed\u00bc\u00edstico. Si bien, desde los a\u00f1os setenta algunos autores han venido destacando que los beb\u00e9s tambi\u00e9n pueden se\u00f1alar por motivos comunicativos. En concreto, la ausencia de una mirada al interlocutor se ha convertido en el principal soporte de esta hip\u00f3tesis (bates, camaioni y volterra, 1976; goodhart y baron-cohen 1993; masur 1980, 1983). Sin embargo, los ejemplos de gestos de se\u00f1alar sin mirada al otro se han observado siempre en contextos sociales, por lo que podr\u00eda argumentarse que el beb\u00e9 tal vez da por garantizada la atenci\u00f3n de su interlocutor (murphy, 1978; leung y rehingold, 1981).  para resolver este problema metodol\u00f3gico, y esclarecer las preguntas sobre la existencia de gestos de se\u00f1alar no comunicativos, observamos el comportamiento solitario de 16 ni\u00f1os en su segundo a\u00f1o de vida. Dicha observaci\u00f3n mostr\u00f3 que, incluso cuando se reduce al m\u00ednimo la posibilidad de sentirse atendidos, los ni\u00f1os se\u00f1alan obviando la atenci\u00f3n de los adultos y violando m\u00faltiples indicadores de intenci\u00f3n comunicativa. M\u00e1s a\u00fan, algunos ni\u00f1os se\u00f1alaron incluso en una situaci\u00f3n de completa soledad (delgado, g\u00f3mez y sarri\u00e1, 1999a,b).  basados en nuestras observaciones propusimos que el gesto de se\u00f1alar podr\u00eda evolucionar al amparo de metas privadas y no s\u00f3lo de objetivos interactivos. As\u00ed, al igual que el lenguaje, el gesto de se\u00f1alar podr\u00eda desempe\u00f1ar una doble funci\u00f3n: comunicativa y privada (delgado y cols. 1999a\/b, 2002a). Con esta hip\u00f3tesis, nos distanciamos de la creencia, m\u00e1s o menos impl\u00edcita, que entend\u00eda el gesto de se\u00f1alar no comunicativo como un precursor del gesto de se\u00f1alar comunicativo y protot\u00edpico.  con el objetivo de saber s\u00ed el gesto de se\u00f1alar no comunicativo era una expresi\u00f3n inmadura o imperfecta del gesto de se\u00f1alar si se trataba de un gesto con funciones propias, realizamos dos estud<\/p>\n<p>&nbsp;<\/p>\n<h3>Datos acad\u00e9micos de la tesis doctoral \u00ab<strong>El gesto de se\u00f1alar no comunicativo: una analogia con el habla privada<\/strong>\u00ab<\/h3>\n<ul>\n<li><strong>T\u00edtulo de la tesis:<\/strong>\u00a0 El gesto de se\u00f1alar no comunicativo: una analogia con el habla privada <\/li>\n<li><strong>Autor:<\/strong>\u00a0 Bego\u00f1a Delgado Egido <\/li>\n<li><strong>Universidad:<\/strong>\u00a0 Nacional de educaci\u00f3n a distancia<\/li>\n<li><strong>Fecha de lectura de la tesis:<\/strong>\u00a0 13\/07\/2007<\/li>\n<\/ul>\n<p>&nbsp;<\/p>\n<h3>Direcci\u00f3n y tribunal<\/h3>\n<ul>\n<li><strong>Director de la tesis<\/strong>\n<ul>\n<li> G\u00f3mez Crespo Juan  Carlos<\/li>\n<\/ul>\n<\/li>\n<li><strong>Tribunal<\/strong>\n<ul>\n<li>Presidente del tribunal: Juan  Antonio Garcia Madruga <\/li>\n<li>Mar\u00eda N\u00fa\u00f1ez Bernardos (vocal)<\/li>\n<li>\u00e1ngel Villarino Vivas (vocal)<\/li>\n<li>Ignacio Montero Garcia Celay (vocal)<\/li>\n<\/ul>\n<\/li>\n<\/ul>\n<p>&nbsp;<\/p>\n","protected":false},"excerpt":{"rendered":"<p>Tesis doctoral de Bego\u00f1a Delgado Egido El gesto de se\u00f1alar ha recibido mucha atenci\u00f3n por parte de investigadores interesados en [&hellip;]<\/p>\n","protected":false},"author":1,"featured_media":0,"comment_status":"open","ping_status":"open","sticky":false,"template":"","format":"standard","meta":{"site-sidebar-layout":"default","site-content-layout":"","ast-site-content-layout":"","site-content-style":"default","site-sidebar-style":"default","ast-global-header-display":"","ast-banner-title-visibility":"","ast-main-header-display":"","ast-hfb-above-header-display":"","ast-hfb-below-header-display":"","ast-hfb-mobile-header-display":"","site-post-title":"","ast-breadcrumbs-content":"","ast-featured-img":"","footer-sml-layout":"","theme-transparent-header-meta":"","adv-header-id-meta":"","stick-header-meta":"","header-above-stick-meta":"","header-main-stick-meta":"","header-below-stick-meta":"","astra-migrate-meta-layouts":"default","ast-page-background-enabled":"default","ast-page-background-meta":{"desktop":{"background-color":"var(--ast-global-color-4)","background-image":"","background-repeat":"repeat","background-position":"center center","background-size":"auto","background-attachment":"scroll","background-type":"","background-media":"","overlay-type":"","overlay-color":"","overlay-gradient":""},"tablet":{"background-color":"","background-image":"","background-repeat":"repeat","background-position":"center center","background-size":"auto","background-attachment":"scroll","background-type":"","background-media":"","overlay-type":"","overlay-color":"","overlay-gradient":""},"mobile":{"background-color":"","background-image":"","background-repeat":"repeat","background-position":"center center","background-size":"auto","background-attachment":"scroll","background-type":"","background-media":"","overlay-type":"","overlay-color":"","overlay-gradient":""}},"ast-content-background-meta":{"desktop":{"background-color":"var(--ast-global-color-5)","background-image":"","background-repeat":"repeat","background-position":"center center","background-size":"auto","background-attachment":"scroll","background-type":"","background-media":"","overlay-type":"","overlay-color":"","overlay-gradient":""},"tablet":{"background-color":"var(--ast-global-color-5)","background-image":"","background-repeat":"repeat","background-position":"center center","background-size":"auto","background-attachment":"scroll","background-type":"","background-media":"","overlay-type":"","overlay-color":"","overlay-gradient":""},"mobile":{"background-color":"var(--ast-global-color-5)","background-image":"","background-repeat":"repeat","background-position":"center center","background-size":"auto","background-attachment":"scroll","background-type":"","background-media":"","overlay-type":"","overlay-color":"","overlay-gradient":""}},"footnotes":""},"categories":[17070,13633,324,2758],"tags":[31649,132425,132426,54232,9332,77754],"class_list":["post-59963","post","type-post","status-publish","format-standard","hentry","category-nacional-de-educacion-a-distancia","category-procesos-de-la-memoria","category-psicologia","category-psicologia-evolutiva","tag-angel-villarino-vivas","tag-begona-delgado-egido","tag-gomez-crespo-juan-carlos","tag-ignacio-montero-garcia-celay","tag-juan-antonio-garcia-madruga","tag-maria-nunez-bernardos"],"_links":{"self":[{"href":"https:\/\/www.deberes.net\/tesis\/wp-json\/wp\/v2\/posts\/59963","targetHints":{"allow":["GET"]}}],"collection":[{"href":"https:\/\/www.deberes.net\/tesis\/wp-json\/wp\/v2\/posts"}],"about":[{"href":"https:\/\/www.deberes.net\/tesis\/wp-json\/wp\/v2\/types\/post"}],"author":[{"embeddable":true,"href":"https:\/\/www.deberes.net\/tesis\/wp-json\/wp\/v2\/users\/1"}],"replies":[{"embeddable":true,"href":"https:\/\/www.deberes.net\/tesis\/wp-json\/wp\/v2\/comments?post=59963"}],"version-history":[{"count":0,"href":"https:\/\/www.deberes.net\/tesis\/wp-json\/wp\/v2\/posts\/59963\/revisions"}],"wp:attachment":[{"href":"https:\/\/www.deberes.net\/tesis\/wp-json\/wp\/v2\/media?parent=59963"}],"wp:term":[{"taxonomy":"category","embeddable":true,"href":"https:\/\/www.deberes.net\/tesis\/wp-json\/wp\/v2\/categories?post=59963"},{"taxonomy":"post_tag","embeddable":true,"href":"https:\/\/www.deberes.net\/tesis\/wp-json\/wp\/v2\/tags?post=59963"}],"curies":[{"name":"wp","href":"https:\/\/api.w.org\/{rel}","templated":true}]}}