{"id":59964,"date":"2018-03-09T22:47:49","date_gmt":"2018-03-09T22:47:49","guid":{"rendered":"https:\/\/www.deberes.net\/tesis\/sin-categoria\/anorexia-nerviosa-embodiment-y-subjetividad\/"},"modified":"2018-03-09T22:47:49","modified_gmt":"2018-03-09T22:47:49","slug":"anorexia-nerviosa-embodiment-y-subjetividad","status":"publish","type":"post","link":"https:\/\/www.deberes.net\/tesis\/sin-categoria\/anorexia-nerviosa-embodiment-y-subjetividad\/","title":{"rendered":"Anorexia nerviosa. embodiment y subjetividad"},"content":{"rendered":"<h2>Tesis doctoral de <strong>  S\u00e1nchez Hern\u00e1ndez Mar\u00eda Jes\u00fas <\/strong><\/h2>\n<p>L tema de la investigaci\u00f3n para la realizaci\u00f3n de la tesis doctoral titulada \u00abanorexia nerviosa, embodiment y subjetividad\u00bb tuvo como objeto de estudio el an\u00e1lisis del proceso de restricci\u00f3n que condujo a los pacientes al ingreso hospitalario, as\u00ed como el an\u00e1lisis del proceso terap\u00e9utico desarrollado en la unidad psiqui\u00e1trica. El trabajo de campo realizado a lo largo de once meses incluy\u00f3 observaci\u00f3n directa en el contexto de la unidad as\u00ed como en el \u00e1mbito dom\u00e9stico. Se realizaron entrevistas en profundidad a los pacientes y a sus familiares y se elabor\u00f3 un amplio registro en forma de diario sobre las intervenciones de los cl\u00ednicos de la unidad. La propuesta inicial de esta investigaci\u00f3n fue la de llevar a cabo una rotura epistemol\u00f3gica con respecto a la construcci\u00f3n sociocultural del trastorno para plantear un an\u00e1lisis del proceso de salud\/enfermedad\/atenci\u00f3n en relaci\u00f3n al modelo m\u00e9dico asistencial que se dirige a intervenir sobre dicho padecimiento. As\u00ed mismo el objetivo final fue analizar el proceso transaccional que se desarrolla a lo largo del proceso terap\u00e9utico y en virtud del cual podemos hablar del desarrollo de un proceso que fomenta la generaci\u00f3n de una subjetividad como anor\u00e9xico\/a<\/p>\n<p>&nbsp;<\/p>\n<h3>Datos acad\u00e9micos de la tesis doctoral \u00ab<strong>Anorexia nerviosa. embodiment y subjetividad<\/strong>\u00ab<\/h3>\n<ul>\n<li><strong>T\u00edtulo de la tesis:<\/strong>\u00a0 Anorexia nerviosa. embodiment y subjetividad <\/li>\n<li><strong>Autor:<\/strong>\u00a0  S\u00e1nchez Hern\u00e1ndez Mar\u00eda Jes\u00fas <\/li>\n<li><strong>Universidad:<\/strong>\u00a0 Complutense de Madrid<\/li>\n<li><strong>Fecha de lectura de la tesis:<\/strong>\u00a0 13\/07\/2007<\/li>\n<\/ul>\n<p>&nbsp;<\/p>\n<h3>Direcci\u00f3n y tribunal<\/h3>\n<ul>\n<li><strong>Director de la tesis<\/strong>\n<ul>\n<li>Rosario Otegui Pascual<\/li>\n<\/ul>\n<\/li>\n<li><strong>Tribunal<\/strong>\n<ul>\n<li>Presidente del tribunal:  Garc\u00eda Garc\u00eda Jos\u00e9 L. <\/li>\n<li> Gracia Arn\u00e1iz Mar\u00eda Isabel (vocal)<\/li>\n<li> Garc\u00eda Selgas Fernando Jos\u00e9 (vocal)<\/li>\n<li> Esteban Galarza Mar\u00eda Luz (vocal)<\/li>\n<\/ul>\n<\/li>\n<\/ul>\n<p>&nbsp;<\/p>\n","protected":false},"excerpt":{"rendered":"<p>Tesis doctoral de S\u00e1nchez Hern\u00e1ndez Mar\u00eda Jes\u00fas L tema de la investigaci\u00f3n para la realizaci\u00f3n de la tesis doctoral titulada [&hellip;]<\/p>\n","protected":false},"author":1,"featured_media":0,"comment_status":"open","ping_status":"open","sticky":false,"template":"","format":"standard","meta":{"site-sidebar-layout":"default","site-content-layout":"","ast-site-content-layout":"","site-content-style":"default","site-sidebar-style":"default","ast-global-header-display":"","ast-banner-title-visibility":"","ast-main-header-display":"","ast-hfb-above-header-display":"","ast-hfb-below-header-display":"","ast-hfb-mobile-header-display":"","site-post-title":"","ast-breadcrumbs-content":"","ast-featured-img":"","footer-sml-layout":"","theme-transparent-header-meta":"","adv-header-id-meta":"","stick-header-meta":"","header-above-stick-meta":"","header-main-stick-meta":"","header-below-stick-meta":"","astra-migrate-meta-layouts":"default","ast-page-background-enabled":"default","ast-page-background-meta":{"desktop":{"background-color":"var(--ast-global-color-4)","background-image":"","background-repeat":"repeat","background-position":"center center","background-size":"auto","background-attachment":"scroll","background-type":"","background-media":"","overlay-type":"","overlay-color":"","overlay-gradient":""},"tablet":{"background-color":"","background-image":"","background-repeat":"repeat","background-position":"center center","background-size":"auto","background-attachment":"scroll","background-type":"","background-media":"","overlay-type":"","overlay-color":"","overlay-gradient":""},"mobile":{"background-color":"","background-image":"","background-repeat":"repeat","background-position":"center center","background-size":"auto","background-attachment":"scroll","background-type":"","background-media":"","overlay-type":"","overlay-color":"","overlay-gradient":""}},"ast-content-background-meta":{"desktop":{"background-color":"var(--ast-global-color-5)","background-image":"","background-repeat":"repeat","background-position":"center center","background-size":"auto","background-attachment":"scroll","background-type":"","background-media":"","overlay-type":"","overlay-color":"","overlay-gradient":""},"tablet":{"background-color":"var(--ast-global-color-5)","background-image":"","background-repeat":"repeat","background-position":"center center","background-size":"auto","background-attachment":"scroll","background-type":"","background-media":"","overlay-type":"","overlay-color":"","overlay-gradient":""},"mobile":{"background-color":"var(--ast-global-color-5)","background-image":"","background-repeat":"repeat","background-position":"center center","background-size":"auto","background-attachment":"scroll","background-type":"","background-media":"","overlay-type":"","overlay-color":"","overlay-gradient":""}},"footnotes":""},"categories":[1],"tags":[132430,114407,132429,132428,33736,132427],"class_list":["post-59964","post","type-post","status-publish","format-standard","hentry","category-sin-categoria","tag-esteban-galarza-maria-luz","tag-garcia-garcia-jose-l","tag-garcia-selgas-fernando-jose","tag-gracia-arnaiz-maria-isabel","tag-rosario-otegui-pascual","tag-sanchez-hernandez-maria-jesus"],"_links":{"self":[{"href":"https:\/\/www.deberes.net\/tesis\/wp-json\/wp\/v2\/posts\/59964","targetHints":{"allow":["GET"]}}],"collection":[{"href":"https:\/\/www.deberes.net\/tesis\/wp-json\/wp\/v2\/posts"}],"about":[{"href":"https:\/\/www.deberes.net\/tesis\/wp-json\/wp\/v2\/types\/post"}],"author":[{"embeddable":true,"href":"https:\/\/www.deberes.net\/tesis\/wp-json\/wp\/v2\/users\/1"}],"replies":[{"embeddable":true,"href":"https:\/\/www.deberes.net\/tesis\/wp-json\/wp\/v2\/comments?post=59964"}],"version-history":[{"count":0,"href":"https:\/\/www.deberes.net\/tesis\/wp-json\/wp\/v2\/posts\/59964\/revisions"}],"wp:attachment":[{"href":"https:\/\/www.deberes.net\/tesis\/wp-json\/wp\/v2\/media?parent=59964"}],"wp:term":[{"taxonomy":"category","embeddable":true,"href":"https:\/\/www.deberes.net\/tesis\/wp-json\/wp\/v2\/categories?post=59964"},{"taxonomy":"post_tag","embeddable":true,"href":"https:\/\/www.deberes.net\/tesis\/wp-json\/wp\/v2\/tags?post=59964"}],"curies":[{"name":"wp","href":"https:\/\/api.w.org\/{rel}","templated":true}]}}