{"id":60018,"date":"2018-03-09T22:47:49","date_gmt":"2018-03-09T22:47:49","guid":{"rendered":"https:\/\/www.deberes.net\/tesis\/sin-categoria\/ciudad-territorio-y-arquitectura-de-la-industria-del-calzado-en-elda-1895-1980\/"},"modified":"2018-03-09T22:47:49","modified_gmt":"2018-03-09T22:47:49","slug":"ciudad-territorio-y-arquitectura-de-la-industria-del-calzado-en-elda-1895-1980","status":"publish","type":"post","link":"https:\/\/www.deberes.net\/tesis\/arquitectura\/ciudad-territorio-y-arquitectura-de-la-industria-del-calzado-en-elda-1895-1980\/","title":{"rendered":"Ciudad, territorio y arquitectura de la industria del calzado en elda, 1895-1980"},"content":{"rendered":"<h2>Tesis doctoral de <strong> Luis Fernando Campano Azorin <\/strong><\/h2>\n<p>Este trabajo plantea como hip\u00f3tesis principal la capacidad de la funci\u00f3n, industria del calzado, para generar una arquitectura y una forma urbana. Para ello analiza un caso concreto, el caso de esta actividad en la ciudad de elda. La demostraci\u00f3n de esta premisa se plantea a trav\u00e9s de una mirada reflexiva sobre las transformaciones de los espacios de la industria y de las vinculaciones de estos con el resto de las funciones urbanas (viviendas, cultura, ocio, deporte, etc.) A lo largo del periodo 1895-1980. Esta delimitaci\u00f3n se justifica seguidamente, 1985: a\u00f1o de la construcci\u00f3n de la primera f\u00e1brica en elda, 1980: a\u00f1o en que se institucionaliza la expulsi\u00f3n de la actividad industrial de la ciudad con la planificaci\u00f3n del pol\u00edgono industrial campo alto, el descubrimiento de las circunstancias paisaj\u00edsticas de la industria del calzado, desvelan e identifican un periodo en el que la industria del calzado, mediante una determinada tipolog\u00eda constructiva, dan a pie a un modelo de ciudad de gran variedad, riqueza y respeto al entorno natural, respecto a las propuestas que surgir\u00e1n a partir delos a\u00f1os de 1950 en las que las f\u00e1bricas se insertan en un espacio urbano concebido con otra l\u00f3gica. Esta tipolog\u00eda constructiva, adem\u00e1s, enlaza con otras tipolog\u00edas industriales de los valles del vinalop\u00f3, colaborando, en este sentido, a la unidad de este territorio. A partir de este an\u00e1lisis sobre los paisajes industriales eldenses, se concluye con la introducci\u00f3n de la variable cultural en el proceso de planificaci\u00f3n urbana de elda en dos sentidos:     1,- elaboraci\u00f3n de un cat\u00e1logo de bienes inmuebles de car\u00e1cter industrial.     2,- propuesta para intervenci\u00f3n urbana en el barrio de el progreso de elda.     el estudio del paisaje aporta nuevas soluciones a las tradicionales t\u00e9cnicas de zonificaci\u00f3n para la planificaci\u00f3n de la ciudad y abre nuevos horizontes a las experimentaci\u00f3n como: la recuperaci\u00f3n de los espacios industriales obsoletos,<\/p>\n<p>&nbsp;<\/p>\n<h3>Datos acad\u00e9micos de la tesis doctoral \u00ab<strong>Ciudad, territorio y arquitectura de la industria del calzado en elda, 1895-1980<\/strong>\u00ab<\/h3>\n<ul>\n<li><strong>T\u00edtulo de la tesis:<\/strong>\u00a0 Ciudad, territorio y arquitectura de la industria del calzado en elda, 1895-1980 <\/li>\n<li><strong>Autor:<\/strong>\u00a0 Luis Fernando Campano Azorin <\/li>\n<li><strong>Universidad:<\/strong>\u00a0 Alicante<\/li>\n<li><strong>Fecha de lectura de la tesis:<\/strong>\u00a0 17\/07\/2007<\/li>\n<\/ul>\n<p>&nbsp;<\/p>\n<h3>Direcci\u00f3n y tribunal<\/h3>\n<ul>\n<li><strong>Director de la tesis<\/strong>\n<ul>\n<li> Navarro Vera Jos\u00e9 Ram\u00f3n<\/li>\n<\/ul>\n<\/li>\n<li><strong>Tribunal<\/strong>\n<ul>\n<li>Presidente del tribunal: vicente Gonz\u00e1lvez p\u00e9rez <\/li>\n<li> Blasco s\u00e1nchez Mar\u00eda  del carmen (vocal)<\/li>\n<li>Jos\u00e9 Luis Oy\u00f3n ba\u00f1ales (vocal)<\/li>\n<li>Jos\u00e9 Luis G\u00f3mez ord\u00f3\u00f1ez (vocal)<\/li>\n<\/ul>\n<\/li>\n<\/ul>\n<p>&nbsp;<\/p>\n","protected":false},"excerpt":{"rendered":"<p>Tesis doctoral de Luis Fernando Campano Azorin Este trabajo plantea como hip\u00f3tesis principal la capacidad de la funci\u00f3n, industria del [&hellip;]<\/p>\n","protected":false},"author":1,"featured_media":0,"comment_status":"open","ping_status":"open","sticky":false,"template":"","format":"standard","meta":{"site-sidebar-layout":"default","site-content-layout":"","ast-site-content-layout":"","site-content-style":"default","site-sidebar-style":"default","ast-global-header-display":"","ast-banner-title-visibility":"","ast-main-header-display":"","ast-hfb-above-header-display":"","ast-hfb-below-header-display":"","ast-hfb-mobile-header-display":"","site-post-title":"","ast-breadcrumbs-content":"","ast-featured-img":"","footer-sml-layout":"","theme-transparent-header-meta":"","adv-header-id-meta":"","stick-header-meta":"","header-above-stick-meta":"","header-main-stick-meta":"","header-below-stick-meta":"","astra-migrate-meta-layouts":"default","ast-page-background-enabled":"default","ast-page-background-meta":{"desktop":{"background-color":"var(--ast-global-color-4)","background-image":"","background-repeat":"repeat","background-position":"center center","background-size":"auto","background-attachment":"scroll","background-type":"","background-media":"","overlay-type":"","overlay-color":"","overlay-gradient":""},"tablet":{"background-color":"","background-image":"","background-repeat":"repeat","background-position":"center center","background-size":"auto","background-attachment":"scroll","background-type":"","background-media":"","overlay-type":"","overlay-color":"","overlay-gradient":""},"mobile":{"background-color":"","background-image":"","background-repeat":"repeat","background-position":"center center","background-size":"auto","background-attachment":"scroll","background-type":"","background-media":"","overlay-type":"","overlay-color":"","overlay-gradient":""}},"ast-content-background-meta":{"desktop":{"background-color":"var(--ast-global-color-5)","background-image":"","background-repeat":"repeat","background-position":"center center","background-size":"auto","background-attachment":"scroll","background-type":"","background-media":"","overlay-type":"","overlay-color":"","overlay-gradient":""},"tablet":{"background-color":"var(--ast-global-color-5)","background-image":"","background-repeat":"repeat","background-position":"center center","background-size":"auto","background-attachment":"scroll","background-type":"","background-media":"","overlay-type":"","overlay-color":"","overlay-gradient":""},"mobile":{"background-color":"var(--ast-global-color-5)","background-image":"","background-repeat":"repeat","background-position":"center center","background-size":"auto","background-attachment":"scroll","background-type":"","background-media":"","overlay-type":"","overlay-color":"","overlay-gradient":""}},"footnotes":""},"categories":[19166,4509,16127],"tags":[132545,41540,21726,132544,75682,69885],"class_list":["post-60018","post","type-post","status-publish","format-standard","hentry","category-alicante","category-arquitectura","category-geografia-historica","tag-blasco-sanchez-maria-del-carmen","tag-jose-luis-gomez-ordonez","tag-jose-luis-oyon-banales","tag-luis-fernando-campano-azorin","tag-navarro-vera-jose-ramon","tag-vicente-gonzalvez-perez"],"_links":{"self":[{"href":"https:\/\/www.deberes.net\/tesis\/wp-json\/wp\/v2\/posts\/60018","targetHints":{"allow":["GET"]}}],"collection":[{"href":"https:\/\/www.deberes.net\/tesis\/wp-json\/wp\/v2\/posts"}],"about":[{"href":"https:\/\/www.deberes.net\/tesis\/wp-json\/wp\/v2\/types\/post"}],"author":[{"embeddable":true,"href":"https:\/\/www.deberes.net\/tesis\/wp-json\/wp\/v2\/users\/1"}],"replies":[{"embeddable":true,"href":"https:\/\/www.deberes.net\/tesis\/wp-json\/wp\/v2\/comments?post=60018"}],"version-history":[{"count":0,"href":"https:\/\/www.deberes.net\/tesis\/wp-json\/wp\/v2\/posts\/60018\/revisions"}],"wp:attachment":[{"href":"https:\/\/www.deberes.net\/tesis\/wp-json\/wp\/v2\/media?parent=60018"}],"wp:term":[{"taxonomy":"category","embeddable":true,"href":"https:\/\/www.deberes.net\/tesis\/wp-json\/wp\/v2\/categories?post=60018"},{"taxonomy":"post_tag","embeddable":true,"href":"https:\/\/www.deberes.net\/tesis\/wp-json\/wp\/v2\/tags?post=60018"}],"curies":[{"name":"wp","href":"https:\/\/api.w.org\/{rel}","templated":true}]}}