{"id":60032,"date":"2018-03-09T22:47:53","date_gmt":"2018-03-09T22:47:53","guid":{"rendered":"https:\/\/www.deberes.net\/tesis\/sin-categoria\/gestion-organizativa-en-el-proceso-edificatorio-regulacion-de-la-interventoria-de-proyectos-en-colombia\/"},"modified":"2018-03-09T22:47:53","modified_gmt":"2018-03-09T22:47:53","slug":"gestion-organizativa-en-el-proceso-edificatorio-regulacion-de-la-interventoria-de-proyectos-en-colombia","status":"publish","type":"post","link":"https:\/\/www.deberes.net\/tesis\/diseno-arquitectonico\/gestion-organizativa-en-el-proceso-edificatorio-regulacion-de-la-interventoria-de-proyectos-en-colombia\/","title":{"rendered":"Gesti\u00f3n organizativa en el proceso edificatorio: regulaci\u00f3n de la interventor\u00eda de proyectos en colombia"},"content":{"rendered":"<h2>Tesis doctoral de <strong>  S\u00e1nchez Henao Julio C\u00e9sar <\/strong><\/h2>\n<p>\u00ab\u00bbgesti\u00f3n organizativa en el proceso edificatorio: regulaci\u00f3n de la interventor\u00eda de proyectos en colombia\u00bb\u00bb resumen una labor importante en colombia, con respecto a la gesti\u00f3n organizativa en el proceso edificatorio, es la labor de la interventor\u00eda, que tiene que ver no s\u00f3lo con las obras, sino en general con los proyectos y que se ha venido ejerciendo desde hace m\u00e1s de 50 a\u00f1os, tanto para las obras p\u00fablicas como las obras privadas, no importando si se trata de obra edilicia o civil. siendo la interventor\u00eda una actividad de gran importancia en colombia, no existe actualmente una reglamentaci\u00f3n clara y precisa que aborde en realidad sobre todos los aspectos fundamentales que tiene que ver con esta labor, aunque en algunas leyes y decretos se habla de interventor\u00eda y en forma incipiente tratan de establecer peque\u00f1os par\u00e1metros. con base en el estudio previo sobre la interventor\u00eda, a trav\u00e9s del marco te\u00f3rico conceptual, complementado con un trabajo de campo y exploraci\u00f3n,, se logr\u00f3 establecer, no s\u00f3lo la importancia de ella dentro del proceso edificatorio, sino tambi\u00e9n la necesidad de tener en colombia una adecuada regulaci\u00f3n de la actividad, que pueda involucrar todo lo referente a esta labor. la interventor\u00eda es un servicio profesional prestado por una persona natural (f\u00edsica) o jur\u00eddica, que en representaci\u00f3n del propietario, ejerce funciones de vigilancia y control, tendientes a garantizar que la obra y\/o el proyecto, dependiendo de la modalidad de contrataci\u00f3n, se realice de acuerdo a los planos, las especificaciones, los costos y los plazos pre-establecidos dentro de los criterios de cumplimiento, calidad  y econom\u00eda. en los procesos edificatorios y de obra civil en colombia, el interventor ha sido y es una figura importante dentro de ellos,  y es por eso que el estudio sobre esta labor es fundamental, pues como lo define la ley 400 de 1997: \u00ab\u00bbel interventor, es el profesional que representa al propietario durante la construcci\u00f3n<\/p>\n<p>&nbsp;<\/p>\n<h3>Datos acad\u00e9micos de la tesis doctoral \u00ab<strong>Gesti\u00f3n organizativa en el proceso edificatorio: regulaci\u00f3n de la interventor\u00eda de proyectos en colombia<\/strong>\u00ab<\/h3>\n<ul>\n<li><strong>T\u00edtulo de la tesis:<\/strong>\u00a0 Gesti\u00f3n organizativa en el proceso edificatorio: regulaci\u00f3n de la interventor\u00eda de proyectos en colombia <\/li>\n<li><strong>Autor:<\/strong>\u00a0  S\u00e1nchez Henao Julio C\u00e9sar <\/li>\n<li><strong>Universidad:<\/strong>\u00a0 Polit\u00e9cnica de Madrid<\/li>\n<li><strong>Fecha de lectura de la tesis:<\/strong>\u00a0 17\/07\/2007<\/li>\n<\/ul>\n<p>&nbsp;<\/p>\n<h3>Direcci\u00f3n y tribunal<\/h3>\n<ul>\n<li><strong>Director de la tesis<\/strong>\n<ul>\n<li>Antonio  Eduardo Humero Martin<\/li>\n<\/ul>\n<\/li>\n<li><strong>Tribunal<\/strong>\n<ul>\n<li>Presidente del tribunal: federico Garc\u00eda erviti <\/li>\n<li>Juan  ram\u00f3n Fern\u00e1ndez torres (vocal)<\/li>\n<li>ignacio Garc\u00eda casas (vocal)<\/li>\n<li>isabel Sierra p\u00e9rez (vocal)<\/li>\n<\/ul>\n<\/li>\n<\/ul>\n<p>&nbsp;<\/p>\n","protected":false},"excerpt":{"rendered":"<p>Tesis doctoral de S\u00e1nchez Henao Julio C\u00e9sar \u00ab\u00bbgesti\u00f3n organizativa en el proceso edificatorio: regulaci\u00f3n de la interventor\u00eda de proyectos en [&hellip;]<\/p>\n","protected":false},"author":1,"featured_media":0,"comment_status":"open","ping_status":"open","sticky":false,"template":"","format":"standard","meta":{"site-sidebar-layout":"default","site-content-layout":"","ast-site-content-layout":"","site-content-style":"default","site-sidebar-style":"default","ast-global-header-display":"","ast-banner-title-visibility":"","ast-main-header-display":"","ast-hfb-above-header-display":"","ast-hfb-below-header-display":"","ast-hfb-mobile-header-display":"","site-post-title":"","ast-breadcrumbs-content":"","ast-featured-img":"","footer-sml-layout":"","theme-transparent-header-meta":"","adv-header-id-meta":"","stick-header-meta":"","header-above-stick-meta":"","header-main-stick-meta":"","header-below-stick-meta":"","astra-migrate-meta-layouts":"default","ast-page-background-enabled":"default","ast-page-background-meta":{"desktop":{"background-color":"var(--ast-global-color-4)","background-image":"","background-repeat":"repeat","background-position":"center center","background-size":"auto","background-attachment":"scroll","background-type":"","background-media":"","overlay-type":"","overlay-color":"","overlay-gradient":""},"tablet":{"background-color":"","background-image":"","background-repeat":"repeat","background-position":"center center","background-size":"auto","background-attachment":"scroll","background-type":"","background-media":"","overlay-type":"","overlay-color":"","overlay-gradient":""},"mobile":{"background-color":"","background-image":"","background-repeat":"repeat","background-position":"center center","background-size":"auto","background-attachment":"scroll","background-type":"","background-media":"","overlay-type":"","overlay-color":"","overlay-gradient":""}},"ast-content-background-meta":{"desktop":{"background-color":"var(--ast-global-color-5)","background-image":"","background-repeat":"repeat","background-position":"center center","background-size":"auto","background-attachment":"scroll","background-type":"","background-media":"","overlay-type":"","overlay-color":"","overlay-gradient":""},"tablet":{"background-color":"var(--ast-global-color-5)","background-image":"","background-repeat":"repeat","background-position":"center center","background-size":"auto","background-attachment":"scroll","background-type":"","background-media":"","overlay-type":"","overlay-color":"","overlay-gradient":""},"mobile":{"background-color":"var(--ast-global-color-5)","background-image":"","background-repeat":"repeat","background-position":"center center","background-size":"auto","background-attachment":"scroll","background-type":"","background-media":"","overlay-type":"","overlay-color":"","overlay-gradient":""}},"footnotes":""},"categories":[12564,16008],"tags":[91158,43612,132575,132576,62570,132574],"class_list":["post-60032","post","type-post","status-publish","format-standard","hentry","category-diseno-arquitectonico","category-politecnica-de-madrid","tag-antonio-eduardo-humero-martin","tag-federico-garcia-erviti","tag-ignacio-garcia-casas","tag-isabel-sierra-perez","tag-juan-ramon-fernandez-torres","tag-sanchez-henao-julio-cesar"],"_links":{"self":[{"href":"https:\/\/www.deberes.net\/tesis\/wp-json\/wp\/v2\/posts\/60032","targetHints":{"allow":["GET"]}}],"collection":[{"href":"https:\/\/www.deberes.net\/tesis\/wp-json\/wp\/v2\/posts"}],"about":[{"href":"https:\/\/www.deberes.net\/tesis\/wp-json\/wp\/v2\/types\/post"}],"author":[{"embeddable":true,"href":"https:\/\/www.deberes.net\/tesis\/wp-json\/wp\/v2\/users\/1"}],"replies":[{"embeddable":true,"href":"https:\/\/www.deberes.net\/tesis\/wp-json\/wp\/v2\/comments?post=60032"}],"version-history":[{"count":0,"href":"https:\/\/www.deberes.net\/tesis\/wp-json\/wp\/v2\/posts\/60032\/revisions"}],"wp:attachment":[{"href":"https:\/\/www.deberes.net\/tesis\/wp-json\/wp\/v2\/media?parent=60032"}],"wp:term":[{"taxonomy":"category","embeddable":true,"href":"https:\/\/www.deberes.net\/tesis\/wp-json\/wp\/v2\/categories?post=60032"},{"taxonomy":"post_tag","embeddable":true,"href":"https:\/\/www.deberes.net\/tesis\/wp-json\/wp\/v2\/tags?post=60032"}],"curies":[{"name":"wp","href":"https:\/\/api.w.org\/{rel}","templated":true}]}}